{"id":7589,"date":"2024-02-08T09:10:00","date_gmt":"2024-02-08T08:10:00","guid":{"rendered":"https:\/\/group.voltalis.com\/?p=7589"},"modified":"2025-09-04T15:02:13","modified_gmt":"2025-09-04T13:02:13","slug":"bilan-positif-thermostat-connecte-agglo-herault-mediterranee","status":"publish","type":"post","link":"https:\/\/group.voltalis.com\/fr\/type-de-contenu\/communiques-de-presse\/bilan-positif-thermostat-connecte-agglo-herault-mediterranee-7589","title":{"rendered":"Transition \u00e9nerg\u00e9tique : un bilan positif du thermostat connect\u00e9 Voltalis dans l\u2019Agglo H\u00e9rault M\u00e9diterran\u00e9e"},"content":{"rendered":"\n<p class=\"has-medium-font-size\"><strong><em>500 foyers sont d\u00e9j\u00e0 \u00e9quip\u00e9s de ce dispositif totalement gratuit<\/em><\/strong><\/p>\n\n\n\n<div style=\"height:24px\" aria-hidden=\"true\" class=\"wp-block-spacer\"><\/div>\n\n\n\n<p><strong>Lors de la conclusion du partenariat avec Voltalis, l&rsquo;Agglo H\u00e9rault M\u00e9diterran\u00e9e s&rsquo;est fix\u00e9 comme objectif de permettre \u00e0 ses habitants, particuliers comme professionnels de mieux contr\u00f4ler leur consommation \u00e9lectrique et de r\u00e9aliser des \u00e9conomies d&rsquo;\u00e9nergie significatives. Apr\u00e8s une ann\u00e9e de d\u00e9ploiement encourageante, l\u2019Agglo r\u00e9it\u00e8re son int\u00e9r\u00eat d\u2019\u00e9quiper ses citoyens d\u2019une telle solution.&nbsp;<\/strong><\/p>\n\n\n\n<p>Depuis janvier 2023, pr\u00e8s de <strong>2 500 radiateurs ont \u00e9t\u00e9 \u00e9quip\u00e9s<\/strong> sur les diff\u00e9rentes communes de l\u2019Agglo H\u00e9rault M\u00e9diterran\u00e9e. Cela correspond \u00e0 une r\u00e9duction des \u00e9missions sur le territoire de <strong>140 TCO2 \u00e9vit\u00e9es, soient 309 MWh \u00e9conomis\u00e9s ou 650 000 km non parcourus en v\u00e9hicules diesel r\u00e9cents<\/strong>.<\/p>\n\n\n\n<p>En soutenant le d\u00e9ploiement du thermostat connect\u00e9 gratuit de Voltalis sur son territoire, l\u2019Agglo H\u00e9rault M\u00e9diterran\u00e9e agit concr\u00e8tement en faveur de la transition \u00e9nerg\u00e9tique de son territoire. En effet, il combine un potentiel d\u2019\u00e9conomies d\u2019\u00e9nergie de 15 % sur la facture et jusqu\u2019\u00e0 70 % de baisse des \u00e9missions de CO<sub>2<\/sub> du logement ou du local professionnel.<\/p>\n\n\n\n<div style=\"height:24px\" aria-hidden=\"true\" class=\"wp-block-spacer\"><\/div>\n\n\n\n<p class=\"has-medium-font-size\"><strong>Qu&rsquo;est-ce que le thermostat connect\u00e9 Voltalis&nbsp;?<\/strong><\/p>\n\n\n<div class=\"wp-block-image\">\n<figure class=\"alignleft size-large is-resized\"><img loading=\"lazy\" decoding=\"async\" width=\"1024\" height=\"683\" src=\"https:\/\/group.voltalis.com\/wp-content\/uploads\/2024\/01\/DSC05488-BD-1024x683.jpg\" alt=\"\" class=\"wp-image-7308\" style=\"width:311px;height:auto\" srcset=\"https:\/\/group.voltalis.com\/wp-content\/uploads\/2024\/01\/DSC05488-BD-1024x683.jpg 1024w, https:\/\/group.voltalis.com\/wp-content\/uploads\/2024\/01\/DSC05488-BD-300x200.jpg 300w, https:\/\/group.voltalis.com\/wp-content\/uploads\/2024\/01\/DSC05488-BD-768x512.jpg 768w, https:\/\/group.voltalis.com\/wp-content\/uploads\/2024\/01\/DSC05488-BD-1536x1024.jpg 1536w, https:\/\/group.voltalis.com\/wp-content\/uploads\/2024\/01\/DSC05488-BD.jpg 1950w\" sizes=\"auto, (max-width: 1024px) 100vw, 1024px\" \/><\/figure>\n<\/div>\n\n\n<p>Pour y parvenir, la soci\u00e9t\u00e9 installe gratuitement un petit bo\u00eetier sur chacun des radiateurs du logement ou du local professionnel.<\/p>\n\n\n\n<p>Ils sont reli\u00e9s \u00e0 un espace personnel en ligne, ce qui permet \u00e0 l\u2019adh\u00e9rent de commander ses radiateurs \u00e0 distance, en d\u00e9finissant une temp\u00e9rature pour chaque pi\u00e8ce et en programmant leur fonctionnement selon ses habitudes. Il a acc\u00e8s au suivi de ses consommations \u00e9lectriques par cat\u00e9gorie (chauffage, eau-chaude, gros \u00e9lectrom\u00e9nager, froid, multim\u00e9dia\u2026) pour lui permettre d\u2019optimiser leur utilisation. L&rsquo;adh\u00e9rent b\u00e9n\u00e9ficie \u00e9galement d\u2019alertes et de conseils pour d\u00e9penser moins et r\u00e9duire simplement son impact.<\/p>\n\n\n\n<p>Parall\u00e8lement, la solution joue un r\u00f4le actif dans la s\u00e9curit\u00e9 de l&rsquo;approvisionnement \u00e9lectrique des Fran\u00e7ais. En effet, lors de pics de demande, en particulier pendant les p\u00e9riodes hivernales, Voltalis peut bri\u00e8vement r\u00e9duire la consommation des appareils connect\u00e9s, sans pour autant impacter le confort des utilisateurs.<\/p>\n\n\n\n<p>Cette solution vertueuse, d\u00e9j\u00e0 d\u00e9ploy\u00e9e dans plus de 200 000 foyers et entreprises en France et en Europe, contribue \u00e0 r\u00e9duire la consommation \u00e9lectrique nationale aux moments opportuns, limitant ainsi le recours \u00e0 des centrales thermiques polluantes fonctionnant au gaz, au fioul ou au charbon. Elle participe \u00e0 la r\u00e9duction des risques de d\u00e9lestages ou de coupures sur le r\u00e9seau.<\/p>\n\n\n\n<div style=\"height:24px\" aria-hidden=\"true\" class=\"wp-block-spacer\"><\/div>\n\n\n\n<p class=\"has-medium-font-size\"><strong>Il est toujours temps d\u2019en<\/strong><strong> <\/strong><strong>b\u00e9n\u00e9ficier&nbsp;!<\/strong><\/p>\n\n\n\n<p>Le d\u00e9ploiement de la solution est toujours en cours. Il est possible de solliciter l\u2019installation de ce dispositif en contactant Voltalis au <strong>05 40 25 69 96<\/strong> ou par mail&nbsp;: <strong>agglohm@voltalis.com.<\/strong> Un rendez-vous est fix\u00e9 dans les 2 semaines avec un technicien Voltalis agr\u00e9\u00e9, il faut compter en moyenne 2h30 pour un logement comptant 5 radiateurs.<\/p>\n\n\n\n<div style=\"height:24px\" aria-hidden=\"true\" class=\"wp-block-spacer\"><\/div>\n\n\n\n<p class=\"has-text-align-center\"><strong>Contacts presse<\/strong><\/p>\n\n\n\n<figure class=\"wp-block-table\"><table><tbody><tr><td><strong>L\u2019Agglo H\u00e9rault M\u00e9diterran\u00e9e <\/strong>: C\u00e9line KLEIN<br>c.klein@agglohm.net<\/td><td><strong>Voltalis<\/strong> : Anne-Laure DAULIER &#8211; Agence Shan<br>voltalis@shan.fr &#8211; 06 28 59 50 38<\/td><\/tr><\/tbody><\/table><\/figure>\n\n\n\n<div class=\"wp-block-buttons is-content-justification-center is-layout-flex wp-container-core-buttons-is-layout-16018d1d wp-block-buttons-is-layout-flex\">\n<div class=\"wp-block-button\"><a class=\"wp-block-button__link has-white-color has-text-color has-background has-link-color has-text-align-center wp-element-button\" href=\"https:\/\/group.voltalis.com\/wp-content\/uploads\/2024\/02\/CP_Relance_Agglo-Herault-Mediterranee_Voltalis.pdf\" style=\"border-radius:5px;background-color:#4dbef7\" target=\"_blank\" rel=\"noreferrer noopener\"><strong>T\u00e9l\u00e9charger le communiqu\u00e9 de presse<\/strong><\/a><\/div>\n<\/div>\n","protected":false},"excerpt":{"rendered":"<p>500 foyers sont d\u00e9j\u00e0 \u00e9quip\u00e9s de ce dispositif totalement gratuit Lors de la conclusion du partenariat avec Voltalis, l&rsquo;Agglo H\u00e9rault M\u00e9diterran\u00e9e s&rsquo;est fix\u00e9 comme objectif de permettre \u00e0 ses habitants, particuliers comme professionnels de mieux contr\u00f4ler leur consommation \u00e9lectrique et de r\u00e9aliser des \u00e9conomies d&rsquo;\u00e9nergie significatives. Apr\u00e8s une ann\u00e9e de d\u00e9ploiement encourageante, l\u2019Agglo r\u00e9it\u00e8re son [&hellip;]<\/p>\n","protected":false},"author":9,"featured_media":0,"comment_status":"closed","ping_status":"closed","sticky":false,"template":"","format":"standard","meta":{"_acf_changed":false,"inline_featured_image":false,"footnotes":""},"categories":[199,3],"tags":[],"class_list":["post-7589","post","type-post","status-publish","format-standard","hentry","category-collectivites","category-communiques-de-presse"],"acf":[],"yoast_head":"<!-- This site is optimized with the Yoast SEO plugin v27.5 - https:\/\/yoast.com\/product\/yoast-seo-wordpress\/ -->\n<title>Transition \u00e9nerg\u00e9tique : un bilan positif du thermostat connect\u00e9 Voltalis dans l\u2019Agglo H\u00e9rault M\u00e9diterran\u00e9e - Groupe Voltalis<\/title>\n<meta name=\"description\" content=\"Lors de la conclusion du partenariat avec Voltalis, l&#039;Agglo H\u00e9rault M\u00e9diterran\u00e9e s&#039;est fix\u00e9 comme objectif de permettre \u00e0 ses habitants de mieux contr\u00f4ler leur consommation \u00e9lectrique. L\u2019Agglo r\u00e9it\u00e8re son int\u00e9r\u00eat d\u2019\u00e9quiper ses citoyens d\u2019une telle solution.\u00a0\" \/>\n<meta name=\"robots\" content=\"index, follow, max-snippet:-1, max-image-preview:large, max-video-preview:-1\" \/>\n<link rel=\"canonical\" href=\"https:\/\/group.voltalis.com\/fr\/type-de-contenu\/communiques-de-presse\/bilan-positif-thermostat-connecte-agglo-herault-mediterranee-7589\" \/>\n<meta property=\"og:locale\" content=\"fr_FR\" \/>\n<meta property=\"og:type\" content=\"article\" \/>\n<meta property=\"og:title\" content=\"Transition \u00e9nerg\u00e9tique : un bilan positif du thermostat connect\u00e9 Voltalis dans l\u2019Agglo H\u00e9rault M\u00e9diterran\u00e9e - Groupe Voltalis\" \/>\n<meta property=\"og:description\" content=\"Lors de la conclusion du partenariat avec Voltalis, l&#039;Agglo H\u00e9rault M\u00e9diterran\u00e9e s&#039;est fix\u00e9 comme objectif de permettre \u00e0 ses habitants de mieux contr\u00f4ler leur consommation \u00e9lectrique. L\u2019Agglo r\u00e9it\u00e8re son int\u00e9r\u00eat d\u2019\u00e9quiper ses citoyens d\u2019une telle solution.\u00a0\" \/>\n<meta property=\"og:url\" content=\"https:\/\/group.voltalis.com\/fr\/type-de-contenu\/communiques-de-presse\/bilan-positif-thermostat-connecte-agglo-herault-mediterranee-7589\" \/>\n<meta property=\"og:site_name\" content=\"Groupe Voltalis\" \/>\n<meta property=\"article:publisher\" content=\"https:\/\/www.facebook.com\/pages\/category\/Product-Service\/Voltalis-178720392179068\/\" \/>\n<meta property=\"article:published_time\" content=\"2024-02-08T08:10:00+00:00\" \/>\n<meta property=\"article:modified_time\" content=\"2025-09-04T13:02:13+00:00\" \/>\n<meta property=\"og:image\" content=\"https:\/\/group.voltalis.com\/wp-content\/uploads\/2024\/01\/DSC05488-BD.jpg\" \/>\n\t<meta property=\"og:image:width\" content=\"1950\" \/>\n\t<meta property=\"og:image:height\" content=\"1300\" \/>\n\t<meta property=\"og:image:type\" content=\"image\/jpeg\" \/>\n<meta name=\"author\" content=\"Emma Corson\" \/>\n<meta name=\"twitter:card\" content=\"summary_large_image\" \/>\n<meta name=\"twitter:label1\" content=\"\u00c9crit par\" \/>\n\t<meta name=\"twitter:data1\" content=\"Emma Corson\" \/>\n\t<meta name=\"twitter:label2\" content=\"Dur\u00e9e de lecture estim\u00e9e\" \/>\n\t<meta name=\"twitter:data2\" content=\"3 minutes\" \/>\n<script type=\"application\/ld+json\" class=\"yoast-schema-graph\">{\"@context\":\"https:\\\/\\\/schema.org\",\"@graph\":[{\"@type\":\"Article\",\"@id\":\"https:\\\/\\\/group.voltalis.com\\\/fr\\\/type-de-contenu\\\/communiques-de-presse\\\/bilan-positif-thermostat-connecte-agglo-herault-mediterranee-7589#article\",\"isPartOf\":{\"@id\":\"https:\\\/\\\/group.voltalis.com\\\/fr\\\/type-de-contenu\\\/communiques-de-presse\\\/bilan-positif-thermostat-connecte-agglo-herault-mediterranee-7589\"},\"author\":{\"name\":\"Emma Corson\",\"@id\":\"https:\\\/\\\/group.voltalis.com\\\/en\\\/#\\\/schema\\\/person\\\/0b72ec21cac86d7e1ad1f55c96e0056e\"},\"headline\":\"Transition \u00e9nerg\u00e9tique : un bilan positif du thermostat connect\u00e9 Voltalis dans l\u2019Agglo H\u00e9rault M\u00e9diterran\u00e9e\",\"datePublished\":\"2024-02-08T08:10:00+00:00\",\"dateModified\":\"2025-09-04T13:02:13+00:00\",\"mainEntityOfPage\":{\"@id\":\"https:\\\/\\\/group.voltalis.com\\\/fr\\\/type-de-contenu\\\/communiques-de-presse\\\/bilan-positif-thermostat-connecte-agglo-herault-mediterranee-7589\"},\"wordCount\":536,\"image\":{\"@id\":\"https:\\\/\\\/group.voltalis.com\\\/fr\\\/type-de-contenu\\\/communiques-de-presse\\\/bilan-positif-thermostat-connecte-agglo-herault-mediterranee-7589#primaryimage\"},\"thumbnailUrl\":\"https:\\\/\\\/group.voltalis.com\\\/wp-content\\\/uploads\\\/2024\\\/01\\\/DSC05488-BD-1024x683.jpg\",\"articleSection\":[\"Collectivit\u00e9s\",\"Communiqu\u00e9s\"],\"inLanguage\":\"fr-FR\"},{\"@type\":\"WebPage\",\"@id\":\"https:\\\/\\\/group.voltalis.com\\\/fr\\\/type-de-contenu\\\/communiques-de-presse\\\/bilan-positif-thermostat-connecte-agglo-herault-mediterranee-7589\",\"url\":\"https:\\\/\\\/group.voltalis.com\\\/fr\\\/type-de-contenu\\\/communiques-de-presse\\\/bilan-positif-thermostat-connecte-agglo-herault-mediterranee-7589\",\"name\":\"Transition \u00e9nerg\u00e9tique : un bilan positif du thermostat connect\u00e9 Voltalis dans l\u2019Agglo H\u00e9rault M\u00e9diterran\u00e9e - Groupe Voltalis\",\"isPartOf\":{\"@id\":\"https:\\\/\\\/group.voltalis.com\\\/en\\\/#website\"},\"primaryImageOfPage\":{\"@id\":\"https:\\\/\\\/group.voltalis.com\\\/fr\\\/type-de-contenu\\\/communiques-de-presse\\\/bilan-positif-thermostat-connecte-agglo-herault-mediterranee-7589#primaryimage\"},\"image\":{\"@id\":\"https:\\\/\\\/group.voltalis.com\\\/fr\\\/type-de-contenu\\\/communiques-de-presse\\\/bilan-positif-thermostat-connecte-agglo-herault-mediterranee-7589#primaryimage\"},\"thumbnailUrl\":\"https:\\\/\\\/group.voltalis.com\\\/wp-content\\\/uploads\\\/2024\\\/01\\\/DSC05488-BD-1024x683.jpg\",\"datePublished\":\"2024-02-08T08:10:00+00:00\",\"dateModified\":\"2025-09-04T13:02:13+00:00\",\"author\":{\"@id\":\"https:\\\/\\\/group.voltalis.com\\\/en\\\/#\\\/schema\\\/person\\\/0b72ec21cac86d7e1ad1f55c96e0056e\"},\"description\":\"Lors de la conclusion du partenariat avec Voltalis, l'Agglo H\u00e9rault M\u00e9diterran\u00e9e s'est fix\u00e9 comme objectif de permettre \u00e0 ses habitants de mieux contr\u00f4ler leur consommation \u00e9lectrique. L\u2019Agglo r\u00e9it\u00e8re son int\u00e9r\u00eat d\u2019\u00e9quiper ses citoyens d\u2019une telle solution.\u00a0\",\"breadcrumb\":{\"@id\":\"https:\\\/\\\/group.voltalis.com\\\/fr\\\/type-de-contenu\\\/communiques-de-presse\\\/bilan-positif-thermostat-connecte-agglo-herault-mediterranee-7589#breadcrumb\"},\"inLanguage\":\"fr-FR\",\"potentialAction\":[{\"@type\":\"ReadAction\",\"target\":[\"https:\\\/\\\/group.voltalis.com\\\/fr\\\/type-de-contenu\\\/communiques-de-presse\\\/bilan-positif-thermostat-connecte-agglo-herault-mediterranee-7589\"]}]},{\"@type\":\"ImageObject\",\"inLanguage\":\"fr-FR\",\"@id\":\"https:\\\/\\\/group.voltalis.com\\\/fr\\\/type-de-contenu\\\/communiques-de-presse\\\/bilan-positif-thermostat-connecte-agglo-herault-mediterranee-7589#primaryimage\",\"url\":\"https:\\\/\\\/group.voltalis.com\\\/wp-content\\\/uploads\\\/2024\\\/01\\\/DSC05488-BD-1024x683.jpg\",\"contentUrl\":\"https:\\\/\\\/group.voltalis.com\\\/wp-content\\\/uploads\\\/2024\\\/01\\\/DSC05488-BD-1024x683.jpg\"},{\"@type\":\"BreadcrumbList\",\"@id\":\"https:\\\/\\\/group.voltalis.com\\\/fr\\\/type-de-contenu\\\/communiques-de-presse\\\/bilan-positif-thermostat-connecte-agglo-herault-mediterranee-7589#breadcrumb\",\"itemListElement\":[{\"@type\":\"ListItem\",\"position\":1,\"name\":\"Home\",\"item\":\"https:\\\/\\\/group.voltalis.com\\\/fr\"},{\"@type\":\"ListItem\",\"position\":2,\"name\":\"Transition \u00e9nerg\u00e9tique : un bilan positif du thermostat connect\u00e9 Voltalis dans l\u2019Agglo H\u00e9rault M\u00e9diterran\u00e9e\"}]},{\"@type\":\"WebSite\",\"@id\":\"https:\\\/\\\/group.voltalis.com\\\/en\\\/#website\",\"url\":\"https:\\\/\\\/group.voltalis.com\\\/en\\\/\",\"name\":\"Groupe Voltalis\",\"description\":\"Bien plus que des \u00e9conomies d&#039;\u00e9nergie\",\"potentialAction\":[{\"@type\":\"SearchAction\",\"target\":{\"@type\":\"EntryPoint\",\"urlTemplate\":\"https:\\\/\\\/group.voltalis.com\\\/en\\\/?s={search_term_string}\"},\"query-input\":{\"@type\":\"PropertyValueSpecification\",\"valueRequired\":true,\"valueName\":\"search_term_string\"}}],\"inLanguage\":\"fr-FR\"},{\"@type\":\"Person\",\"@id\":\"https:\\\/\\\/group.voltalis.com\\\/en\\\/#\\\/schema\\\/person\\\/0b72ec21cac86d7e1ad1f55c96e0056e\",\"name\":\"Emma Corson\",\"image\":{\"@type\":\"ImageObject\",\"inLanguage\":\"fr-FR\",\"@id\":\"https:\\\/\\\/secure.gravatar.com\\\/avatar\\\/c31b10fc9fd80670f3cae550df1692fb6e6f5a3e2941ed270ec82834eeefc649?s=96&d=mm&r=g\",\"url\":\"https:\\\/\\\/secure.gravatar.com\\\/avatar\\\/c31b10fc9fd80670f3cae550df1692fb6e6f5a3e2941ed270ec82834eeefc649?s=96&d=mm&r=g\",\"contentUrl\":\"https:\\\/\\\/secure.gravatar.com\\\/avatar\\\/c31b10fc9fd80670f3cae550df1692fb6e6f5a3e2941ed270ec82834eeefc649?s=96&d=mm&r=g\",\"caption\":\"Emma Corson\"},\"url\":\"https:\\\/\\\/group.voltalis.com\\\/fr\\\/author\\\/emma-corson\"}]}<\/script>\n<!-- \/ Yoast SEO plugin. -->","yoast_head_json":{"title":"Transition \u00e9nerg\u00e9tique : un bilan positif du thermostat connect\u00e9 Voltalis dans l\u2019Agglo H\u00e9rault M\u00e9diterran\u00e9e - Groupe Voltalis","description":"Lors de la conclusion du partenariat avec Voltalis, l'Agglo H\u00e9rault M\u00e9diterran\u00e9e s'est fix\u00e9 comme objectif de permettre \u00e0 ses habitants de mieux contr\u00f4ler leur consommation \u00e9lectrique. L\u2019Agglo r\u00e9it\u00e8re son int\u00e9r\u00eat d\u2019\u00e9quiper ses citoyens d\u2019une telle solution.\u00a0","robots":{"index":"index","follow":"follow","max-snippet":"max-snippet:-1","max-image-preview":"max-image-preview:large","max-video-preview":"max-video-preview:-1"},"canonical":"https:\/\/group.voltalis.com\/fr\/type-de-contenu\/communiques-de-presse\/bilan-positif-thermostat-connecte-agglo-herault-mediterranee-7589","og_locale":"fr_FR","og_type":"article","og_title":"Transition \u00e9nerg\u00e9tique : un bilan positif du thermostat connect\u00e9 Voltalis dans l\u2019Agglo H\u00e9rault M\u00e9diterran\u00e9e - Groupe Voltalis","og_description":"Lors de la conclusion du partenariat avec Voltalis, l'Agglo H\u00e9rault M\u00e9diterran\u00e9e s'est fix\u00e9 comme objectif de permettre \u00e0 ses habitants de mieux contr\u00f4ler leur consommation \u00e9lectrique. L\u2019Agglo r\u00e9it\u00e8re son int\u00e9r\u00eat d\u2019\u00e9quiper ses citoyens d\u2019une telle solution.\u00a0","og_url":"https:\/\/group.voltalis.com\/fr\/type-de-contenu\/communiques-de-presse\/bilan-positif-thermostat-connecte-agglo-herault-mediterranee-7589","og_site_name":"Groupe Voltalis","article_publisher":"https:\/\/www.facebook.com\/pages\/category\/Product-Service\/Voltalis-178720392179068\/","article_published_time":"2024-02-08T08:10:00+00:00","article_modified_time":"2025-09-04T13:02:13+00:00","og_image":[{"width":1950,"height":1300,"url":"https:\/\/group.voltalis.com\/wp-content\/uploads\/2024\/01\/DSC05488-BD.jpg","type":"image\/jpeg"}],"author":"Emma Corson","twitter_card":"summary_large_image","twitter_misc":{"\u00c9crit par":"Emma Corson","Dur\u00e9e de lecture estim\u00e9e":"3 minutes"},"schema":{"@context":"https:\/\/schema.org","@graph":[{"@type":"Article","@id":"https:\/\/group.voltalis.com\/fr\/type-de-contenu\/communiques-de-presse\/bilan-positif-thermostat-connecte-agglo-herault-mediterranee-7589#article","isPartOf":{"@id":"https:\/\/group.voltalis.com\/fr\/type-de-contenu\/communiques-de-presse\/bilan-positif-thermostat-connecte-agglo-herault-mediterranee-7589"},"author":{"name":"Emma Corson","@id":"https:\/\/group.voltalis.com\/en\/#\/schema\/person\/0b72ec21cac86d7e1ad1f55c96e0056e"},"headline":"Transition \u00e9nerg\u00e9tique : un bilan positif du thermostat connect\u00e9 Voltalis dans l\u2019Agglo H\u00e9rault M\u00e9diterran\u00e9e","datePublished":"2024-02-08T08:10:00+00:00","dateModified":"2025-09-04T13:02:13+00:00","mainEntityOfPage":{"@id":"https:\/\/group.voltalis.com\/fr\/type-de-contenu\/communiques-de-presse\/bilan-positif-thermostat-connecte-agglo-herault-mediterranee-7589"},"wordCount":536,"image":{"@id":"https:\/\/group.voltalis.com\/fr\/type-de-contenu\/communiques-de-presse\/bilan-positif-thermostat-connecte-agglo-herault-mediterranee-7589#primaryimage"},"thumbnailUrl":"https:\/\/group.voltalis.com\/wp-content\/uploads\/2024\/01\/DSC05488-BD-1024x683.jpg","articleSection":["Collectivit\u00e9s","Communiqu\u00e9s"],"inLanguage":"fr-FR"},{"@type":"WebPage","@id":"https:\/\/group.voltalis.com\/fr\/type-de-contenu\/communiques-de-presse\/bilan-positif-thermostat-connecte-agglo-herault-mediterranee-7589","url":"https:\/\/group.voltalis.com\/fr\/type-de-contenu\/communiques-de-presse\/bilan-positif-thermostat-connecte-agglo-herault-mediterranee-7589","name":"Transition \u00e9nerg\u00e9tique : un bilan positif du thermostat connect\u00e9 Voltalis dans l\u2019Agglo H\u00e9rault M\u00e9diterran\u00e9e - Groupe Voltalis","isPartOf":{"@id":"https:\/\/group.voltalis.com\/en\/#website"},"primaryImageOfPage":{"@id":"https:\/\/group.voltalis.com\/fr\/type-de-contenu\/communiques-de-presse\/bilan-positif-thermostat-connecte-agglo-herault-mediterranee-7589#primaryimage"},"image":{"@id":"https:\/\/group.voltalis.com\/fr\/type-de-contenu\/communiques-de-presse\/bilan-positif-thermostat-connecte-agglo-herault-mediterranee-7589#primaryimage"},"thumbnailUrl":"https:\/\/group.voltalis.com\/wp-content\/uploads\/2024\/01\/DSC05488-BD-1024x683.jpg","datePublished":"2024-02-08T08:10:00+00:00","dateModified":"2025-09-04T13:02:13+00:00","author":{"@id":"https:\/\/group.voltalis.com\/en\/#\/schema\/person\/0b72ec21cac86d7e1ad1f55c96e0056e"},"description":"Lors de la conclusion du partenariat avec Voltalis, l'Agglo H\u00e9rault M\u00e9diterran\u00e9e s'est fix\u00e9 comme objectif de permettre \u00e0 ses habitants de mieux contr\u00f4ler leur consommation \u00e9lectrique. L\u2019Agglo r\u00e9it\u00e8re son int\u00e9r\u00eat d\u2019\u00e9quiper ses citoyens d\u2019une telle solution.\u00a0","breadcrumb":{"@id":"https:\/\/group.voltalis.com\/fr\/type-de-contenu\/communiques-de-presse\/bilan-positif-thermostat-connecte-agglo-herault-mediterranee-7589#breadcrumb"},"inLanguage":"fr-FR","potentialAction":[{"@type":"ReadAction","target":["https:\/\/group.voltalis.com\/fr\/type-de-contenu\/communiques-de-presse\/bilan-positif-thermostat-connecte-agglo-herault-mediterranee-7589"]}]},{"@type":"ImageObject","inLanguage":"fr-FR","@id":"https:\/\/group.voltalis.com\/fr\/type-de-contenu\/communiques-de-presse\/bilan-positif-thermostat-connecte-agglo-herault-mediterranee-7589#primaryimage","url":"https:\/\/group.voltalis.com\/wp-content\/uploads\/2024\/01\/DSC05488-BD-1024x683.jpg","contentUrl":"https:\/\/group.voltalis.com\/wp-content\/uploads\/2024\/01\/DSC05488-BD-1024x683.jpg"},{"@type":"BreadcrumbList","@id":"https:\/\/group.voltalis.com\/fr\/type-de-contenu\/communiques-de-presse\/bilan-positif-thermostat-connecte-agglo-herault-mediterranee-7589#breadcrumb","itemListElement":[{"@type":"ListItem","position":1,"name":"Home","item":"https:\/\/group.voltalis.com\/fr"},{"@type":"ListItem","position":2,"name":"Transition \u00e9nerg\u00e9tique : un bilan positif du thermostat connect\u00e9 Voltalis dans l\u2019Agglo H\u00e9rault M\u00e9diterran\u00e9e"}]},{"@type":"WebSite","@id":"https:\/\/group.voltalis.com\/en\/#website","url":"https:\/\/group.voltalis.com\/en\/","name":"Groupe Voltalis","description":"Bien plus que des \u00e9conomies d&#039;\u00e9nergie","potentialAction":[{"@type":"SearchAction","target":{"@type":"EntryPoint","urlTemplate":"https:\/\/group.voltalis.com\/en\/?s={search_term_string}"},"query-input":{"@type":"PropertyValueSpecification","valueRequired":true,"valueName":"search_term_string"}}],"inLanguage":"fr-FR"},{"@type":"Person","@id":"https:\/\/group.voltalis.com\/en\/#\/schema\/person\/0b72ec21cac86d7e1ad1f55c96e0056e","name":"Emma Corson","image":{"@type":"ImageObject","inLanguage":"fr-FR","@id":"https:\/\/secure.gravatar.com\/avatar\/c31b10fc9fd80670f3cae550df1692fb6e6f5a3e2941ed270ec82834eeefc649?s=96&d=mm&r=g","url":"https:\/\/secure.gravatar.com\/avatar\/c31b10fc9fd80670f3cae550df1692fb6e6f5a3e2941ed270ec82834eeefc649?s=96&d=mm&r=g","contentUrl":"https:\/\/secure.gravatar.com\/avatar\/c31b10fc9fd80670f3cae550df1692fb6e6f5a3e2941ed270ec82834eeefc649?s=96&d=mm&r=g","caption":"Emma Corson"},"url":"https:\/\/group.voltalis.com\/fr\/author\/emma-corson"}]}},"_links":{"self":[{"href":"https:\/\/group.voltalis.com\/fr\/wp-json\/wp\/v2\/posts\/7589","targetHints":{"allow":["GET"]}}],"collection":[{"href":"https:\/\/group.voltalis.com\/fr\/wp-json\/wp\/v2\/posts"}],"about":[{"href":"https:\/\/group.voltalis.com\/fr\/wp-json\/wp\/v2\/types\/post"}],"author":[{"embeddable":true,"href":"https:\/\/group.voltalis.com\/fr\/wp-json\/wp\/v2\/users\/9"}],"replies":[{"embeddable":true,"href":"https:\/\/group.voltalis.com\/fr\/wp-json\/wp\/v2\/comments?post=7589"}],"version-history":[{"count":1,"href":"https:\/\/group.voltalis.com\/fr\/wp-json\/wp\/v2\/posts\/7589\/revisions"}],"predecessor-version":[{"id":10365,"href":"https:\/\/group.voltalis.com\/fr\/wp-json\/wp\/v2\/posts\/7589\/revisions\/10365"}],"wp:attachment":[{"href":"https:\/\/group.voltalis.com\/fr\/wp-json\/wp\/v2\/media?parent=7589"}],"wp:term":[{"taxonomy":"category","embeddable":true,"href":"https:\/\/group.voltalis.com\/fr\/wp-json\/wp\/v2\/categories?post=7589"},{"taxonomy":"post_tag","embeddable":true,"href":"https:\/\/group.voltalis.com\/fr\/wp-json\/wp\/v2\/tags?post=7589"}],"curies":[{"name":"wp","href":"https:\/\/api.w.org\/{rel}","templated":true}]}}