{"id":7594,"date":"2024-02-14T14:01:24","date_gmt":"2024-02-14T13:01:24","guid":{"rendered":"https:\/\/group.voltalis.com\/?p=7594"},"modified":"2025-09-04T15:06:07","modified_gmt":"2025-09-04T13:06:07","slug":"mont-de-marsan-agglo-engage-avec-voltalis","status":"publish","type":"post","link":"https:\/\/group.voltalis.com\/fr\/type-de-contenu\/communiques-de-presse\/mont-de-marsan-agglo-engage-avec-voltalis-7594","title":{"rendered":"Transition \u00e9cologique : Mont de Marsan Agglo s\u2019engage avec Voltalis"},"content":{"rendered":"\n<div style=\"height:15px\" aria-hidden=\"true\" class=\"wp-block-spacer\"><\/div>\n\n\n\n<p><strong>Pour acc\u00e9l\u00e9rer la transition \u00e9nerg\u00e9tique sur son territoire, et en ad\u00e9quation avec les objectifs du Plan Climat-Air-Energie territorial, qui vise notamment \u00e0 diminuer de 34% les consommations \u00e9nerg\u00e9tiques par rapport \u00e0 2019 d\u2019ici \u00e0 2030, Mont de Marsan Agglo offre la possibilit\u00e9 \u00e0 ses habitants de r\u00e9aliser des \u00e9conomies sur leurs factures d\u2019\u00e9lectricit\u00e9, gr\u00e2ce \u00e0 un partenariat avec la soci\u00e9t\u00e9 Voltalis.<\/strong><\/p>\n\n\n\n<p>Installer gratuitement un thermostat connect\u00e9 pour r\u00e9guler son chauffage \u00e9lectrique, c\u2019est la solution que Voltalis propose aux habitants de l\u2019agglom\u00e9ration. Le d\u00e9ploiement s\u2019effectuera d\u00e8s le 19 f\u00e9vrier 2024 et aura lieu dans un premier temps au sein des communes de Mont de Marsan, Geloux, Saint-Martin-d\u2019Oney, Campagne et Saint-Perdon.<br>Pr\u00e8s de<strong> 9 200 foyers et 1 000 professionnels sont \u00e9ligibles au dispositif.<\/strong><br><\/p>\n\n\n\n<div style=\"height:15px\" aria-hidden=\"true\" class=\"wp-block-spacer\"><\/div>\n\n\n\n<p class=\"has-medium-font-size\"><strong>Un thermostat gratuit, en faveur de l\u2019environnement et du pouvoir d\u2019achat<\/strong><\/p>\n\n\n<div class=\"wp-block-image\">\n<figure class=\"alignright size-full is-resized\"><img loading=\"lazy\" decoding=\"async\" width=\"430\" height=\"596\" src=\"https:\/\/group.voltalis.com\/wp-content\/uploads\/2024\/02\/Image1.png\" alt=\"\" class=\"wp-image-7601\" style=\"width:269px;height:auto\" srcset=\"https:\/\/group.voltalis.com\/wp-content\/uploads\/2024\/02\/Image1.png 430w, https:\/\/group.voltalis.com\/wp-content\/uploads\/2024\/02\/Image1-216x300.png 216w\" sizes=\"auto, (max-width: 430px) 100vw, 430px\" \/><\/figure>\n<\/div>\n\n\n<p>Voltalis contribue \u00e0 la protection du pouvoir d\u2019achat des Fran\u00e7ais et \u00e0 l\u2019effort national de sobri\u00e9t\u00e9&nbsp;: <strong>le dispositif combine un potentiel d\u2019\u00e9conomies d\u2019\u00e9nergie de 15 % et jusqu\u2019\u00e0 70 % de baisse des \u00e9missions de CO<sub>2<\/sub><\/strong> du logement ou du local professionnel.<\/p>\n\n\n\n<p>Voltalis installe ainsi, sans aucun frais, un thermostat connect\u00e9 chez les particuliers et les professionnels chauff\u00e9s \u00e0 l\u2019\u00e9lectrique. Il est associ\u00e9 \u00e0 l\u2019application mobile <a href=\"https:\/\/www.voltalis.com\/myvoltalis-lapplication-de-suivi-de-consommation-electrique\" target=\"_blank\" rel=\"noreferrer noopener\"><strong>MyVoltalis<\/strong><\/a>, \u00e9galement disponible sur ordinateur pour piloter facilement et \u00e0 distance leurs radiateurs.<\/p>\n\n\n\n<p>D\u00e9j\u00e0 d\u00e9ploy\u00e9 dans plus de 200 000 foyers et entreprises en France et en Europe, le thermostat Voltalis r\u00e9duit la consommation \u00e9lectrique nationale lors des pointes, en agissant sur le chauffage. Cette action permet de limiter le recours \u00e0 des centrales thermiques fonctionnant aux \u00e9nergies fossiles, activ\u00e9es quand le syst\u00e8me conna\u00eet des d\u00e9s\u00e9quilibres sur le r\u00e9seau (vague hivernale, intermittence des \u00e9nergies renouvelables\u2026). Il participe \u00e9galement \u00e0 la r\u00e9duction des risques de d\u00e9lestages ou de coupures sur le r\u00e9seau.<\/p>\n\n\n\n<div style=\"height:15px\" aria-hidden=\"true\" class=\"wp-block-spacer\"><\/div>\n\n\n\n<p class=\"has-medium-font-size\"><strong>Les conseillers Voltalis \u00e0 la rencontre des habitants <\/strong><strong><\/strong><\/p>\n\n\n\n<p>Les \u00e9quipes de Voltalis sont pr\u00e9sentes \u00e0 partir du 19 f\u00e9vrier 2024 sur le territoire de Mont de Marsan Agglo pour pr\u00e9senter le dispositif et fixer un rendez-vous d\u2019installation du thermostat connect\u00e9 chez les particuliers et les professionnels qui le souhaitent.<br>Un technicien agr\u00e9\u00e9 interviendra ensuite dans les deux semaines pour installer le dispositif chez vous.<\/p>\n\n\n<div class=\"bloc textImageLegacy fondBlanc position-relative \">\n\t<section class=\"  containerTextimage \">\n    <div class=\"row\">\n        <div class=\"col-12 pr-0 imgContainerCol\">\n          <div class=\"imgContainer\">\n            <div class=\"position-relative mb-5\">\n              <img decoding=\"async\" src=\"https:\/\/group.voltalis.com\/wp-content\/uploads\/2024\/01\/DSC05488-BD.jpg\" \/>\n              <div class=\"imageOverlay\" style=\"background-image:url('https:\/\/group.voltalis.com\/wp-content\/uploads\/2024\/01\/DSC05488-BD.jpg')\">\n              \n              <\/div>\n              \n                          <\/div>\n          <\/div>\n        <\/div>\n        <div class=\"col-12 pl-xl-0 pr-xl-0\">\n            <div class=\"h-100 d-flex align-items-center\">\n                <div class=\"textContainer paddingInsideMobile\">\n                    <div>\n                                                                        <p>Il est \u00e9galement possible d\u2019en faire la demande directement aupr\u00e8s de Voltalis et de fixer un rendez-vous d\u2019installation\u00a0:<\/p>\n<ul>\n<li>Par t\u00e9l\u00e9phone au<br \/>\n<strong>05 40 25 69 96<\/strong><\/li>\n<li>Ou par mail\u00a0: <strong>camdm@voltalis.com<\/strong><\/li>\n<\/ul>\n                    <\/div>\n                <\/div>\n            <\/div>\n        <\/div>\n    <\/div>\n\t<\/section>\n<\/div>\n\n\n\n<p class=\"has-text-align-center\"><strong>Contacts presse&nbsp;:<\/strong><\/p>\n\n\n\n<figure class=\"wp-block-table\"><table><tbody><tr><td><br><strong>&nbsp;Mont de Marsan Agglo<\/strong><br>Julie Font \u2013 <a href=\"mailto:julie.font@montdemarsan-agglo.fr\">julie.font@montdemarsan-agglo.fr<\/a><br><\/td><td>&nbsp;<strong>Voltalis&nbsp;<\/strong>: Anne-Laure DAULIER &#8211; Agence Shan<br>voltalis@shan.fr &#8211; 06 28 59 50 38<\/td><\/tr><\/tbody><\/table><\/figure>\n\n\n\n<div class=\"wp-block-buttons is-content-justification-center is-layout-flex wp-container-core-buttons-is-layout-16018d1d wp-block-buttons-is-layout-flex\">\n<div class=\"wp-block-button\"><a class=\"wp-block-button__link has-white-color has-text-color has-background has-link-color has-text-align-center wp-element-button\" href=\"https:\/\/group.voltalis.com\/wp-content\/uploads\/2024\/02\/CP_Mont-de-Marsan-Agglo_Voltalis.pdf\" style=\"border-radius:5px;background-color:#4dbef7\" target=\"_blank\" rel=\"noreferrer noopener\"><strong>T\u00e9l\u00e9charger le communiqu\u00e9 de presse<\/strong><\/a><\/div>\n<\/div>\n","protected":false},"excerpt":{"rendered":"<p>Pour acc\u00e9l\u00e9rer la transition \u00e9nerg\u00e9tique sur son territoire, et en ad\u00e9quation avec les objectifs du Plan Climat-Air-Energie territorial, qui vise notamment \u00e0 diminuer de 34% les consommations \u00e9nerg\u00e9tiques par rapport \u00e0 2019 d\u2019ici \u00e0 2030, Mont de Marsan Agglo offre la possibilit\u00e9 \u00e0 ses habitants de r\u00e9aliser des \u00e9conomies sur leurs factures d\u2019\u00e9lectricit\u00e9, gr\u00e2ce \u00e0 [&hellip;]<\/p>\n","protected":false},"author":9,"featured_media":0,"comment_status":"closed","ping_status":"closed","sticky":false,"template":"","format":"standard","meta":{"_acf_changed":false,"inline_featured_image":false,"footnotes":""},"categories":[199,3],"tags":[],"class_list":["post-7594","post","type-post","status-publish","format-standard","hentry","category-collectivites","category-communiques-de-presse"],"acf":[],"yoast_head":"<!-- This site is optimized with the Yoast SEO plugin v27.5 - https:\/\/yoast.com\/product\/yoast-seo-wordpress\/ -->\n<title>Transition \u00e9cologique : Mont de Marsan Agglo s\u2019engage avec Voltalis - Groupe Voltalis<\/title>\n<meta name=\"robots\" content=\"index, follow, max-snippet:-1, max-image-preview:large, max-video-preview:-1\" \/>\n<link rel=\"canonical\" href=\"https:\/\/group.voltalis.com\/fr\/type-de-contenu\/communiques-de-presse\/mont-de-marsan-agglo-engage-avec-voltalis-7594\" \/>\n<meta property=\"og:locale\" content=\"fr_FR\" \/>\n<meta property=\"og:type\" content=\"article\" \/>\n<meta property=\"og:title\" content=\"Transition \u00e9cologique : Mont de Marsan Agglo s\u2019engage avec Voltalis - Groupe Voltalis\" \/>\n<meta property=\"og:description\" content=\"Pour acc\u00e9l\u00e9rer la transition \u00e9nerg\u00e9tique sur son territoire, et en ad\u00e9quation avec les objectifs du Plan Climat-Air-Energie territorial, qui vise notamment \u00e0 diminuer de 34% les consommations \u00e9nerg\u00e9tiques par rapport \u00e0 2019 d\u2019ici \u00e0 2030, Mont de Marsan Agglo offre la possibilit\u00e9 \u00e0 ses habitants de r\u00e9aliser des \u00e9conomies sur leurs factures d\u2019\u00e9lectricit\u00e9, gr\u00e2ce \u00e0 [&hellip;]\" \/>\n<meta property=\"og:url\" content=\"https:\/\/group.voltalis.com\/fr\/type-de-contenu\/communiques-de-presse\/mont-de-marsan-agglo-engage-avec-voltalis-7594\" \/>\n<meta property=\"og:site_name\" content=\"Groupe Voltalis\" \/>\n<meta property=\"article:publisher\" content=\"https:\/\/www.facebook.com\/pages\/category\/Product-Service\/Voltalis-178720392179068\/\" \/>\n<meta property=\"article:published_time\" content=\"2024-02-14T13:01:24+00:00\" \/>\n<meta property=\"article:modified_time\" content=\"2025-09-04T13:06:07+00:00\" \/>\n<meta property=\"og:image\" content=\"https:\/\/group.voltalis.com\/wp-content\/uploads\/2024\/02\/Image1.png\" \/>\n\t<meta property=\"og:image:width\" content=\"430\" \/>\n\t<meta property=\"og:image:height\" content=\"596\" \/>\n\t<meta property=\"og:image:type\" content=\"image\/png\" \/>\n<meta name=\"author\" content=\"Emma Corson\" \/>\n<meta name=\"twitter:card\" content=\"summary_large_image\" \/>\n<meta name=\"twitter:label1\" content=\"\u00c9crit par\" \/>\n\t<meta name=\"twitter:data1\" content=\"Emma Corson\" \/>\n\t<meta name=\"twitter:label2\" content=\"Dur\u00e9e de lecture estim\u00e9e\" \/>\n\t<meta name=\"twitter:data2\" content=\"2 minutes\" \/>\n<script type=\"application\/ld+json\" class=\"yoast-schema-graph\">{\"@context\":\"https:\\\/\\\/schema.org\",\"@graph\":[{\"@type\":\"Article\",\"@id\":\"https:\\\/\\\/group.voltalis.com\\\/fr\\\/type-de-contenu\\\/communiques-de-presse\\\/mont-de-marsan-agglo-engage-avec-voltalis-7594#article\",\"isPartOf\":{\"@id\":\"https:\\\/\\\/group.voltalis.com\\\/fr\\\/type-de-contenu\\\/communiques-de-presse\\\/mont-de-marsan-agglo-engage-avec-voltalis-7594\"},\"author\":{\"name\":\"Emma Corson\",\"@id\":\"https:\\\/\\\/group.voltalis.com\\\/en\\\/#\\\/schema\\\/person\\\/0b72ec21cac86d7e1ad1f55c96e0056e\"},\"headline\":\"Transition \u00e9cologique : Mont de Marsan Agglo s\u2019engage avec Voltalis\",\"datePublished\":\"2024-02-14T13:01:24+00:00\",\"dateModified\":\"2025-09-04T13:06:07+00:00\",\"mainEntityOfPage\":{\"@id\":\"https:\\\/\\\/group.voltalis.com\\\/fr\\\/type-de-contenu\\\/communiques-de-presse\\\/mont-de-marsan-agglo-engage-avec-voltalis-7594\"},\"wordCount\":413,\"image\":{\"@id\":\"https:\\\/\\\/group.voltalis.com\\\/fr\\\/type-de-contenu\\\/communiques-de-presse\\\/mont-de-marsan-agglo-engage-avec-voltalis-7594#primaryimage\"},\"thumbnailUrl\":\"https:\\\/\\\/group.voltalis.com\\\/wp-content\\\/uploads\\\/2024\\\/02\\\/Image1.png\",\"articleSection\":[\"Collectivit\u00e9s\",\"Communiqu\u00e9s\"],\"inLanguage\":\"fr-FR\"},{\"@type\":\"WebPage\",\"@id\":\"https:\\\/\\\/group.voltalis.com\\\/fr\\\/type-de-contenu\\\/communiques-de-presse\\\/mont-de-marsan-agglo-engage-avec-voltalis-7594\",\"url\":\"https:\\\/\\\/group.voltalis.com\\\/fr\\\/type-de-contenu\\\/communiques-de-presse\\\/mont-de-marsan-agglo-engage-avec-voltalis-7594\",\"name\":\"Transition \u00e9cologique : Mont de Marsan Agglo s\u2019engage avec Voltalis - Groupe Voltalis\",\"isPartOf\":{\"@id\":\"https:\\\/\\\/group.voltalis.com\\\/en\\\/#website\"},\"primaryImageOfPage\":{\"@id\":\"https:\\\/\\\/group.voltalis.com\\\/fr\\\/type-de-contenu\\\/communiques-de-presse\\\/mont-de-marsan-agglo-engage-avec-voltalis-7594#primaryimage\"},\"image\":{\"@id\":\"https:\\\/\\\/group.voltalis.com\\\/fr\\\/type-de-contenu\\\/communiques-de-presse\\\/mont-de-marsan-agglo-engage-avec-voltalis-7594#primaryimage\"},\"thumbnailUrl\":\"https:\\\/\\\/group.voltalis.com\\\/wp-content\\\/uploads\\\/2024\\\/02\\\/Image1.png\",\"datePublished\":\"2024-02-14T13:01:24+00:00\",\"dateModified\":\"2025-09-04T13:06:07+00:00\",\"author\":{\"@id\":\"https:\\\/\\\/group.voltalis.com\\\/en\\\/#\\\/schema\\\/person\\\/0b72ec21cac86d7e1ad1f55c96e0056e\"},\"breadcrumb\":{\"@id\":\"https:\\\/\\\/group.voltalis.com\\\/fr\\\/type-de-contenu\\\/communiques-de-presse\\\/mont-de-marsan-agglo-engage-avec-voltalis-7594#breadcrumb\"},\"inLanguage\":\"fr-FR\",\"potentialAction\":[{\"@type\":\"ReadAction\",\"target\":[\"https:\\\/\\\/group.voltalis.com\\\/fr\\\/type-de-contenu\\\/communiques-de-presse\\\/mont-de-marsan-agglo-engage-avec-voltalis-7594\"]}]},{\"@type\":\"ImageObject\",\"inLanguage\":\"fr-FR\",\"@id\":\"https:\\\/\\\/group.voltalis.com\\\/fr\\\/type-de-contenu\\\/communiques-de-presse\\\/mont-de-marsan-agglo-engage-avec-voltalis-7594#primaryimage\",\"url\":\"https:\\\/\\\/group.voltalis.com\\\/wp-content\\\/uploads\\\/2024\\\/02\\\/Image1.png\",\"contentUrl\":\"https:\\\/\\\/group.voltalis.com\\\/wp-content\\\/uploads\\\/2024\\\/02\\\/Image1.png\"},{\"@type\":\"BreadcrumbList\",\"@id\":\"https:\\\/\\\/group.voltalis.com\\\/fr\\\/type-de-contenu\\\/communiques-de-presse\\\/mont-de-marsan-agglo-engage-avec-voltalis-7594#breadcrumb\",\"itemListElement\":[{\"@type\":\"ListItem\",\"position\":1,\"name\":\"Home\",\"item\":\"https:\\\/\\\/group.voltalis.com\\\/fr\"},{\"@type\":\"ListItem\",\"position\":2,\"name\":\"Transition \u00e9cologique : Mont de Marsan Agglo s\u2019engage avec Voltalis\"}]},{\"@type\":\"WebSite\",\"@id\":\"https:\\\/\\\/group.voltalis.com\\\/en\\\/#website\",\"url\":\"https:\\\/\\\/group.voltalis.com\\\/en\\\/\",\"name\":\"Groupe Voltalis\",\"description\":\"Bien plus que des \u00e9conomies d&#039;\u00e9nergie\",\"potentialAction\":[{\"@type\":\"SearchAction\",\"target\":{\"@type\":\"EntryPoint\",\"urlTemplate\":\"https:\\\/\\\/group.voltalis.com\\\/en\\\/?s={search_term_string}\"},\"query-input\":{\"@type\":\"PropertyValueSpecification\",\"valueRequired\":true,\"valueName\":\"search_term_string\"}}],\"inLanguage\":\"fr-FR\"},{\"@type\":\"Person\",\"@id\":\"https:\\\/\\\/group.voltalis.com\\\/en\\\/#\\\/schema\\\/person\\\/0b72ec21cac86d7e1ad1f55c96e0056e\",\"name\":\"Emma Corson\",\"image\":{\"@type\":\"ImageObject\",\"inLanguage\":\"fr-FR\",\"@id\":\"https:\\\/\\\/secure.gravatar.com\\\/avatar\\\/c31b10fc9fd80670f3cae550df1692fb6e6f5a3e2941ed270ec82834eeefc649?s=96&d=mm&r=g\",\"url\":\"https:\\\/\\\/secure.gravatar.com\\\/avatar\\\/c31b10fc9fd80670f3cae550df1692fb6e6f5a3e2941ed270ec82834eeefc649?s=96&d=mm&r=g\",\"contentUrl\":\"https:\\\/\\\/secure.gravatar.com\\\/avatar\\\/c31b10fc9fd80670f3cae550df1692fb6e6f5a3e2941ed270ec82834eeefc649?s=96&d=mm&r=g\",\"caption\":\"Emma Corson\"},\"url\":\"https:\\\/\\\/group.voltalis.com\\\/fr\\\/author\\\/emma-corson\"}]}<\/script>\n<!-- \/ Yoast SEO plugin. -->","yoast_head_json":{"title":"Transition \u00e9cologique : Mont de Marsan Agglo s\u2019engage avec Voltalis - Groupe Voltalis","robots":{"index":"index","follow":"follow","max-snippet":"max-snippet:-1","max-image-preview":"max-image-preview:large","max-video-preview":"max-video-preview:-1"},"canonical":"https:\/\/group.voltalis.com\/fr\/type-de-contenu\/communiques-de-presse\/mont-de-marsan-agglo-engage-avec-voltalis-7594","og_locale":"fr_FR","og_type":"article","og_title":"Transition \u00e9cologique : Mont de Marsan Agglo s\u2019engage avec Voltalis - Groupe Voltalis","og_description":"Pour acc\u00e9l\u00e9rer la transition \u00e9nerg\u00e9tique sur son territoire, et en ad\u00e9quation avec les objectifs du Plan Climat-Air-Energie territorial, qui vise notamment \u00e0 diminuer de 34% les consommations \u00e9nerg\u00e9tiques par rapport \u00e0 2019 d\u2019ici \u00e0 2030, Mont de Marsan Agglo offre la possibilit\u00e9 \u00e0 ses habitants de r\u00e9aliser des \u00e9conomies sur leurs factures d\u2019\u00e9lectricit\u00e9, gr\u00e2ce \u00e0 [&hellip;]","og_url":"https:\/\/group.voltalis.com\/fr\/type-de-contenu\/communiques-de-presse\/mont-de-marsan-agglo-engage-avec-voltalis-7594","og_site_name":"Groupe Voltalis","article_publisher":"https:\/\/www.facebook.com\/pages\/category\/Product-Service\/Voltalis-178720392179068\/","article_published_time":"2024-02-14T13:01:24+00:00","article_modified_time":"2025-09-04T13:06:07+00:00","og_image":[{"width":430,"height":596,"url":"https:\/\/group.voltalis.com\/wp-content\/uploads\/2024\/02\/Image1.png","type":"image\/png"}],"author":"Emma Corson","twitter_card":"summary_large_image","twitter_misc":{"\u00c9crit par":"Emma Corson","Dur\u00e9e de lecture estim\u00e9e":"2 minutes"},"schema":{"@context":"https:\/\/schema.org","@graph":[{"@type":"Article","@id":"https:\/\/group.voltalis.com\/fr\/type-de-contenu\/communiques-de-presse\/mont-de-marsan-agglo-engage-avec-voltalis-7594#article","isPartOf":{"@id":"https:\/\/group.voltalis.com\/fr\/type-de-contenu\/communiques-de-presse\/mont-de-marsan-agglo-engage-avec-voltalis-7594"},"author":{"name":"Emma Corson","@id":"https:\/\/group.voltalis.com\/en\/#\/schema\/person\/0b72ec21cac86d7e1ad1f55c96e0056e"},"headline":"Transition \u00e9cologique : Mont de Marsan Agglo s\u2019engage avec Voltalis","datePublished":"2024-02-14T13:01:24+00:00","dateModified":"2025-09-04T13:06:07+00:00","mainEntityOfPage":{"@id":"https:\/\/group.voltalis.com\/fr\/type-de-contenu\/communiques-de-presse\/mont-de-marsan-agglo-engage-avec-voltalis-7594"},"wordCount":413,"image":{"@id":"https:\/\/group.voltalis.com\/fr\/type-de-contenu\/communiques-de-presse\/mont-de-marsan-agglo-engage-avec-voltalis-7594#primaryimage"},"thumbnailUrl":"https:\/\/group.voltalis.com\/wp-content\/uploads\/2024\/02\/Image1.png","articleSection":["Collectivit\u00e9s","Communiqu\u00e9s"],"inLanguage":"fr-FR"},{"@type":"WebPage","@id":"https:\/\/group.voltalis.com\/fr\/type-de-contenu\/communiques-de-presse\/mont-de-marsan-agglo-engage-avec-voltalis-7594","url":"https:\/\/group.voltalis.com\/fr\/type-de-contenu\/communiques-de-presse\/mont-de-marsan-agglo-engage-avec-voltalis-7594","name":"Transition \u00e9cologique : Mont de Marsan Agglo s\u2019engage avec Voltalis - Groupe Voltalis","isPartOf":{"@id":"https:\/\/group.voltalis.com\/en\/#website"},"primaryImageOfPage":{"@id":"https:\/\/group.voltalis.com\/fr\/type-de-contenu\/communiques-de-presse\/mont-de-marsan-agglo-engage-avec-voltalis-7594#primaryimage"},"image":{"@id":"https:\/\/group.voltalis.com\/fr\/type-de-contenu\/communiques-de-presse\/mont-de-marsan-agglo-engage-avec-voltalis-7594#primaryimage"},"thumbnailUrl":"https:\/\/group.voltalis.com\/wp-content\/uploads\/2024\/02\/Image1.png","datePublished":"2024-02-14T13:01:24+00:00","dateModified":"2025-09-04T13:06:07+00:00","author":{"@id":"https:\/\/group.voltalis.com\/en\/#\/schema\/person\/0b72ec21cac86d7e1ad1f55c96e0056e"},"breadcrumb":{"@id":"https:\/\/group.voltalis.com\/fr\/type-de-contenu\/communiques-de-presse\/mont-de-marsan-agglo-engage-avec-voltalis-7594#breadcrumb"},"inLanguage":"fr-FR","potentialAction":[{"@type":"ReadAction","target":["https:\/\/group.voltalis.com\/fr\/type-de-contenu\/communiques-de-presse\/mont-de-marsan-agglo-engage-avec-voltalis-7594"]}]},{"@type":"ImageObject","inLanguage":"fr-FR","@id":"https:\/\/group.voltalis.com\/fr\/type-de-contenu\/communiques-de-presse\/mont-de-marsan-agglo-engage-avec-voltalis-7594#primaryimage","url":"https:\/\/group.voltalis.com\/wp-content\/uploads\/2024\/02\/Image1.png","contentUrl":"https:\/\/group.voltalis.com\/wp-content\/uploads\/2024\/02\/Image1.png"},{"@type":"BreadcrumbList","@id":"https:\/\/group.voltalis.com\/fr\/type-de-contenu\/communiques-de-presse\/mont-de-marsan-agglo-engage-avec-voltalis-7594#breadcrumb","itemListElement":[{"@type":"ListItem","position":1,"name":"Home","item":"https:\/\/group.voltalis.com\/fr"},{"@type":"ListItem","position":2,"name":"Transition \u00e9cologique : Mont de Marsan Agglo s\u2019engage avec Voltalis"}]},{"@type":"WebSite","@id":"https:\/\/group.voltalis.com\/en\/#website","url":"https:\/\/group.voltalis.com\/en\/","name":"Groupe Voltalis","description":"Bien plus que des \u00e9conomies d&#039;\u00e9nergie","potentialAction":[{"@type":"SearchAction","target":{"@type":"EntryPoint","urlTemplate":"https:\/\/group.voltalis.com\/en\/?s={search_term_string}"},"query-input":{"@type":"PropertyValueSpecification","valueRequired":true,"valueName":"search_term_string"}}],"inLanguage":"fr-FR"},{"@type":"Person","@id":"https:\/\/group.voltalis.com\/en\/#\/schema\/person\/0b72ec21cac86d7e1ad1f55c96e0056e","name":"Emma Corson","image":{"@type":"ImageObject","inLanguage":"fr-FR","@id":"https:\/\/secure.gravatar.com\/avatar\/c31b10fc9fd80670f3cae550df1692fb6e6f5a3e2941ed270ec82834eeefc649?s=96&d=mm&r=g","url":"https:\/\/secure.gravatar.com\/avatar\/c31b10fc9fd80670f3cae550df1692fb6e6f5a3e2941ed270ec82834eeefc649?s=96&d=mm&r=g","contentUrl":"https:\/\/secure.gravatar.com\/avatar\/c31b10fc9fd80670f3cae550df1692fb6e6f5a3e2941ed270ec82834eeefc649?s=96&d=mm&r=g","caption":"Emma Corson"},"url":"https:\/\/group.voltalis.com\/fr\/author\/emma-corson"}]}},"_links":{"self":[{"href":"https:\/\/group.voltalis.com\/fr\/wp-json\/wp\/v2\/posts\/7594","targetHints":{"allow":["GET"]}}],"collection":[{"href":"https:\/\/group.voltalis.com\/fr\/wp-json\/wp\/v2\/posts"}],"about":[{"href":"https:\/\/group.voltalis.com\/fr\/wp-json\/wp\/v2\/types\/post"}],"author":[{"embeddable":true,"href":"https:\/\/group.voltalis.com\/fr\/wp-json\/wp\/v2\/users\/9"}],"replies":[{"embeddable":true,"href":"https:\/\/group.voltalis.com\/fr\/wp-json\/wp\/v2\/comments?post=7594"}],"version-history":[{"count":1,"href":"https:\/\/group.voltalis.com\/fr\/wp-json\/wp\/v2\/posts\/7594\/revisions"}],"predecessor-version":[{"id":10367,"href":"https:\/\/group.voltalis.com\/fr\/wp-json\/wp\/v2\/posts\/7594\/revisions\/10367"}],"wp:attachment":[{"href":"https:\/\/group.voltalis.com\/fr\/wp-json\/wp\/v2\/media?parent=7594"}],"wp:term":[{"taxonomy":"category","embeddable":true,"href":"https:\/\/group.voltalis.com\/fr\/wp-json\/wp\/v2\/categories?post=7594"},{"taxonomy":"post_tag","embeddable":true,"href":"https:\/\/group.voltalis.com\/fr\/wp-json\/wp\/v2\/tags?post=7594"}],"curies":[{"name":"wp","href":"https:\/\/api.w.org\/{rel}","templated":true}]}}