{"id":7623,"date":"2024-02-21T15:02:38","date_gmt":"2024-02-21T14:02:38","guid":{"rendered":"https:\/\/group.voltalis.com\/?p=7623"},"modified":"2025-09-04T14:41:58","modified_gmt":"2025-09-04T12:41:58","slug":"communaute-agglomeration-du-choletais","status":"publish","type":"post","link":"https:\/\/group.voltalis.com\/fr\/type-de-contenu\/communiques-de-presse\/communaute-agglomeration-du-choletais-7623","title":{"rendered":"Voltalis d\u00e9ploie son thermostat connect\u00e9 gratuit au sein de la Communaut\u00e9 d\u2019Agglom\u00e9ration du Choletais"},"content":{"rendered":"\n<p><strong>Dans un contexte de hausse des prix de l\u2019\u00e9lectricit\u00e9, Voltalis offre l\u2019opportunit\u00e9 aux habitants de l\u2019agglom\u00e9ration de r\u00e9duire leur consommation \u00e9lectrique. Le d\u00e9ploiement \u00e9tant pr\u00e9vu le 26 f\u00e9vrier 2024, Voltalis compte plus de 11 500 foyers et locaux professionnels \u00e9ligibles \u00e0 son dispositif gratuit.<\/strong><\/p>\n\n\n\n<p>Visant principalement Cholet, Lys-Haut-Layon, Saint-Christophe-du-Bois et Tr\u00e9mentines,<br>le d\u00e9ploiement de Voltalis dans l\u2019agglom\u00e9ration permettra aux habitants chauff\u00e9s \u00e0 l\u2019\u00e9lectricit\u00e9 de <strong>r\u00e9aliser jusqu\u2019\u00e0 15% d\u2019\u00e9conomies<\/strong> d\u2019\u00e9nergie.<\/p>\n\n\n\n<p>Le thermostat connect\u00e9 agit \u00e9galement en faveur de l\u2019environnement en r\u00e9duisant jusqu\u2019\u00e0 70% les \u00e9missions CO<sub>2 <\/sub>des logements et locaux professionnels \u00e9quip\u00e9s. En ce sens, Voltalis participera \u00e0 l\u2019objectif de la Communaut\u00e9 d\u2019Agglom\u00e9ration du Choletais de r\u00e9duction de 50% de ses \u00e9missions de gaz \u00e0 effet de serre pour 2050.<\/p>\n\n\n\n<div style=\"height:15px\" aria-hidden=\"true\" class=\"wp-block-spacer\"><\/div>\n\n\n\n<p class=\"has-medium-font-size\"><strong>Qu&rsquo;est-ce que le thermostat connect\u00e9 Voltalis&nbsp;?<\/strong><\/p>\n\n\n<div class=\"wp-block-image\">\n<figure class=\"alignleft size-full\"><img loading=\"lazy\" decoding=\"async\" width=\"232\" height=\"211\" src=\"https:\/\/group.voltalis.com\/wp-content\/uploads\/2024\/02\/dispositif-voltalis.png\" alt=\"\" class=\"wp-image-7624\"\/><\/figure>\n<\/div>\n\n\n<p>Le thermostat connect\u00e9 Voltalis est un dispositif <strong>reconnu par RTE<\/strong>, le gestionnaire du r\u00e9seau de transport d&rsquo;\u00e9lectricit\u00e9 fran\u00e7ais, et sans abonnement, que la soci\u00e9t\u00e9 installe gratuitement sur les radiateurs du logement ou du local professionnel.<\/p>\n\n\n\n<p>Gr\u00e2ce \u00e0 l\u2019application mobile et web <a href=\"https:\/\/www.voltalis.com\/myvoltalis-lapplication-de-suivi-de-consommation-electrique\" target=\"_blank\" rel=\"noreferrer noopener\">MyVoltalis<\/a>, l\u2019adh\u00e9rent peut d\u00e9finir une temp\u00e9rature pi\u00e8ce par pi\u00e8ce et programmer ses radiateurs en fonction de ses habitudes<a>.<\/a> Il a aussi acc\u00e8s au suivi de ses consommations \u00e9lectriques par cat\u00e9gorie (chauffage, eau-chaude, gros \u00e9lectrom\u00e9nager, multim\u00e9dia\u2026) pour lui permettre d\u2019optimiser leur utilisation. L&rsquo;adh\u00e9rent b\u00e9n\u00e9ficie \u00e9galement d\u2019alertes et de conseils pour d\u00e9penser moins et r\u00e9duire simplement son impact.<\/p>\n\n\n\n<p>Parall\u00e8lement, la solution joue un r\u00f4le actif dans la s\u00e9curit\u00e9 de l&rsquo;approvisionnement \u00e9lectrique des Fran\u00e7ais. Lors de pics de demande, en particulier pendant les p\u00e9riodes hivernales, Voltalis peut bri\u00e8vement moduler la consommation des appareils connect\u00e9s, sans pour autant impacter le confort des utilisateurs.<\/p>\n\n\n\n<p><strong>D\u00e9j\u00e0 d\u00e9ploy\u00e9e dans plus de 200 000 foyers<\/strong> <strong>et entreprises<\/strong> en France et en Europe, cette solution contribue \u00e0 r\u00e9duire la consommation \u00e9lectrique nationale aux moments opportuns, limitant ainsi le recours \u00e0 des centrales thermiques polluantes fonctionnant au gaz, au fioul ou au charbon. Elle participe \u00e0 la r\u00e9duction des risques de d\u00e9lestages ou de coupures sur le r\u00e9seau.<\/p>\n\n\n\n<div style=\"height:15px\" aria-hidden=\"true\" class=\"wp-block-spacer\"><\/div>\n\n\n\n<p class=\"has-medium-font-size\"><strong>Comment en<\/strong><strong> <\/strong><strong>b\u00e9n\u00e9ficier&nbsp;?<\/strong><\/p>\n\n\n\n<p>Des conseillers Voltalis viendront \u00e0 la rencontre des habitants, propri\u00e9taires et locataires, pour leur pr\u00e9senter le thermostat connect\u00e9 et proposer un rendez-vous d\u2019installation.<\/p>\n\n\n<div class=\"wp-block-image\">\n<figure class=\"alignright size-large is-resized\"><img loading=\"lazy\" decoding=\"async\" width=\"1024\" height=\"683\" src=\"https:\/\/group.voltalis.com\/wp-content\/uploads\/2024\/01\/DSC06116-BD-1024x683.jpg\" alt=\"\" class=\"wp-image-7327\" style=\"width:346px;height:auto\" srcset=\"https:\/\/group.voltalis.com\/wp-content\/uploads\/2024\/01\/DSC06116-BD-1024x683.jpg 1024w, https:\/\/group.voltalis.com\/wp-content\/uploads\/2024\/01\/DSC06116-BD-300x200.jpg 300w, https:\/\/group.voltalis.com\/wp-content\/uploads\/2024\/01\/DSC06116-BD-768x512.jpg 768w, https:\/\/group.voltalis.com\/wp-content\/uploads\/2024\/01\/DSC06116-BD-1536x1024.jpg 1536w, https:\/\/group.voltalis.com\/wp-content\/uploads\/2024\/01\/DSC06116-BD.jpg 1950w\" sizes=\"auto, (max-width: 1024px) 100vw, 1024px\" \/><\/figure>\n<\/div>\n\n\n<p>Il est \u00e9galement possible de solliciter directement l\u2019installation en contactant Voltalis&nbsp;:<\/p>\n\n\n\n<ul class=\"wp-block-list\">\n<li>Au <strong>05 40 25 69 96<\/strong><\/li>\n\n\n\n<li>Ou par mail&nbsp;: <strong>contact@voltalis.com<\/strong><\/li>\n<\/ul>\n\n\n\n<p>Un rendez-vous est fix\u00e9 dans les 2 semaines avec un technicien Voltalis agr\u00e9\u00e9. Il faut compter en moyenne 2h30 pour un logement comptant 5 radiateurs.<\/p>\n\n\n\n<div style=\"height:15px\" aria-hidden=\"true\" class=\"wp-block-spacer\"><\/div>\n\n\n\n<figure class=\"wp-block-table is-style-stripes\"><table><tbody><tr><td class=\"has-text-align-center\" data-align=\"center\"><strong>Contact presse\u00a0:<\/strong><br><strong>Voltalis\u00a0<\/strong>: Anne-Laure DAULIER &#8211; Agence Shan<br>voltalis@shan.fr &#8211; 06 28 59 50 38<\/td><\/tr><\/tbody><\/table><\/figure>\n","protected":false},"excerpt":{"rendered":"<p>Dans un contexte de hausse des prix de l\u2019\u00e9lectricit\u00e9, Voltalis offre l\u2019opportunit\u00e9 aux habitants de l\u2019agglom\u00e9ration de r\u00e9duire leur consommation \u00e9lectrique. Le d\u00e9ploiement \u00e9tant pr\u00e9vu le 26 f\u00e9vrier 2024, Voltalis compte plus de 11 500 foyers et locaux professionnels \u00e9ligibles \u00e0 son dispositif gratuit. Visant principalement Cholet, Lys-Haut-Layon, Saint-Christophe-du-Bois et Tr\u00e9mentines,le d\u00e9ploiement de Voltalis dans [&hellip;]<\/p>\n","protected":false},"author":9,"featured_media":0,"comment_status":"open","ping_status":"closed","sticky":false,"template":"","format":"standard","meta":{"_acf_changed":false,"inline_featured_image":false,"footnotes":""},"categories":[199,3],"tags":[],"class_list":["post-7623","post","type-post","status-publish","format-standard","hentry","category-collectivites","category-communiques-de-presse"],"acf":[],"yoast_head":"<!-- This site is optimized with the Yoast SEO plugin v27.5 - https:\/\/yoast.com\/product\/yoast-seo-wordpress\/ -->\n<title>Voltalis d\u00e9ploie son thermostat connect\u00e9 gratuit au sein de la Communaut\u00e9 d\u2019Agglom\u00e9ration du Choletais - Groupe Voltalis<\/title>\n<meta name=\"robots\" content=\"index, follow, max-snippet:-1, max-image-preview:large, max-video-preview:-1\" \/>\n<link rel=\"canonical\" href=\"https:\/\/group.voltalis.com\/fr\/type-de-contenu\/communiques-de-presse\/communaute-agglomeration-du-choletais-7623\" \/>\n<meta property=\"og:locale\" content=\"fr_FR\" \/>\n<meta property=\"og:type\" content=\"article\" \/>\n<meta property=\"og:title\" content=\"Voltalis d\u00e9ploie son thermostat connect\u00e9 gratuit au sein de la Communaut\u00e9 d\u2019Agglom\u00e9ration du Choletais - Groupe Voltalis\" \/>\n<meta property=\"og:description\" content=\"Dans un contexte de hausse des prix de l\u2019\u00e9lectricit\u00e9, Voltalis offre l\u2019opportunit\u00e9 aux habitants de l\u2019agglom\u00e9ration de r\u00e9duire leur consommation \u00e9lectrique. Le d\u00e9ploiement \u00e9tant pr\u00e9vu le 26 f\u00e9vrier 2024, Voltalis compte plus de 11 500 foyers et locaux professionnels \u00e9ligibles \u00e0 son dispositif gratuit. Visant principalement Cholet, Lys-Haut-Layon, Saint-Christophe-du-Bois et Tr\u00e9mentines,le d\u00e9ploiement de Voltalis dans [&hellip;]\" \/>\n<meta property=\"og:url\" content=\"https:\/\/group.voltalis.com\/fr\/type-de-contenu\/communiques-de-presse\/communaute-agglomeration-du-choletais-7623\" \/>\n<meta property=\"og:site_name\" content=\"Groupe Voltalis\" \/>\n<meta property=\"article:publisher\" content=\"https:\/\/www.facebook.com\/pages\/category\/Product-Service\/Voltalis-178720392179068\/\" \/>\n<meta property=\"article:published_time\" content=\"2024-02-21T14:02:38+00:00\" \/>\n<meta property=\"article:modified_time\" content=\"2025-09-04T12:41:58+00:00\" \/>\n<meta property=\"og:image\" content=\"https:\/\/group.voltalis.com\/wp-content\/uploads\/2024\/02\/dispositif-voltalis.png\" \/>\n\t<meta property=\"og:image:width\" content=\"232\" \/>\n\t<meta property=\"og:image:height\" content=\"211\" \/>\n\t<meta property=\"og:image:type\" content=\"image\/png\" \/>\n<meta name=\"author\" content=\"Emma Corson\" \/>\n<meta name=\"twitter:card\" content=\"summary_large_image\" \/>\n<meta name=\"twitter:label1\" content=\"\u00c9crit par\" \/>\n\t<meta name=\"twitter:data1\" content=\"Emma Corson\" \/>\n\t<meta name=\"twitter:label2\" content=\"Dur\u00e9e de lecture estim\u00e9e\" \/>\n\t<meta name=\"twitter:data2\" content=\"3 minutes\" \/>\n<script type=\"application\/ld+json\" class=\"yoast-schema-graph\">{\"@context\":\"https:\\\/\\\/schema.org\",\"@graph\":[{\"@type\":\"Article\",\"@id\":\"https:\\\/\\\/group.voltalis.com\\\/fr\\\/type-de-contenu\\\/communiques-de-presse\\\/communaute-agglomeration-du-choletais-7623#article\",\"isPartOf\":{\"@id\":\"https:\\\/\\\/group.voltalis.com\\\/fr\\\/type-de-contenu\\\/communiques-de-presse\\\/communaute-agglomeration-du-choletais-7623\"},\"author\":{\"name\":\"Emma Corson\",\"@id\":\"https:\\\/\\\/group.voltalis.com\\\/en\\\/#\\\/schema\\\/person\\\/0b72ec21cac86d7e1ad1f55c96e0056e\"},\"headline\":\"Voltalis d\u00e9ploie son thermostat connect\u00e9 gratuit au sein de la Communaut\u00e9 d\u2019Agglom\u00e9ration du Choletais\",\"datePublished\":\"2024-02-21T14:02:38+00:00\",\"dateModified\":\"2025-09-04T12:41:58+00:00\",\"mainEntityOfPage\":{\"@id\":\"https:\\\/\\\/group.voltalis.com\\\/fr\\\/type-de-contenu\\\/communiques-de-presse\\\/communaute-agglomeration-du-choletais-7623\"},\"wordCount\":471,\"commentCount\":0,\"image\":{\"@id\":\"https:\\\/\\\/group.voltalis.com\\\/fr\\\/type-de-contenu\\\/communiques-de-presse\\\/communaute-agglomeration-du-choletais-7623#primaryimage\"},\"thumbnailUrl\":\"https:\\\/\\\/group.voltalis.com\\\/wp-content\\\/uploads\\\/2024\\\/02\\\/dispositif-voltalis.png\",\"articleSection\":[\"Collectivit\u00e9s\",\"Communiqu\u00e9s\"],\"inLanguage\":\"fr-FR\"},{\"@type\":\"WebPage\",\"@id\":\"https:\\\/\\\/group.voltalis.com\\\/fr\\\/type-de-contenu\\\/communiques-de-presse\\\/communaute-agglomeration-du-choletais-7623\",\"url\":\"https:\\\/\\\/group.voltalis.com\\\/fr\\\/type-de-contenu\\\/communiques-de-presse\\\/communaute-agglomeration-du-choletais-7623\",\"name\":\"Voltalis d\u00e9ploie son thermostat connect\u00e9 gratuit au sein de la Communaut\u00e9 d\u2019Agglom\u00e9ration du Choletais - Groupe Voltalis\",\"isPartOf\":{\"@id\":\"https:\\\/\\\/group.voltalis.com\\\/en\\\/#website\"},\"primaryImageOfPage\":{\"@id\":\"https:\\\/\\\/group.voltalis.com\\\/fr\\\/type-de-contenu\\\/communiques-de-presse\\\/communaute-agglomeration-du-choletais-7623#primaryimage\"},\"image\":{\"@id\":\"https:\\\/\\\/group.voltalis.com\\\/fr\\\/type-de-contenu\\\/communiques-de-presse\\\/communaute-agglomeration-du-choletais-7623#primaryimage\"},\"thumbnailUrl\":\"https:\\\/\\\/group.voltalis.com\\\/wp-content\\\/uploads\\\/2024\\\/02\\\/dispositif-voltalis.png\",\"datePublished\":\"2024-02-21T14:02:38+00:00\",\"dateModified\":\"2025-09-04T12:41:58+00:00\",\"author\":{\"@id\":\"https:\\\/\\\/group.voltalis.com\\\/en\\\/#\\\/schema\\\/person\\\/0b72ec21cac86d7e1ad1f55c96e0056e\"},\"breadcrumb\":{\"@id\":\"https:\\\/\\\/group.voltalis.com\\\/fr\\\/type-de-contenu\\\/communiques-de-presse\\\/communaute-agglomeration-du-choletais-7623#breadcrumb\"},\"inLanguage\":\"fr-FR\",\"potentialAction\":[{\"@type\":\"ReadAction\",\"target\":[\"https:\\\/\\\/group.voltalis.com\\\/fr\\\/type-de-contenu\\\/communiques-de-presse\\\/communaute-agglomeration-du-choletais-7623\"]}]},{\"@type\":\"ImageObject\",\"inLanguage\":\"fr-FR\",\"@id\":\"https:\\\/\\\/group.voltalis.com\\\/fr\\\/type-de-contenu\\\/communiques-de-presse\\\/communaute-agglomeration-du-choletais-7623#primaryimage\",\"url\":\"https:\\\/\\\/group.voltalis.com\\\/wp-content\\\/uploads\\\/2024\\\/02\\\/dispositif-voltalis.png\",\"contentUrl\":\"https:\\\/\\\/group.voltalis.com\\\/wp-content\\\/uploads\\\/2024\\\/02\\\/dispositif-voltalis.png\"},{\"@type\":\"BreadcrumbList\",\"@id\":\"https:\\\/\\\/group.voltalis.com\\\/fr\\\/type-de-contenu\\\/communiques-de-presse\\\/communaute-agglomeration-du-choletais-7623#breadcrumb\",\"itemListElement\":[{\"@type\":\"ListItem\",\"position\":1,\"name\":\"Home\",\"item\":\"https:\\\/\\\/group.voltalis.com\\\/fr\"},{\"@type\":\"ListItem\",\"position\":2,\"name\":\"Voltalis d\u00e9ploie son thermostat connect\u00e9 gratuit au sein de la Communaut\u00e9 d\u2019Agglom\u00e9ration du Choletais\"}]},{\"@type\":\"WebSite\",\"@id\":\"https:\\\/\\\/group.voltalis.com\\\/en\\\/#website\",\"url\":\"https:\\\/\\\/group.voltalis.com\\\/en\\\/\",\"name\":\"Groupe Voltalis\",\"description\":\"Bien plus que des \u00e9conomies d&#039;\u00e9nergie\",\"potentialAction\":[{\"@type\":\"SearchAction\",\"target\":{\"@type\":\"EntryPoint\",\"urlTemplate\":\"https:\\\/\\\/group.voltalis.com\\\/en\\\/?s={search_term_string}\"},\"query-input\":{\"@type\":\"PropertyValueSpecification\",\"valueRequired\":true,\"valueName\":\"search_term_string\"}}],\"inLanguage\":\"fr-FR\"},{\"@type\":\"Person\",\"@id\":\"https:\\\/\\\/group.voltalis.com\\\/en\\\/#\\\/schema\\\/person\\\/0b72ec21cac86d7e1ad1f55c96e0056e\",\"name\":\"Emma Corson\",\"image\":{\"@type\":\"ImageObject\",\"inLanguage\":\"fr-FR\",\"@id\":\"https:\\\/\\\/secure.gravatar.com\\\/avatar\\\/c31b10fc9fd80670f3cae550df1692fb6e6f5a3e2941ed270ec82834eeefc649?s=96&d=mm&r=g\",\"url\":\"https:\\\/\\\/secure.gravatar.com\\\/avatar\\\/c31b10fc9fd80670f3cae550df1692fb6e6f5a3e2941ed270ec82834eeefc649?s=96&d=mm&r=g\",\"contentUrl\":\"https:\\\/\\\/secure.gravatar.com\\\/avatar\\\/c31b10fc9fd80670f3cae550df1692fb6e6f5a3e2941ed270ec82834eeefc649?s=96&d=mm&r=g\",\"caption\":\"Emma Corson\"},\"url\":\"https:\\\/\\\/group.voltalis.com\\\/fr\\\/author\\\/emma-corson\"}]}<\/script>\n<!-- \/ Yoast SEO plugin. -->","yoast_head_json":{"title":"Voltalis d\u00e9ploie son thermostat connect\u00e9 gratuit au sein de la Communaut\u00e9 d\u2019Agglom\u00e9ration du Choletais - Groupe Voltalis","robots":{"index":"index","follow":"follow","max-snippet":"max-snippet:-1","max-image-preview":"max-image-preview:large","max-video-preview":"max-video-preview:-1"},"canonical":"https:\/\/group.voltalis.com\/fr\/type-de-contenu\/communiques-de-presse\/communaute-agglomeration-du-choletais-7623","og_locale":"fr_FR","og_type":"article","og_title":"Voltalis d\u00e9ploie son thermostat connect\u00e9 gratuit au sein de la Communaut\u00e9 d\u2019Agglom\u00e9ration du Choletais - Groupe Voltalis","og_description":"Dans un contexte de hausse des prix de l\u2019\u00e9lectricit\u00e9, Voltalis offre l\u2019opportunit\u00e9 aux habitants de l\u2019agglom\u00e9ration de r\u00e9duire leur consommation \u00e9lectrique. Le d\u00e9ploiement \u00e9tant pr\u00e9vu le 26 f\u00e9vrier 2024, Voltalis compte plus de 11 500 foyers et locaux professionnels \u00e9ligibles \u00e0 son dispositif gratuit. Visant principalement Cholet, Lys-Haut-Layon, Saint-Christophe-du-Bois et Tr\u00e9mentines,le d\u00e9ploiement de Voltalis dans [&hellip;]","og_url":"https:\/\/group.voltalis.com\/fr\/type-de-contenu\/communiques-de-presse\/communaute-agglomeration-du-choletais-7623","og_site_name":"Groupe Voltalis","article_publisher":"https:\/\/www.facebook.com\/pages\/category\/Product-Service\/Voltalis-178720392179068\/","article_published_time":"2024-02-21T14:02:38+00:00","article_modified_time":"2025-09-04T12:41:58+00:00","og_image":[{"width":232,"height":211,"url":"https:\/\/group.voltalis.com\/wp-content\/uploads\/2024\/02\/dispositif-voltalis.png","type":"image\/png"}],"author":"Emma Corson","twitter_card":"summary_large_image","twitter_misc":{"\u00c9crit par":"Emma Corson","Dur\u00e9e de lecture estim\u00e9e":"3 minutes"},"schema":{"@context":"https:\/\/schema.org","@graph":[{"@type":"Article","@id":"https:\/\/group.voltalis.com\/fr\/type-de-contenu\/communiques-de-presse\/communaute-agglomeration-du-choletais-7623#article","isPartOf":{"@id":"https:\/\/group.voltalis.com\/fr\/type-de-contenu\/communiques-de-presse\/communaute-agglomeration-du-choletais-7623"},"author":{"name":"Emma Corson","@id":"https:\/\/group.voltalis.com\/en\/#\/schema\/person\/0b72ec21cac86d7e1ad1f55c96e0056e"},"headline":"Voltalis d\u00e9ploie son thermostat connect\u00e9 gratuit au sein de la Communaut\u00e9 d\u2019Agglom\u00e9ration du Choletais","datePublished":"2024-02-21T14:02:38+00:00","dateModified":"2025-09-04T12:41:58+00:00","mainEntityOfPage":{"@id":"https:\/\/group.voltalis.com\/fr\/type-de-contenu\/communiques-de-presse\/communaute-agglomeration-du-choletais-7623"},"wordCount":471,"commentCount":0,"image":{"@id":"https:\/\/group.voltalis.com\/fr\/type-de-contenu\/communiques-de-presse\/communaute-agglomeration-du-choletais-7623#primaryimage"},"thumbnailUrl":"https:\/\/group.voltalis.com\/wp-content\/uploads\/2024\/02\/dispositif-voltalis.png","articleSection":["Collectivit\u00e9s","Communiqu\u00e9s"],"inLanguage":"fr-FR"},{"@type":"WebPage","@id":"https:\/\/group.voltalis.com\/fr\/type-de-contenu\/communiques-de-presse\/communaute-agglomeration-du-choletais-7623","url":"https:\/\/group.voltalis.com\/fr\/type-de-contenu\/communiques-de-presse\/communaute-agglomeration-du-choletais-7623","name":"Voltalis d\u00e9ploie son thermostat connect\u00e9 gratuit au sein de la Communaut\u00e9 d\u2019Agglom\u00e9ration du Choletais - Groupe Voltalis","isPartOf":{"@id":"https:\/\/group.voltalis.com\/en\/#website"},"primaryImageOfPage":{"@id":"https:\/\/group.voltalis.com\/fr\/type-de-contenu\/communiques-de-presse\/communaute-agglomeration-du-choletais-7623#primaryimage"},"image":{"@id":"https:\/\/group.voltalis.com\/fr\/type-de-contenu\/communiques-de-presse\/communaute-agglomeration-du-choletais-7623#primaryimage"},"thumbnailUrl":"https:\/\/group.voltalis.com\/wp-content\/uploads\/2024\/02\/dispositif-voltalis.png","datePublished":"2024-02-21T14:02:38+00:00","dateModified":"2025-09-04T12:41:58+00:00","author":{"@id":"https:\/\/group.voltalis.com\/en\/#\/schema\/person\/0b72ec21cac86d7e1ad1f55c96e0056e"},"breadcrumb":{"@id":"https:\/\/group.voltalis.com\/fr\/type-de-contenu\/communiques-de-presse\/communaute-agglomeration-du-choletais-7623#breadcrumb"},"inLanguage":"fr-FR","potentialAction":[{"@type":"ReadAction","target":["https:\/\/group.voltalis.com\/fr\/type-de-contenu\/communiques-de-presse\/communaute-agglomeration-du-choletais-7623"]}]},{"@type":"ImageObject","inLanguage":"fr-FR","@id":"https:\/\/group.voltalis.com\/fr\/type-de-contenu\/communiques-de-presse\/communaute-agglomeration-du-choletais-7623#primaryimage","url":"https:\/\/group.voltalis.com\/wp-content\/uploads\/2024\/02\/dispositif-voltalis.png","contentUrl":"https:\/\/group.voltalis.com\/wp-content\/uploads\/2024\/02\/dispositif-voltalis.png"},{"@type":"BreadcrumbList","@id":"https:\/\/group.voltalis.com\/fr\/type-de-contenu\/communiques-de-presse\/communaute-agglomeration-du-choletais-7623#breadcrumb","itemListElement":[{"@type":"ListItem","position":1,"name":"Home","item":"https:\/\/group.voltalis.com\/fr"},{"@type":"ListItem","position":2,"name":"Voltalis d\u00e9ploie son thermostat connect\u00e9 gratuit au sein de la Communaut\u00e9 d\u2019Agglom\u00e9ration du Choletais"}]},{"@type":"WebSite","@id":"https:\/\/group.voltalis.com\/en\/#website","url":"https:\/\/group.voltalis.com\/en\/","name":"Groupe Voltalis","description":"Bien plus que des \u00e9conomies d&#039;\u00e9nergie","potentialAction":[{"@type":"SearchAction","target":{"@type":"EntryPoint","urlTemplate":"https:\/\/group.voltalis.com\/en\/?s={search_term_string}"},"query-input":{"@type":"PropertyValueSpecification","valueRequired":true,"valueName":"search_term_string"}}],"inLanguage":"fr-FR"},{"@type":"Person","@id":"https:\/\/group.voltalis.com\/en\/#\/schema\/person\/0b72ec21cac86d7e1ad1f55c96e0056e","name":"Emma Corson","image":{"@type":"ImageObject","inLanguage":"fr-FR","@id":"https:\/\/secure.gravatar.com\/avatar\/c31b10fc9fd80670f3cae550df1692fb6e6f5a3e2941ed270ec82834eeefc649?s=96&d=mm&r=g","url":"https:\/\/secure.gravatar.com\/avatar\/c31b10fc9fd80670f3cae550df1692fb6e6f5a3e2941ed270ec82834eeefc649?s=96&d=mm&r=g","contentUrl":"https:\/\/secure.gravatar.com\/avatar\/c31b10fc9fd80670f3cae550df1692fb6e6f5a3e2941ed270ec82834eeefc649?s=96&d=mm&r=g","caption":"Emma Corson"},"url":"https:\/\/group.voltalis.com\/fr\/author\/emma-corson"}]}},"_links":{"self":[{"href":"https:\/\/group.voltalis.com\/fr\/wp-json\/wp\/v2\/posts\/7623","targetHints":{"allow":["GET"]}}],"collection":[{"href":"https:\/\/group.voltalis.com\/fr\/wp-json\/wp\/v2\/posts"}],"about":[{"href":"https:\/\/group.voltalis.com\/fr\/wp-json\/wp\/v2\/types\/post"}],"author":[{"embeddable":true,"href":"https:\/\/group.voltalis.com\/fr\/wp-json\/wp\/v2\/users\/9"}],"replies":[{"embeddable":true,"href":"https:\/\/group.voltalis.com\/fr\/wp-json\/wp\/v2\/comments?post=7623"}],"version-history":[{"count":1,"href":"https:\/\/group.voltalis.com\/fr\/wp-json\/wp\/v2\/posts\/7623\/revisions"}],"predecessor-version":[{"id":10346,"href":"https:\/\/group.voltalis.com\/fr\/wp-json\/wp\/v2\/posts\/7623\/revisions\/10346"}],"wp:attachment":[{"href":"https:\/\/group.voltalis.com\/fr\/wp-json\/wp\/v2\/media?parent=7623"}],"wp:term":[{"taxonomy":"category","embeddable":true,"href":"https:\/\/group.voltalis.com\/fr\/wp-json\/wp\/v2\/categories?post=7623"},{"taxonomy":"post_tag","embeddable":true,"href":"https:\/\/group.voltalis.com\/fr\/wp-json\/wp\/v2\/tags?post=7623"}],"curies":[{"name":"wp","href":"https:\/\/api.w.org\/{rel}","templated":true}]}}