{"id":7787,"date":"2024-05-14T12:05:37","date_gmt":"2024-05-14T10:05:37","guid":{"rendered":"https:\/\/group.voltalis.com\/?p=7787"},"modified":"2025-09-05T09:40:22","modified_gmt":"2025-09-05T07:40:22","slug":"voltalis-salue-levolution-de-la-legislation-europeenne-en-faveur-de-la-flexibilite-electrique","status":"publish","type":"post","link":"https:\/\/group.voltalis.com\/fr\/type-de-contenu\/annonce\/voltalis-salue-levolution-de-la-legislation-europeenne-en-faveur-de-la-flexibilite-electrique-7787","title":{"rendered":"Voltalis salue l\u2019\u00e9volution de la l\u00e9gislation europ\u00e9enne en faveur de la flexibilit\u00e9 \u00e9lectrique"},"content":{"rendered":"\n<p><strong>Voltalis, le leader des solutions connect\u00e9es d&rsquo;\u00e9conomies d&rsquo;\u00e9nergie et de pilotage de la consommation \u00e9lectrique, salue positivement l\u2019annonce de la Commission europ\u00e9enne qui a adopt\u00e9 une r\u00e9forme visant \u00e0 encourager le d\u00e9veloppement de solutions flexibles plus propres, telles que celles contribuant \u00e0 la flexibilit\u00e9 \u00e9lectrique.<\/strong><\/p>\n\n\n\n<p>La r\u00e9forme \u00e9tablit en effet que&nbsp;:<\/p>\n\n\n\n<ul class=\"wp-block-list\">\n<li>Les \u00c9tats membres sont tenus d\u2019avoir des objectifs nationaux et d&rsquo;\u00e9laborer des plans ambitieux, susceptibles d&rsquo;\u00eatre contest\u00e9s s&rsquo;ils sont jug\u00e9s insuffisants.<\/li>\n\n\n\n<li>Des appels d\u2019offre d\u00e9di\u00e9s \u00e0 la flexibilit\u00e9 \u00e9lectrique seront lanc\u00e9s pour atteindre ces objectifs.<\/li>\n\n\n\n<li>Les particuliers doivent pouvoir encore plus contribuer \u00e0 cette flexibilit\u00e9. Cela passe notamment par des compteurs intelligents propos\u00e9s par les gestionnaires de r\u00e9seaux de distribution (GRD), ainsi que d&rsquo;autres solutions techniques. La r\u00e9forme renforce ainsi le r\u00f4le de la flexibilit\u00e9 \u00e9lectrique pendant les heures de pointe, mettant en \u00e9vidence son r\u00f4le essentiel dans la r\u00e9ussite de la transition \u00e9nerg\u00e9tique.<\/li>\n<\/ul>\n\n\n\n<div style=\"height:15px\" aria-hidden=\"true\" class=\"wp-block-spacer\"><\/div>\n\n\n\n<p><em>\u00ab\u00a0Cette annonce de la Commission souligne la tr\u00e8s forte expansion de notre secteur et jette les bases d&rsquo;une croissance qui va encore s\u2019acc\u00e9l\u00e9rer. Il appartient maintenant aux \u00c9tats membres de mettre rapidement en \u0153uvre cette r\u00e9forme. Chez Voltalis, nous saluons l&rsquo;attitude proactive de pays comme le Royaume-Uni, la Su\u00e8de et la Finlande, qui rejoignent la France en tant que leaders europ\u00e9ens dans cette d\u00e9marche\u00a0\u00bb,<\/em> d\u00e9clare <strong>Mathieu Bineau, CEO de Voltalis.<\/strong><\/p>\n","protected":false},"excerpt":{"rendered":"<p>Voltalis, le leader des solutions connect\u00e9es d&rsquo;\u00e9conomies d&rsquo;\u00e9nergie et de pilotage de la consommation \u00e9lectrique, salue positivement l\u2019annonce de la Commission europ\u00e9enne qui a adopt\u00e9 une r\u00e9forme visant \u00e0 encourager le d\u00e9veloppement de solutions flexibles plus propres, telles que celles contribuant \u00e0 la flexibilit\u00e9 \u00e9lectrique. La r\u00e9forme \u00e9tablit en effet que&nbsp;: \u00ab\u00a0Cette annonce de la [&hellip;]<\/p>\n","protected":false},"author":10,"featured_media":0,"comment_status":"open","ping_status":"closed","sticky":false,"template":"","format":"standard","meta":{"_acf_changed":false,"inline_featured_image":false,"footnotes":""},"categories":[201,51],"tags":[],"class_list":["post-7787","post","type-post","status-publish","format-standard","hentry","category-institutionnels","category-annonce"],"acf":[],"yoast_head":"<!-- This site is optimized with the Yoast SEO plugin v27.2 - https:\/\/yoast.com\/product\/yoast-seo-wordpress\/ -->\n<title>Voltalis salue l\u2019\u00e9volution de la l\u00e9gislation europ\u00e9enne en faveur de la flexibilit\u00e9 \u00e9lectrique - Groupe Voltalis<\/title>\n<meta name=\"robots\" content=\"index, follow, max-snippet:-1, max-image-preview:large, max-video-preview:-1\" \/>\n<link rel=\"canonical\" href=\"https:\/\/group.voltalis.com\/fr\/type-de-contenu\/annonce\/voltalis-salue-levolution-de-la-legislation-europeenne-en-faveur-de-la-flexibilite-electrique-7787\" \/>\n<meta property=\"og:locale\" content=\"fr_FR\" \/>\n<meta property=\"og:type\" content=\"article\" \/>\n<meta property=\"og:title\" content=\"Voltalis salue l\u2019\u00e9volution de la l\u00e9gislation europ\u00e9enne en faveur de la flexibilit\u00e9 \u00e9lectrique - Groupe Voltalis\" \/>\n<meta property=\"og:description\" content=\"Voltalis, le leader des solutions connect\u00e9es d&rsquo;\u00e9conomies d&rsquo;\u00e9nergie et de pilotage de la consommation \u00e9lectrique, salue positivement l\u2019annonce de la Commission europ\u00e9enne qui a adopt\u00e9 une r\u00e9forme visant \u00e0 encourager le d\u00e9veloppement de solutions flexibles plus propres, telles que celles contribuant \u00e0 la flexibilit\u00e9 \u00e9lectrique. La r\u00e9forme \u00e9tablit en effet que&nbsp;: \u00ab\u00a0Cette annonce de la [&hellip;]\" \/>\n<meta property=\"og:url\" content=\"https:\/\/group.voltalis.com\/fr\/type-de-contenu\/annonce\/voltalis-salue-levolution-de-la-legislation-europeenne-en-faveur-de-la-flexibilite-electrique-7787\" \/>\n<meta property=\"og:site_name\" content=\"Groupe Voltalis\" \/>\n<meta property=\"article:publisher\" content=\"https:\/\/www.facebook.com\/pages\/category\/Product-Service\/Voltalis-178720392179068\/\" \/>\n<meta property=\"article:published_time\" content=\"2024-05-14T10:05:37+00:00\" \/>\n<meta property=\"article:modified_time\" content=\"2025-09-05T07:40:22+00:00\" \/>\n<meta name=\"author\" content=\"Evelyne Leli\u00e8vre Matoux\" \/>\n<meta name=\"twitter:card\" content=\"summary_large_image\" \/>\n<meta name=\"twitter:label1\" content=\"\u00c9crit par\" \/>\n\t<meta name=\"twitter:data1\" content=\"Evelyne Leli\u00e8vre Matoux\" \/>\n\t<meta name=\"twitter:label2\" content=\"Dur\u00e9e de lecture estim\u00e9e\" \/>\n\t<meta name=\"twitter:data2\" content=\"1 minute\" \/>\n<script type=\"application\/ld+json\" class=\"yoast-schema-graph\">{\"@context\":\"https:\/\/schema.org\",\"@graph\":[{\"@type\":\"Article\",\"@id\":\"https:\/\/group.voltalis.com\/fr\/type-de-contenu\/annonce\/voltalis-salue-levolution-de-la-legislation-europeenne-en-faveur-de-la-flexibilite-electrique-7787#article\",\"isPartOf\":{\"@id\":\"https:\/\/group.voltalis.com\/fr\/type-de-contenu\/annonce\/voltalis-salue-levolution-de-la-legislation-europeenne-en-faveur-de-la-flexibilite-electrique-7787\"},\"author\":{\"name\":\"Evelyne Leli\u00e8vre Matoux\",\"@id\":\"https:\/\/group.voltalis.com\/en\/#\/schema\/person\/d08fc253e7e407a874e4376550b89051\"},\"headline\":\"Voltalis salue l\u2019\u00e9volution de la l\u00e9gislation europ\u00e9enne en faveur de la flexibilit\u00e9 \u00e9lectrique\",\"datePublished\":\"2024-05-14T10:05:37+00:00\",\"dateModified\":\"2025-09-05T07:40:22+00:00\",\"mainEntityOfPage\":{\"@id\":\"https:\/\/group.voltalis.com\/fr\/type-de-contenu\/annonce\/voltalis-salue-levolution-de-la-legislation-europeenne-en-faveur-de-la-flexibilite-electrique-7787\"},\"wordCount\":261,\"commentCount\":0,\"articleSection\":[\"Institutionnels\",\"\u00c9v\u00e9nements\"],\"inLanguage\":\"fr-FR\"},{\"@type\":\"WebPage\",\"@id\":\"https:\/\/group.voltalis.com\/fr\/type-de-contenu\/annonce\/voltalis-salue-levolution-de-la-legislation-europeenne-en-faveur-de-la-flexibilite-electrique-7787\",\"url\":\"https:\/\/group.voltalis.com\/fr\/type-de-contenu\/annonce\/voltalis-salue-levolution-de-la-legislation-europeenne-en-faveur-de-la-flexibilite-electrique-7787\",\"name\":\"Voltalis salue l\u2019\u00e9volution de la l\u00e9gislation europ\u00e9enne en faveur de la flexibilit\u00e9 \u00e9lectrique - Groupe Voltalis\",\"isPartOf\":{\"@id\":\"https:\/\/group.voltalis.com\/en\/#website\"},\"datePublished\":\"2024-05-14T10:05:37+00:00\",\"dateModified\":\"2025-09-05T07:40:22+00:00\",\"author\":{\"@id\":\"https:\/\/group.voltalis.com\/en\/#\/schema\/person\/d08fc253e7e407a874e4376550b89051\"},\"breadcrumb\":{\"@id\":\"https:\/\/group.voltalis.com\/fr\/type-de-contenu\/annonce\/voltalis-salue-levolution-de-la-legislation-europeenne-en-faveur-de-la-flexibilite-electrique-7787#breadcrumb\"},\"inLanguage\":\"fr-FR\",\"potentialAction\":[{\"@type\":\"ReadAction\",\"target\":[\"https:\/\/group.voltalis.com\/fr\/type-de-contenu\/annonce\/voltalis-salue-levolution-de-la-legislation-europeenne-en-faveur-de-la-flexibilite-electrique-7787\"]}]},{\"@type\":\"BreadcrumbList\",\"@id\":\"https:\/\/group.voltalis.com\/fr\/type-de-contenu\/annonce\/voltalis-salue-levolution-de-la-legislation-europeenne-en-faveur-de-la-flexibilite-electrique-7787#breadcrumb\",\"itemListElement\":[{\"@type\":\"ListItem\",\"position\":1,\"name\":\"Home\",\"item\":\"https:\/\/group.voltalis.com\/fr\"},{\"@type\":\"ListItem\",\"position\":2,\"name\":\"Voltalis salue l\u2019\u00e9volution de la l\u00e9gislation europ\u00e9enne en faveur de la flexibilit\u00e9 \u00e9lectrique\"}]},{\"@type\":\"WebSite\",\"@id\":\"https:\/\/group.voltalis.com\/en\/#website\",\"url\":\"https:\/\/group.voltalis.com\/en\/\",\"name\":\"Groupe Voltalis\",\"description\":\"Bien plus que des \u00e9conomies d&#039;\u00e9nergie\",\"potentialAction\":[{\"@type\":\"SearchAction\",\"target\":{\"@type\":\"EntryPoint\",\"urlTemplate\":\"https:\/\/group.voltalis.com\/en\/?s={search_term_string}\"},\"query-input\":{\"@type\":\"PropertyValueSpecification\",\"valueRequired\":true,\"valueName\":\"search_term_string\"}}],\"inLanguage\":\"fr-FR\"},{\"@type\":\"Person\",\"@id\":\"https:\/\/group.voltalis.com\/en\/#\/schema\/person\/d08fc253e7e407a874e4376550b89051\",\"name\":\"Evelyne Leli\u00e8vre Matoux\",\"image\":{\"@type\":\"ImageObject\",\"inLanguage\":\"fr-FR\",\"@id\":\"https:\/\/secure.gravatar.com\/avatar\/1b0902e88802da20d55cd7befdd1f0547d503be9bd0ee21a51f56f0c2dfb282a?s=96&d=mm&r=g\",\"url\":\"https:\/\/secure.gravatar.com\/avatar\/1b0902e88802da20d55cd7befdd1f0547d503be9bd0ee21a51f56f0c2dfb282a?s=96&d=mm&r=g\",\"contentUrl\":\"https:\/\/secure.gravatar.com\/avatar\/1b0902e88802da20d55cd7befdd1f0547d503be9bd0ee21a51f56f0c2dfb282a?s=96&d=mm&r=g\",\"caption\":\"Evelyne Leli\u00e8vre Matoux\"},\"url\":\"https:\/\/group.voltalis.com\/fr\/author\/evelyne-lelievre-matoux\"}]}<\/script>\n<!-- \/ Yoast SEO plugin. -->","yoast_head_json":{"title":"Voltalis salue l\u2019\u00e9volution de la l\u00e9gislation europ\u00e9enne en faveur de la flexibilit\u00e9 \u00e9lectrique - Groupe Voltalis","robots":{"index":"index","follow":"follow","max-snippet":"max-snippet:-1","max-image-preview":"max-image-preview:large","max-video-preview":"max-video-preview:-1"},"canonical":"https:\/\/group.voltalis.com\/fr\/type-de-contenu\/annonce\/voltalis-salue-levolution-de-la-legislation-europeenne-en-faveur-de-la-flexibilite-electrique-7787","og_locale":"fr_FR","og_type":"article","og_title":"Voltalis salue l\u2019\u00e9volution de la l\u00e9gislation europ\u00e9enne en faveur de la flexibilit\u00e9 \u00e9lectrique - Groupe Voltalis","og_description":"Voltalis, le leader des solutions connect\u00e9es d&rsquo;\u00e9conomies d&rsquo;\u00e9nergie et de pilotage de la consommation \u00e9lectrique, salue positivement l\u2019annonce de la Commission europ\u00e9enne qui a adopt\u00e9 une r\u00e9forme visant \u00e0 encourager le d\u00e9veloppement de solutions flexibles plus propres, telles que celles contribuant \u00e0 la flexibilit\u00e9 \u00e9lectrique. La r\u00e9forme \u00e9tablit en effet que&nbsp;: \u00ab\u00a0Cette annonce de la [&hellip;]","og_url":"https:\/\/group.voltalis.com\/fr\/type-de-contenu\/annonce\/voltalis-salue-levolution-de-la-legislation-europeenne-en-faveur-de-la-flexibilite-electrique-7787","og_site_name":"Groupe Voltalis","article_publisher":"https:\/\/www.facebook.com\/pages\/category\/Product-Service\/Voltalis-178720392179068\/","article_published_time":"2024-05-14T10:05:37+00:00","article_modified_time":"2025-09-05T07:40:22+00:00","author":"Evelyne Leli\u00e8vre Matoux","twitter_card":"summary_large_image","twitter_misc":{"\u00c9crit par":"Evelyne Leli\u00e8vre Matoux","Dur\u00e9e de lecture estim\u00e9e":"1 minute"},"schema":{"@context":"https:\/\/schema.org","@graph":[{"@type":"Article","@id":"https:\/\/group.voltalis.com\/fr\/type-de-contenu\/annonce\/voltalis-salue-levolution-de-la-legislation-europeenne-en-faveur-de-la-flexibilite-electrique-7787#article","isPartOf":{"@id":"https:\/\/group.voltalis.com\/fr\/type-de-contenu\/annonce\/voltalis-salue-levolution-de-la-legislation-europeenne-en-faveur-de-la-flexibilite-electrique-7787"},"author":{"name":"Evelyne Leli\u00e8vre Matoux","@id":"https:\/\/group.voltalis.com\/en\/#\/schema\/person\/d08fc253e7e407a874e4376550b89051"},"headline":"Voltalis salue l\u2019\u00e9volution de la l\u00e9gislation europ\u00e9enne en faveur de la flexibilit\u00e9 \u00e9lectrique","datePublished":"2024-05-14T10:05:37+00:00","dateModified":"2025-09-05T07:40:22+00:00","mainEntityOfPage":{"@id":"https:\/\/group.voltalis.com\/fr\/type-de-contenu\/annonce\/voltalis-salue-levolution-de-la-legislation-europeenne-en-faveur-de-la-flexibilite-electrique-7787"},"wordCount":261,"commentCount":0,"articleSection":["Institutionnels","\u00c9v\u00e9nements"],"inLanguage":"fr-FR"},{"@type":"WebPage","@id":"https:\/\/group.voltalis.com\/fr\/type-de-contenu\/annonce\/voltalis-salue-levolution-de-la-legislation-europeenne-en-faveur-de-la-flexibilite-electrique-7787","url":"https:\/\/group.voltalis.com\/fr\/type-de-contenu\/annonce\/voltalis-salue-levolution-de-la-legislation-europeenne-en-faveur-de-la-flexibilite-electrique-7787","name":"Voltalis salue l\u2019\u00e9volution de la l\u00e9gislation europ\u00e9enne en faveur de la flexibilit\u00e9 \u00e9lectrique - Groupe Voltalis","isPartOf":{"@id":"https:\/\/group.voltalis.com\/en\/#website"},"datePublished":"2024-05-14T10:05:37+00:00","dateModified":"2025-09-05T07:40:22+00:00","author":{"@id":"https:\/\/group.voltalis.com\/en\/#\/schema\/person\/d08fc253e7e407a874e4376550b89051"},"breadcrumb":{"@id":"https:\/\/group.voltalis.com\/fr\/type-de-contenu\/annonce\/voltalis-salue-levolution-de-la-legislation-europeenne-en-faveur-de-la-flexibilite-electrique-7787#breadcrumb"},"inLanguage":"fr-FR","potentialAction":[{"@type":"ReadAction","target":["https:\/\/group.voltalis.com\/fr\/type-de-contenu\/annonce\/voltalis-salue-levolution-de-la-legislation-europeenne-en-faveur-de-la-flexibilite-electrique-7787"]}]},{"@type":"BreadcrumbList","@id":"https:\/\/group.voltalis.com\/fr\/type-de-contenu\/annonce\/voltalis-salue-levolution-de-la-legislation-europeenne-en-faveur-de-la-flexibilite-electrique-7787#breadcrumb","itemListElement":[{"@type":"ListItem","position":1,"name":"Home","item":"https:\/\/group.voltalis.com\/fr"},{"@type":"ListItem","position":2,"name":"Voltalis salue l\u2019\u00e9volution de la l\u00e9gislation europ\u00e9enne en faveur de la flexibilit\u00e9 \u00e9lectrique"}]},{"@type":"WebSite","@id":"https:\/\/group.voltalis.com\/en\/#website","url":"https:\/\/group.voltalis.com\/en\/","name":"Groupe Voltalis","description":"Bien plus que des \u00e9conomies d&#039;\u00e9nergie","potentialAction":[{"@type":"SearchAction","target":{"@type":"EntryPoint","urlTemplate":"https:\/\/group.voltalis.com\/en\/?s={search_term_string}"},"query-input":{"@type":"PropertyValueSpecification","valueRequired":true,"valueName":"search_term_string"}}],"inLanguage":"fr-FR"},{"@type":"Person","@id":"https:\/\/group.voltalis.com\/en\/#\/schema\/person\/d08fc253e7e407a874e4376550b89051","name":"Evelyne Leli\u00e8vre Matoux","image":{"@type":"ImageObject","inLanguage":"fr-FR","@id":"https:\/\/secure.gravatar.com\/avatar\/1b0902e88802da20d55cd7befdd1f0547d503be9bd0ee21a51f56f0c2dfb282a?s=96&d=mm&r=g","url":"https:\/\/secure.gravatar.com\/avatar\/1b0902e88802da20d55cd7befdd1f0547d503be9bd0ee21a51f56f0c2dfb282a?s=96&d=mm&r=g","contentUrl":"https:\/\/secure.gravatar.com\/avatar\/1b0902e88802da20d55cd7befdd1f0547d503be9bd0ee21a51f56f0c2dfb282a?s=96&d=mm&r=g","caption":"Evelyne Leli\u00e8vre Matoux"},"url":"https:\/\/group.voltalis.com\/fr\/author\/evelyne-lelievre-matoux"}]}},"_links":{"self":[{"href":"https:\/\/group.voltalis.com\/fr\/wp-json\/wp\/v2\/posts\/7787","targetHints":{"allow":["GET"]}}],"collection":[{"href":"https:\/\/group.voltalis.com\/fr\/wp-json\/wp\/v2\/posts"}],"about":[{"href":"https:\/\/group.voltalis.com\/fr\/wp-json\/wp\/v2\/types\/post"}],"author":[{"embeddable":true,"href":"https:\/\/group.voltalis.com\/fr\/wp-json\/wp\/v2\/users\/10"}],"replies":[{"embeddable":true,"href":"https:\/\/group.voltalis.com\/fr\/wp-json\/wp\/v2\/comments?post=7787"}],"version-history":[{"count":1,"href":"https:\/\/group.voltalis.com\/fr\/wp-json\/wp\/v2\/posts\/7787\/revisions"}],"predecessor-version":[{"id":10476,"href":"https:\/\/group.voltalis.com\/fr\/wp-json\/wp\/v2\/posts\/7787\/revisions\/10476"}],"wp:attachment":[{"href":"https:\/\/group.voltalis.com\/fr\/wp-json\/wp\/v2\/media?parent=7787"}],"wp:term":[{"taxonomy":"category","embeddable":true,"href":"https:\/\/group.voltalis.com\/fr\/wp-json\/wp\/v2\/categories?post=7787"},{"taxonomy":"post_tag","embeddable":true,"href":"https:\/\/group.voltalis.com\/fr\/wp-json\/wp\/v2\/tags?post=7787"}],"curies":[{"name":"wp","href":"https:\/\/api.w.org\/{rel}","templated":true}]}}