{"id":7841,"date":"2024-06-06T12:01:26","date_gmt":"2024-06-06T10:01:26","guid":{"rendered":"https:\/\/group.voltalis.com\/?p=7841"},"modified":"2025-09-04T14:59:38","modified_gmt":"2025-09-04T12:59:38","slug":"hautes-alpes-communaute-de-communes-sisteronais-buech","status":"publish","type":"post","link":"https:\/\/group.voltalis.com\/fr\/type-de-contenu\/communiques-de-presse\/hautes-alpes-communaute-de-communes-sisteronais-buech-7841","title":{"rendered":"Une premi\u00e8re dans les Hautes-Alpes &#8211; La Communaut\u00e9 de Communes du Sisteronais-Bu\u00ebch fait confiance \u00e0 Voltalis pour d\u00e9ployer son thermostat connect\u00e9 gratuit"},"content":{"rendered":"\n<p><strong>Alors que les temp\u00e9ratures se font douces, il est d\u00e9j\u00e0 temps de penser \u00e0 l\u2019hiver prochain. <\/strong><br><strong>A partir du 24 juin, 3500 particuliers et professionnels chauff\u00e9s \u00e0 l\u2019\u00e9lectrique peuvent b\u00e9n\u00e9ficier de thermostats connect\u00e9s Voltalis. Install\u00e9s gratuitement et sans travaux, ils permettent, gr\u00e2ce \u00e0 une application mobile, de surveiller, piloter et programmer sa consommation d\u2019\u00e9nergie en temps r\u00e9el. Cette solution permet d\u2019\u00e9conomiser en moyenne 15% sur la facture \u00e9lectrique.<\/strong><\/p>\n\n\n\n<p class=\"has-medium-font-size\"><strong>Une d\u00e9marche \u00e9co-responsable aupr\u00e8s des habitants chauff\u00e9s \u00e0 l\u2019\u00e9lectrique<\/strong><\/p>\n\n\n\n<p>Le d\u00e9ploiement d\u00e9bute \u00e0 Sisteron et se poursuivra \u00e0 Garde-Colombe, Laragne-Mont\u00e9glin ainsi que sur tout le territoire de la communaut\u00e9 de communes. Tous les habitants dont le logement est chauff\u00e9 \u00e0 l&rsquo;\u00e9lectrique, ainsi que les professionnels dont le local est chauff\u00e9 de la m\u00eame mani\u00e8re, sont \u00e9ligibles \u00e0 l\u2019installation du dispositif Voltalis qui leur permettra de r\u00e9aliser <strong>jusqu\u2019\u00e0 15% d\u2019\u00e9conomies d\u2019\u00e9nergie.<\/strong><\/p>\n\n\n\n<p>Le thermostat connect\u00e9 agit \u00e9galement en faveur de l\u2019environnement en r\u00e9duisant <strong>jusqu\u2019\u00e0 70% les \u00e9missions <\/strong><strong>CO<sub>2<\/sub><\/strong><sub> <\/sub>des logements ou locaux \u00e9quip\u00e9s. Voltalis participera ainsi aux objectifs de la communaut\u00e9 de communes en termes de r\u00e9duction des \u00e9missions de gaz \u00e0 effet de serre et de la consommation \u00e9nerg\u00e9tique des habitants.<\/p>\n\n\n\n<p class=\"has-medium-font-size\"><strong>Qu&rsquo;est-ce que le thermostat connect\u00e9 Voltalis&nbsp;?<\/strong><\/p>\n\n\n<div class=\"wp-block-image\">\n<figure class=\"alignleft size-full is-resized\"><img loading=\"lazy\" decoding=\"async\" width=\"232\" height=\"211\" src=\"https:\/\/group.voltalis.com\/wp-content\/uploads\/2024\/02\/dispositif-voltalis.png\" alt=\"\" class=\"wp-image-7624\" style=\"width:198px;height:auto\"\/><\/figure>\n<\/div>\n\n\n<p>Le thermostat connect\u00e9 Voltalis est un <strong>dispositif reconnu par RTE<\/strong>, le gestionnaire du r\u00e9seau de transport d&rsquo;\u00e9lectricit\u00e9 fran\u00e7ais, et sans abonnement. La soci\u00e9t\u00e9 l\u2019installe gratuitement sur les radiateurs du logement ou du local professionnel.<\/p>\n\n\n\n<p>Gr\u00e2ce \u00e0 l\u2019application web et mobile <a href=\"https:\/\/www.voltalis.com\/myvoltalis-lapplication-de-suivi-de-consommation-electrique\">MyVoltalis<\/a>, l\u2019adh\u00e9rent peut d\u00e9finir une temp\u00e9rature pi\u00e8ce par pi\u00e8ce et programmer ses radiateurs en fonction de ses habitudes<a>.<\/a> Il a aussi acc\u00e8s au suivi de ses consommations \u00e9lectriques par cat\u00e9gorie (chauffage, eau-chaude, gros \u00e9lectrom\u00e9nager, multim\u00e9dia\u2026) pour lui permettre d\u2019optimiser leur utilisation. L&rsquo;adh\u00e9rent b\u00e9n\u00e9ficie \u00e9galement d\u2019alertes et de conseils pour d\u00e9penser moins et r\u00e9duire simplement son impact.<\/p>\n\n\n\n<p>Parall\u00e8lement, la solution joue un r\u00f4le actif dans la s\u00e9curit\u00e9 de l&rsquo;approvisionnement \u00e9lectrique des Fran\u00e7ais. Lors de pics de demande, en particulier pendant les p\u00e9riodes hivernales, Voltalis peut bri\u00e8vement r\u00e9duire la consommation des appareils connect\u00e9s, sans pour autant impacter le confort des utilisateurs.<\/p>\n\n\n\n<p>Cette solution vertueuse, <strong>d\u00e9j\u00e0 d\u00e9ploy\u00e9e dans plus de 250 000 foyers et entreprises<\/strong> en France et en Europe, contribue \u00e0 r\u00e9duire la consommation \u00e9lectrique nationale aux moments opportuns, limitant ainsi le recours \u00e0 des centrales thermiques polluantes fonctionnant au gaz, au fioul ou au charbon. Elle participe \u00e0 la r\u00e9duction des risques de d\u00e9lestages ou de coupures sur le r\u00e9seau.<\/p>\n\n\n\n<p class=\"has-medium-font-size\"><strong>Comment en b\u00e9n\u00e9ficier&nbsp;?<\/strong><\/p>\n\n\n\n<p>Les propri\u00e9taires comme les locataires peuvent b\u00e9n\u00e9ficier de ce dispositif innovant.<br>Des conseillers Voltalis viendront \u00e0 leur rencontre pour pr\u00e9senter le thermostat connect\u00e9 et proposer un rendez-vous d\u2019installation.<\/p>\n\n\n\n<p>Il est d\u2019ores et d\u00e9j\u00e0 possible de solliciter l\u2019installation de ce dispositif en contactant Voltalis au <strong>04 56 60 87 47<\/strong> ou par mail&nbsp;: <strong>ccsb@voltalis.com<\/strong>. Un rendez-vous est fix\u00e9 dans les 2 semaines avec un technicien Voltalis agr\u00e9\u00e9. Il faut compter en moyenne 2h30 pour un logement comptant 5 radiateurs.<\/p>\n\n\n<div class=\"wp-block-image\">\n<figure class=\"aligncenter size-large\"><img loading=\"lazy\" decoding=\"async\" width=\"1024\" height=\"683\" src=\"https:\/\/group.voltalis.com\/wp-content\/uploads\/2024\/01\/DSC06116-BD-1024x683.jpg\" alt=\"\" class=\"wp-image-7327\" srcset=\"https:\/\/group.voltalis.com\/wp-content\/uploads\/2024\/01\/DSC06116-BD-1024x683.jpg 1024w, https:\/\/group.voltalis.com\/wp-content\/uploads\/2024\/01\/DSC06116-BD-300x200.jpg 300w, https:\/\/group.voltalis.com\/wp-content\/uploads\/2024\/01\/DSC06116-BD-768x512.jpg 768w, https:\/\/group.voltalis.com\/wp-content\/uploads\/2024\/01\/DSC06116-BD-1536x1024.jpg 1536w, https:\/\/group.voltalis.com\/wp-content\/uploads\/2024\/01\/DSC06116-BD.jpg 1950w\" sizes=\"auto, (max-width: 1024px) 100vw, 1024px\" \/><\/figure>\n<\/div>\n\n\n<div style=\"height:30px\" aria-hidden=\"true\" class=\"wp-block-spacer\"><\/div>\n\n\n\n<p class=\"has-text-align-center\"><strong>Contacts presse&nbsp;:<\/strong><\/p>\n\n\n\n<figure class=\"wp-block-table\"><table><tbody><tr><td><strong>Voltalis&nbsp;<\/strong>: <br>Anne-Laure DAULIER<br>Agence de Relations Presse Shan<br>voltalis@shan.fr<br>06 28 59 50 38<\/td><td><strong>Communaut\u00e9 de Communes du Sisteronais-Bu\u00ebch&nbsp;:<br><\/strong>Matthieu Aucomte &#8211; Charg\u00e9 de communication<br>matthieu.aucomte@sisteronais-buech.fr<br>04 92 31 27 52<\/td><\/tr><\/tbody><\/table><\/figure>\n\n\n\n<div style=\"height:25px\" aria-hidden=\"true\" class=\"wp-block-spacer\"><\/div>\n\n\n\n<div class=\"wp-block-buttons is-content-justification-center is-layout-flex wp-container-core-buttons-is-layout-16018d1d wp-block-buttons-is-layout-flex\">\n<div class=\"wp-block-button\"><a class=\"wp-block-button__link has-white-color has-text-color has-background has-link-color has-text-align-center wp-element-button\" href=\"https:\/\/group.voltalis.com\/wp-content\/uploads\/2024\/06\/CP_Voltalis_Sisteronais-1.pdf\" style=\"border-radius:5px;background-color:#4dbef7\" target=\"_blank\" rel=\"noreferrer noopener\"><strong>T\u00e9l\u00e9charger le communiqu\u00e9 de presse<\/strong><\/a><\/div>\n<\/div>\n","protected":false},"excerpt":{"rendered":"<p>Alors que les temp\u00e9ratures se font douces, il est d\u00e9j\u00e0 temps de penser \u00e0 l\u2019hiver prochain. A partir du 24 juin, 3500 particuliers et professionnels chauff\u00e9s \u00e0 l\u2019\u00e9lectrique peuvent b\u00e9n\u00e9ficier de thermostats connect\u00e9s Voltalis. Install\u00e9s gratuitement et sans travaux, ils permettent, gr\u00e2ce \u00e0 une application mobile, de surveiller, piloter et programmer sa consommation d\u2019\u00e9nergie en [&hellip;]<\/p>\n","protected":false},"author":9,"featured_media":0,"comment_status":"open","ping_status":"closed","sticky":false,"template":"","format":"standard","meta":{"_acf_changed":false,"inline_featured_image":false,"footnotes":""},"categories":[199,3],"tags":[],"class_list":["post-7841","post","type-post","status-publish","format-standard","hentry","category-collectivites","category-communiques-de-presse"],"acf":[],"yoast_head":"<!-- This site is optimized with the Yoast SEO plugin v27.5 - https:\/\/yoast.com\/product\/yoast-seo-wordpress\/ -->\n<title>Une premi\u00e8re dans les Hautes-Alpes - La Communaut\u00e9 de Communes du Sisteronais-Bu\u00ebch fait confiance \u00e0 Voltalis pour d\u00e9ployer son thermostat connect\u00e9 gratuit - Groupe Voltalis<\/title>\n<meta name=\"robots\" content=\"index, follow, max-snippet:-1, max-image-preview:large, max-video-preview:-1\" \/>\n<link rel=\"canonical\" href=\"https:\/\/group.voltalis.com\/fr\/type-de-contenu\/communiques-de-presse\/hautes-alpes-communaute-de-communes-sisteronais-buech-7841\" \/>\n<meta property=\"og:locale\" content=\"fr_FR\" \/>\n<meta property=\"og:type\" content=\"article\" \/>\n<meta property=\"og:title\" content=\"Une premi\u00e8re dans les Hautes-Alpes - La Communaut\u00e9 de Communes du Sisteronais-Bu\u00ebch fait confiance \u00e0 Voltalis pour d\u00e9ployer son thermostat connect\u00e9 gratuit - Groupe Voltalis\" \/>\n<meta property=\"og:description\" content=\"Alors que les temp\u00e9ratures se font douces, il est d\u00e9j\u00e0 temps de penser \u00e0 l\u2019hiver prochain. A partir du 24 juin, 3500 particuliers et professionnels chauff\u00e9s \u00e0 l\u2019\u00e9lectrique peuvent b\u00e9n\u00e9ficier de thermostats connect\u00e9s Voltalis. Install\u00e9s gratuitement et sans travaux, ils permettent, gr\u00e2ce \u00e0 une application mobile, de surveiller, piloter et programmer sa consommation d\u2019\u00e9nergie en [&hellip;]\" \/>\n<meta property=\"og:url\" content=\"https:\/\/group.voltalis.com\/fr\/type-de-contenu\/communiques-de-presse\/hautes-alpes-communaute-de-communes-sisteronais-buech-7841\" \/>\n<meta property=\"og:site_name\" content=\"Groupe Voltalis\" \/>\n<meta property=\"article:publisher\" content=\"https:\/\/www.facebook.com\/pages\/category\/Product-Service\/Voltalis-178720392179068\/\" \/>\n<meta property=\"article:published_time\" content=\"2024-06-06T10:01:26+00:00\" \/>\n<meta property=\"article:modified_time\" content=\"2025-09-04T12:59:38+00:00\" \/>\n<meta property=\"og:image\" content=\"https:\/\/group.voltalis.com\/wp-content\/uploads\/2024\/02\/dispositif-voltalis.png\" \/>\n\t<meta property=\"og:image:width\" content=\"232\" \/>\n\t<meta property=\"og:image:height\" content=\"211\" \/>\n\t<meta property=\"og:image:type\" content=\"image\/png\" \/>\n<meta name=\"author\" content=\"Emma Corson\" \/>\n<meta name=\"twitter:card\" content=\"summary_large_image\" \/>\n<meta name=\"twitter:label1\" content=\"\u00c9crit par\" \/>\n\t<meta name=\"twitter:data1\" content=\"Emma Corson\" \/>\n\t<meta name=\"twitter:label2\" content=\"Dur\u00e9e de lecture estim\u00e9e\" \/>\n\t<meta name=\"twitter:data2\" content=\"3 minutes\" \/>\n<script type=\"application\/ld+json\" class=\"yoast-schema-graph\">{\"@context\":\"https:\\\/\\\/schema.org\",\"@graph\":[{\"@type\":\"Article\",\"@id\":\"https:\\\/\\\/group.voltalis.com\\\/fr\\\/type-de-contenu\\\/communiques-de-presse\\\/hautes-alpes-communaute-de-communes-sisteronais-buech-7841#article\",\"isPartOf\":{\"@id\":\"https:\\\/\\\/group.voltalis.com\\\/fr\\\/type-de-contenu\\\/communiques-de-presse\\\/hautes-alpes-communaute-de-communes-sisteronais-buech-7841\"},\"author\":{\"name\":\"Emma Corson\",\"@id\":\"https:\\\/\\\/group.voltalis.com\\\/en\\\/#\\\/schema\\\/person\\\/0b72ec21cac86d7e1ad1f55c96e0056e\"},\"headline\":\"Une premi\u00e8re dans les Hautes-Alpes &#8211; La Communaut\u00e9 de Communes du Sisteronais-Bu\u00ebch fait confiance \u00e0 Voltalis pour d\u00e9ployer son thermostat connect\u00e9 gratuit\",\"datePublished\":\"2024-06-06T10:01:26+00:00\",\"dateModified\":\"2025-09-04T12:59:38+00:00\",\"mainEntityOfPage\":{\"@id\":\"https:\\\/\\\/group.voltalis.com\\\/fr\\\/type-de-contenu\\\/communiques-de-presse\\\/hautes-alpes-communaute-de-communes-sisteronais-buech-7841\"},\"wordCount\":592,\"commentCount\":0,\"image\":{\"@id\":\"https:\\\/\\\/group.voltalis.com\\\/fr\\\/type-de-contenu\\\/communiques-de-presse\\\/hautes-alpes-communaute-de-communes-sisteronais-buech-7841#primaryimage\"},\"thumbnailUrl\":\"https:\\\/\\\/group.voltalis.com\\\/wp-content\\\/uploads\\\/2024\\\/02\\\/dispositif-voltalis.png\",\"articleSection\":[\"Collectivit\u00e9s\",\"Communiqu\u00e9s\"],\"inLanguage\":\"fr-FR\"},{\"@type\":\"WebPage\",\"@id\":\"https:\\\/\\\/group.voltalis.com\\\/fr\\\/type-de-contenu\\\/communiques-de-presse\\\/hautes-alpes-communaute-de-communes-sisteronais-buech-7841\",\"url\":\"https:\\\/\\\/group.voltalis.com\\\/fr\\\/type-de-contenu\\\/communiques-de-presse\\\/hautes-alpes-communaute-de-communes-sisteronais-buech-7841\",\"name\":\"Une premi\u00e8re dans les Hautes-Alpes - La Communaut\u00e9 de Communes du Sisteronais-Bu\u00ebch fait confiance \u00e0 Voltalis pour d\u00e9ployer son thermostat connect\u00e9 gratuit - Groupe Voltalis\",\"isPartOf\":{\"@id\":\"https:\\\/\\\/group.voltalis.com\\\/en\\\/#website\"},\"primaryImageOfPage\":{\"@id\":\"https:\\\/\\\/group.voltalis.com\\\/fr\\\/type-de-contenu\\\/communiques-de-presse\\\/hautes-alpes-communaute-de-communes-sisteronais-buech-7841#primaryimage\"},\"image\":{\"@id\":\"https:\\\/\\\/group.voltalis.com\\\/fr\\\/type-de-contenu\\\/communiques-de-presse\\\/hautes-alpes-communaute-de-communes-sisteronais-buech-7841#primaryimage\"},\"thumbnailUrl\":\"https:\\\/\\\/group.voltalis.com\\\/wp-content\\\/uploads\\\/2024\\\/02\\\/dispositif-voltalis.png\",\"datePublished\":\"2024-06-06T10:01:26+00:00\",\"dateModified\":\"2025-09-04T12:59:38+00:00\",\"author\":{\"@id\":\"https:\\\/\\\/group.voltalis.com\\\/en\\\/#\\\/schema\\\/person\\\/0b72ec21cac86d7e1ad1f55c96e0056e\"},\"breadcrumb\":{\"@id\":\"https:\\\/\\\/group.voltalis.com\\\/fr\\\/type-de-contenu\\\/communiques-de-presse\\\/hautes-alpes-communaute-de-communes-sisteronais-buech-7841#breadcrumb\"},\"inLanguage\":\"fr-FR\",\"potentialAction\":[{\"@type\":\"ReadAction\",\"target\":[\"https:\\\/\\\/group.voltalis.com\\\/fr\\\/type-de-contenu\\\/communiques-de-presse\\\/hautes-alpes-communaute-de-communes-sisteronais-buech-7841\"]}]},{\"@type\":\"ImageObject\",\"inLanguage\":\"fr-FR\",\"@id\":\"https:\\\/\\\/group.voltalis.com\\\/fr\\\/type-de-contenu\\\/communiques-de-presse\\\/hautes-alpes-communaute-de-communes-sisteronais-buech-7841#primaryimage\",\"url\":\"https:\\\/\\\/group.voltalis.com\\\/wp-content\\\/uploads\\\/2024\\\/02\\\/dispositif-voltalis.png\",\"contentUrl\":\"https:\\\/\\\/group.voltalis.com\\\/wp-content\\\/uploads\\\/2024\\\/02\\\/dispositif-voltalis.png\"},{\"@type\":\"BreadcrumbList\",\"@id\":\"https:\\\/\\\/group.voltalis.com\\\/fr\\\/type-de-contenu\\\/communiques-de-presse\\\/hautes-alpes-communaute-de-communes-sisteronais-buech-7841#breadcrumb\",\"itemListElement\":[{\"@type\":\"ListItem\",\"position\":1,\"name\":\"Home\",\"item\":\"https:\\\/\\\/group.voltalis.com\\\/fr\"},{\"@type\":\"ListItem\",\"position\":2,\"name\":\"Une premi\u00e8re dans les Hautes-Alpes &#8211; La Communaut\u00e9 de Communes du Sisteronais-Bu\u00ebch fait confiance \u00e0 Voltalis pour d\u00e9ployer son thermostat connect\u00e9 gratuit\"}]},{\"@type\":\"WebSite\",\"@id\":\"https:\\\/\\\/group.voltalis.com\\\/en\\\/#website\",\"url\":\"https:\\\/\\\/group.voltalis.com\\\/en\\\/\",\"name\":\"Groupe Voltalis\",\"description\":\"Bien plus que des \u00e9conomies d&#039;\u00e9nergie\",\"potentialAction\":[{\"@type\":\"SearchAction\",\"target\":{\"@type\":\"EntryPoint\",\"urlTemplate\":\"https:\\\/\\\/group.voltalis.com\\\/en\\\/?s={search_term_string}\"},\"query-input\":{\"@type\":\"PropertyValueSpecification\",\"valueRequired\":true,\"valueName\":\"search_term_string\"}}],\"inLanguage\":\"fr-FR\"},{\"@type\":\"Person\",\"@id\":\"https:\\\/\\\/group.voltalis.com\\\/en\\\/#\\\/schema\\\/person\\\/0b72ec21cac86d7e1ad1f55c96e0056e\",\"name\":\"Emma Corson\",\"image\":{\"@type\":\"ImageObject\",\"inLanguage\":\"fr-FR\",\"@id\":\"https:\\\/\\\/secure.gravatar.com\\\/avatar\\\/c31b10fc9fd80670f3cae550df1692fb6e6f5a3e2941ed270ec82834eeefc649?s=96&d=mm&r=g\",\"url\":\"https:\\\/\\\/secure.gravatar.com\\\/avatar\\\/c31b10fc9fd80670f3cae550df1692fb6e6f5a3e2941ed270ec82834eeefc649?s=96&d=mm&r=g\",\"contentUrl\":\"https:\\\/\\\/secure.gravatar.com\\\/avatar\\\/c31b10fc9fd80670f3cae550df1692fb6e6f5a3e2941ed270ec82834eeefc649?s=96&d=mm&r=g\",\"caption\":\"Emma Corson\"},\"url\":\"https:\\\/\\\/group.voltalis.com\\\/fr\\\/author\\\/emma-corson\"}]}<\/script>\n<!-- \/ Yoast SEO plugin. -->","yoast_head_json":{"title":"Une premi\u00e8re dans les Hautes-Alpes - La Communaut\u00e9 de Communes du Sisteronais-Bu\u00ebch fait confiance \u00e0 Voltalis pour d\u00e9ployer son thermostat connect\u00e9 gratuit - Groupe Voltalis","robots":{"index":"index","follow":"follow","max-snippet":"max-snippet:-1","max-image-preview":"max-image-preview:large","max-video-preview":"max-video-preview:-1"},"canonical":"https:\/\/group.voltalis.com\/fr\/type-de-contenu\/communiques-de-presse\/hautes-alpes-communaute-de-communes-sisteronais-buech-7841","og_locale":"fr_FR","og_type":"article","og_title":"Une premi\u00e8re dans les Hautes-Alpes - La Communaut\u00e9 de Communes du Sisteronais-Bu\u00ebch fait confiance \u00e0 Voltalis pour d\u00e9ployer son thermostat connect\u00e9 gratuit - Groupe Voltalis","og_description":"Alors que les temp\u00e9ratures se font douces, il est d\u00e9j\u00e0 temps de penser \u00e0 l\u2019hiver prochain. A partir du 24 juin, 3500 particuliers et professionnels chauff\u00e9s \u00e0 l\u2019\u00e9lectrique peuvent b\u00e9n\u00e9ficier de thermostats connect\u00e9s Voltalis. Install\u00e9s gratuitement et sans travaux, ils permettent, gr\u00e2ce \u00e0 une application mobile, de surveiller, piloter et programmer sa consommation d\u2019\u00e9nergie en [&hellip;]","og_url":"https:\/\/group.voltalis.com\/fr\/type-de-contenu\/communiques-de-presse\/hautes-alpes-communaute-de-communes-sisteronais-buech-7841","og_site_name":"Groupe Voltalis","article_publisher":"https:\/\/www.facebook.com\/pages\/category\/Product-Service\/Voltalis-178720392179068\/","article_published_time":"2024-06-06T10:01:26+00:00","article_modified_time":"2025-09-04T12:59:38+00:00","og_image":[{"width":232,"height":211,"url":"https:\/\/group.voltalis.com\/wp-content\/uploads\/2024\/02\/dispositif-voltalis.png","type":"image\/png"}],"author":"Emma Corson","twitter_card":"summary_large_image","twitter_misc":{"\u00c9crit par":"Emma Corson","Dur\u00e9e de lecture estim\u00e9e":"3 minutes"},"schema":{"@context":"https:\/\/schema.org","@graph":[{"@type":"Article","@id":"https:\/\/group.voltalis.com\/fr\/type-de-contenu\/communiques-de-presse\/hautes-alpes-communaute-de-communes-sisteronais-buech-7841#article","isPartOf":{"@id":"https:\/\/group.voltalis.com\/fr\/type-de-contenu\/communiques-de-presse\/hautes-alpes-communaute-de-communes-sisteronais-buech-7841"},"author":{"name":"Emma Corson","@id":"https:\/\/group.voltalis.com\/en\/#\/schema\/person\/0b72ec21cac86d7e1ad1f55c96e0056e"},"headline":"Une premi\u00e8re dans les Hautes-Alpes &#8211; La Communaut\u00e9 de Communes du Sisteronais-Bu\u00ebch fait confiance \u00e0 Voltalis pour d\u00e9ployer son thermostat connect\u00e9 gratuit","datePublished":"2024-06-06T10:01:26+00:00","dateModified":"2025-09-04T12:59:38+00:00","mainEntityOfPage":{"@id":"https:\/\/group.voltalis.com\/fr\/type-de-contenu\/communiques-de-presse\/hautes-alpes-communaute-de-communes-sisteronais-buech-7841"},"wordCount":592,"commentCount":0,"image":{"@id":"https:\/\/group.voltalis.com\/fr\/type-de-contenu\/communiques-de-presse\/hautes-alpes-communaute-de-communes-sisteronais-buech-7841#primaryimage"},"thumbnailUrl":"https:\/\/group.voltalis.com\/wp-content\/uploads\/2024\/02\/dispositif-voltalis.png","articleSection":["Collectivit\u00e9s","Communiqu\u00e9s"],"inLanguage":"fr-FR"},{"@type":"WebPage","@id":"https:\/\/group.voltalis.com\/fr\/type-de-contenu\/communiques-de-presse\/hautes-alpes-communaute-de-communes-sisteronais-buech-7841","url":"https:\/\/group.voltalis.com\/fr\/type-de-contenu\/communiques-de-presse\/hautes-alpes-communaute-de-communes-sisteronais-buech-7841","name":"Une premi\u00e8re dans les Hautes-Alpes - La Communaut\u00e9 de Communes du Sisteronais-Bu\u00ebch fait confiance \u00e0 Voltalis pour d\u00e9ployer son thermostat connect\u00e9 gratuit - Groupe Voltalis","isPartOf":{"@id":"https:\/\/group.voltalis.com\/en\/#website"},"primaryImageOfPage":{"@id":"https:\/\/group.voltalis.com\/fr\/type-de-contenu\/communiques-de-presse\/hautes-alpes-communaute-de-communes-sisteronais-buech-7841#primaryimage"},"image":{"@id":"https:\/\/group.voltalis.com\/fr\/type-de-contenu\/communiques-de-presse\/hautes-alpes-communaute-de-communes-sisteronais-buech-7841#primaryimage"},"thumbnailUrl":"https:\/\/group.voltalis.com\/wp-content\/uploads\/2024\/02\/dispositif-voltalis.png","datePublished":"2024-06-06T10:01:26+00:00","dateModified":"2025-09-04T12:59:38+00:00","author":{"@id":"https:\/\/group.voltalis.com\/en\/#\/schema\/person\/0b72ec21cac86d7e1ad1f55c96e0056e"},"breadcrumb":{"@id":"https:\/\/group.voltalis.com\/fr\/type-de-contenu\/communiques-de-presse\/hautes-alpes-communaute-de-communes-sisteronais-buech-7841#breadcrumb"},"inLanguage":"fr-FR","potentialAction":[{"@type":"ReadAction","target":["https:\/\/group.voltalis.com\/fr\/type-de-contenu\/communiques-de-presse\/hautes-alpes-communaute-de-communes-sisteronais-buech-7841"]}]},{"@type":"ImageObject","inLanguage":"fr-FR","@id":"https:\/\/group.voltalis.com\/fr\/type-de-contenu\/communiques-de-presse\/hautes-alpes-communaute-de-communes-sisteronais-buech-7841#primaryimage","url":"https:\/\/group.voltalis.com\/wp-content\/uploads\/2024\/02\/dispositif-voltalis.png","contentUrl":"https:\/\/group.voltalis.com\/wp-content\/uploads\/2024\/02\/dispositif-voltalis.png"},{"@type":"BreadcrumbList","@id":"https:\/\/group.voltalis.com\/fr\/type-de-contenu\/communiques-de-presse\/hautes-alpes-communaute-de-communes-sisteronais-buech-7841#breadcrumb","itemListElement":[{"@type":"ListItem","position":1,"name":"Home","item":"https:\/\/group.voltalis.com\/fr"},{"@type":"ListItem","position":2,"name":"Une premi\u00e8re dans les Hautes-Alpes &#8211; La Communaut\u00e9 de Communes du Sisteronais-Bu\u00ebch fait confiance \u00e0 Voltalis pour d\u00e9ployer son thermostat connect\u00e9 gratuit"}]},{"@type":"WebSite","@id":"https:\/\/group.voltalis.com\/en\/#website","url":"https:\/\/group.voltalis.com\/en\/","name":"Groupe Voltalis","description":"Bien plus que des \u00e9conomies d&#039;\u00e9nergie","potentialAction":[{"@type":"SearchAction","target":{"@type":"EntryPoint","urlTemplate":"https:\/\/group.voltalis.com\/en\/?s={search_term_string}"},"query-input":{"@type":"PropertyValueSpecification","valueRequired":true,"valueName":"search_term_string"}}],"inLanguage":"fr-FR"},{"@type":"Person","@id":"https:\/\/group.voltalis.com\/en\/#\/schema\/person\/0b72ec21cac86d7e1ad1f55c96e0056e","name":"Emma Corson","image":{"@type":"ImageObject","inLanguage":"fr-FR","@id":"https:\/\/secure.gravatar.com\/avatar\/c31b10fc9fd80670f3cae550df1692fb6e6f5a3e2941ed270ec82834eeefc649?s=96&d=mm&r=g","url":"https:\/\/secure.gravatar.com\/avatar\/c31b10fc9fd80670f3cae550df1692fb6e6f5a3e2941ed270ec82834eeefc649?s=96&d=mm&r=g","contentUrl":"https:\/\/secure.gravatar.com\/avatar\/c31b10fc9fd80670f3cae550df1692fb6e6f5a3e2941ed270ec82834eeefc649?s=96&d=mm&r=g","caption":"Emma Corson"},"url":"https:\/\/group.voltalis.com\/fr\/author\/emma-corson"}]}},"_links":{"self":[{"href":"https:\/\/group.voltalis.com\/fr\/wp-json\/wp\/v2\/posts\/7841","targetHints":{"allow":["GET"]}}],"collection":[{"href":"https:\/\/group.voltalis.com\/fr\/wp-json\/wp\/v2\/posts"}],"about":[{"href":"https:\/\/group.voltalis.com\/fr\/wp-json\/wp\/v2\/types\/post"}],"author":[{"embeddable":true,"href":"https:\/\/group.voltalis.com\/fr\/wp-json\/wp\/v2\/users\/9"}],"replies":[{"embeddable":true,"href":"https:\/\/group.voltalis.com\/fr\/wp-json\/wp\/v2\/comments?post=7841"}],"version-history":[{"count":1,"href":"https:\/\/group.voltalis.com\/fr\/wp-json\/wp\/v2\/posts\/7841\/revisions"}],"predecessor-version":[{"id":10360,"href":"https:\/\/group.voltalis.com\/fr\/wp-json\/wp\/v2\/posts\/7841\/revisions\/10360"}],"wp:attachment":[{"href":"https:\/\/group.voltalis.com\/fr\/wp-json\/wp\/v2\/media?parent=7841"}],"wp:term":[{"taxonomy":"category","embeddable":true,"href":"https:\/\/group.voltalis.com\/fr\/wp-json\/wp\/v2\/categories?post=7841"},{"taxonomy":"post_tag","embeddable":true,"href":"https:\/\/group.voltalis.com\/fr\/wp-json\/wp\/v2\/tags?post=7841"}],"curies":[{"name":"wp","href":"https:\/\/api.w.org\/{rel}","templated":true}]}}