{"id":7864,"date":"2024-06-13T16:08:02","date_gmt":"2024-06-13T14:08:02","guid":{"rendered":"https:\/\/group.voltalis.com\/?p=7864"},"modified":"2025-09-04T15:21:47","modified_gmt":"2025-09-04T13:21:47","slug":"resultats-appel-offres-flexibilites-locales-2024-enedis","status":"publish","type":"post","link":"https:\/\/group.voltalis.com\/fr\/type-de-contenu\/annonce\/resultats-appel-offres-flexibilites-locales-2024-enedis-7864","title":{"rendered":"R\u00e9sultats de l\u2019Appel d\u2019Offres\u00a0Flexibilit\u00e9s Locales 2024 d\u2019Enedis\u00a0: confiance renouvel\u00e9e aupr\u00e8s de Voltalis"},"content":{"rendered":"\n<p><strong>L\u2019entreprise Voltalis est pour la 3e ann\u00e9e cons\u00e9cutive laur\u00e9ate de l\u2019appel d\u2019offres d\u2019Enedis visant \u00e0 s\u2019attacher les services d\u2019acteurs de la flexibilit\u00e9 pour renforcer la performance du r\u00e9seau public de distribution d\u2019\u00e9lectricit\u00e9.<\/strong> Seul op\u00e9rateur d\u2019effacement retenu, Voltalis remporte l\u2019ensemble des lots sur lesquels elle s\u2019\u00e9tait positionn\u00e9e, \u00e0 savoir\u00a0: Lavandou (Var), Mauguio, S\u00e8te, Viguier (H\u00e9rault) et Boucau (Pyr\u00e9n\u00e9es-Atlantiques).<\/p>\n\n\n\n<p><strong>Benjamin Bailly, Directeur des March\u00e9s et de l\u2019Innovation chez Voltalis&nbsp;<\/strong>d\u00e9clare&nbsp;: \u00ab&nbsp;<em>Ces r\u00e9sultats d\u00e9montrent notre engagement continu aupr\u00e8s d\u2019Enedis et toute la pertinence de notre solution de flexibilit\u00e9 pour contribuer \u00e0 la performance du r\u00e9seau public de distribution d\u2019\u00e9lectricit\u00e9 et au d\u00e9veloppement durable des territoires<\/em>.&nbsp;\u00bb<\/p>\n\n\n\n<p>Comme l\u2019indique <a href=\"https:\/\/www.enedis.fr\/\">Enedis<\/a><a id=\"_ftnref1\" href=\"#_ftn1\">[1]<\/a>\u00a0: \u00ab\u00a0[\u2026] lors de travaux ou d\u2019un incident technique sur le r\u00e9seau, un service de flexibilit\u00e9s locales peut limiter le nombre de clients impact\u00e9s ou les r\u00e9alimenter plus rapidement en \u00e9lectricit\u00e9, sans recourir \u00e0 des groupes \u00e9lectrog\u00e8nes \u00e9metteurs de CO\u2082, et ce, en adaptant temporairement la puissance \u00e9lectrique d\u2019un site pour mieux r\u00e9partir localement les sollicitations sur le r\u00e9seau.\u00a0\u00bb<\/p>\n\n\n\n<p>En effet, Voltalis peut, \u00e0 la demande d\u2019Enedis, r\u00e9duire bri\u00e8vement la consommation des radiateurs \u00e9lectriques, ballons d\u2019eau chaude, pompes \u00e0 chaleur ou encore climatiseurs dans les logements \u00e9quip\u00e9s de son thermostat connect\u00e9, sans aucun impact sur le confort des occupants. Ces derniers agissent ainsi solidairement en faveur de la r\u00e9silience du r\u00e9seau local.<\/p>\n\n\n\n<hr class=\"wp-block-separator has-alpha-channel-opacity\"\/>\n\n\n\n<p><a href=\"#_ftnref1\" id=\"_ftn1\">[1]<\/a> <a href=\"https:\/\/www.enedis.fr\/presse\/flexibilites-locales-enedis-lance-un-appel-doffres-pour-contribuer-la-performance-du-reseau\">Communiqu\u00e9 de presse \u00ab&nbsp;Flexibilit\u00e9s locales : Enedis lance un appel d\u2019offres pour contribuer \u00e0 la performance du r\u00e9seau \u00e9lectrique et au d\u00e9veloppement des \u00e9nergies renouvelables&nbsp;\u00bb<\/a><\/p>\n","protected":false},"excerpt":{"rendered":"<p>L\u2019entreprise Voltalis est pour la 3e ann\u00e9e cons\u00e9cutive laur\u00e9ate de l\u2019appel d\u2019offres d\u2019Enedis visant \u00e0 s\u2019attacher les services d\u2019acteurs de la flexibilit\u00e9 pour renforcer la performance du r\u00e9seau public de distribution d\u2019\u00e9lectricit\u00e9. Seul op\u00e9rateur d\u2019effacement retenu, Voltalis remporte l\u2019ensemble des lots sur lesquels elle s\u2019\u00e9tait positionn\u00e9e, \u00e0 savoir\u00a0: Lavandou (Var), Mauguio, S\u00e8te, Viguier (H\u00e9rault) et [&hellip;]<\/p>\n","protected":false},"author":10,"featured_media":7926,"comment_status":"open","ping_status":"closed","sticky":false,"template":"","format":"standard","meta":{"_acf_changed":false,"inline_featured_image":false,"footnotes":""},"categories":[201,51],"tags":[],"class_list":["post-7864","post","type-post","status-publish","format-standard","has-post-thumbnail","hentry","category-institutionnels","category-annonce"],"acf":[],"yoast_head":"<!-- This site is optimized with the Yoast SEO plugin v27.2 - https:\/\/yoast.com\/product\/yoast-seo-wordpress\/ -->\n<title>R\u00e9sultats de l\u2019Appel d\u2019Offres\u00a0Flexibilit\u00e9s Locales 2024 d\u2019Enedis\u00a0: confiance renouvel\u00e9e aupr\u00e8s de Voltalis - Groupe Voltalis<\/title>\n<meta name=\"robots\" content=\"index, follow, max-snippet:-1, max-image-preview:large, max-video-preview:-1\" \/>\n<link rel=\"canonical\" href=\"https:\/\/group.voltalis.com\/fr\/type-de-contenu\/annonce\/resultats-appel-offres-flexibilites-locales-2024-enedis-7864\" \/>\n<meta property=\"og:locale\" content=\"fr_FR\" \/>\n<meta property=\"og:type\" content=\"article\" \/>\n<meta property=\"og:title\" content=\"R\u00e9sultats de l\u2019Appel d\u2019Offres\u00a0Flexibilit\u00e9s Locales 2024 d\u2019Enedis\u00a0: confiance renouvel\u00e9e aupr\u00e8s de Voltalis - Groupe Voltalis\" \/>\n<meta property=\"og:description\" content=\"L\u2019entreprise Voltalis est pour la 3e ann\u00e9e cons\u00e9cutive laur\u00e9ate de l\u2019appel d\u2019offres d\u2019Enedis visant \u00e0 s\u2019attacher les services d\u2019acteurs de la flexibilit\u00e9 pour renforcer la performance du r\u00e9seau public de distribution d\u2019\u00e9lectricit\u00e9. Seul op\u00e9rateur d\u2019effacement retenu, Voltalis remporte l\u2019ensemble des lots sur lesquels elle s\u2019\u00e9tait positionn\u00e9e, \u00e0 savoir\u00a0: Lavandou (Var), Mauguio, S\u00e8te, Viguier (H\u00e9rault) et [&hellip;]\" \/>\n<meta property=\"og:url\" content=\"https:\/\/group.voltalis.com\/fr\/type-de-contenu\/annonce\/resultats-appel-offres-flexibilites-locales-2024-enedis-7864\" \/>\n<meta property=\"og:site_name\" content=\"Groupe Voltalis\" \/>\n<meta property=\"article:publisher\" content=\"https:\/\/www.facebook.com\/pages\/category\/Product-Service\/Voltalis-178720392179068\/\" \/>\n<meta property=\"article:published_time\" content=\"2024-06-13T14:08:02+00:00\" \/>\n<meta property=\"article:modified_time\" content=\"2025-09-04T13:21:47+00:00\" \/>\n<meta property=\"og:image\" content=\"https:\/\/group.voltalis.com\/wp-content\/uploads\/2024\/06\/Design-sans-titre-13-1024x404.png\" \/>\n\t<meta property=\"og:image:width\" content=\"1024\" \/>\n\t<meta property=\"og:image:height\" content=\"404\" \/>\n\t<meta property=\"og:image:type\" content=\"image\/png\" \/>\n<meta name=\"author\" content=\"Evelyne Leli\u00e8vre Matoux\" \/>\n<meta name=\"twitter:card\" content=\"summary_large_image\" \/>\n<meta name=\"twitter:label1\" content=\"\u00c9crit par\" \/>\n\t<meta name=\"twitter:data1\" content=\"Evelyne Leli\u00e8vre Matoux\" \/>\n\t<meta name=\"twitter:label2\" content=\"Dur\u00e9e de lecture estim\u00e9e\" \/>\n\t<meta name=\"twitter:data2\" content=\"2 minutes\" \/>\n<script type=\"application\/ld+json\" class=\"yoast-schema-graph\">{\"@context\":\"https:\/\/schema.org\",\"@graph\":[{\"@type\":\"Article\",\"@id\":\"https:\/\/group.voltalis.com\/fr\/type-de-contenu\/annonce\/resultats-appel-offres-flexibilites-locales-2024-enedis-7864#article\",\"isPartOf\":{\"@id\":\"https:\/\/group.voltalis.com\/fr\/type-de-contenu\/annonce\/resultats-appel-offres-flexibilites-locales-2024-enedis-7864\"},\"author\":{\"name\":\"Evelyne Leli\u00e8vre Matoux\",\"@id\":\"https:\/\/group.voltalis.com\/en\/#\/schema\/person\/d08fc253e7e407a874e4376550b89051\"},\"headline\":\"R\u00e9sultats de l\u2019Appel d\u2019Offres\u00a0Flexibilit\u00e9s Locales 2024 d\u2019Enedis\u00a0: confiance renouvel\u00e9e aupr\u00e8s de Voltalis\",\"datePublished\":\"2024-06-13T14:08:02+00:00\",\"dateModified\":\"2025-09-04T13:21:47+00:00\",\"mainEntityOfPage\":{\"@id\":\"https:\/\/group.voltalis.com\/fr\/type-de-contenu\/annonce\/resultats-appel-offres-flexibilites-locales-2024-enedis-7864\"},\"wordCount\":308,\"commentCount\":0,\"image\":{\"@id\":\"https:\/\/group.voltalis.com\/fr\/type-de-contenu\/annonce\/resultats-appel-offres-flexibilites-locales-2024-enedis-7864#primaryimage\"},\"thumbnailUrl\":\"https:\/\/group.voltalis.com\/wp-content\/uploads\/2024\/06\/Design-sans-titre-13.png\",\"articleSection\":[\"Institutionnels\",\"\u00c9v\u00e9nements\"],\"inLanguage\":\"fr-FR\"},{\"@type\":\"WebPage\",\"@id\":\"https:\/\/group.voltalis.com\/fr\/type-de-contenu\/annonce\/resultats-appel-offres-flexibilites-locales-2024-enedis-7864\",\"url\":\"https:\/\/group.voltalis.com\/fr\/type-de-contenu\/annonce\/resultats-appel-offres-flexibilites-locales-2024-enedis-7864\",\"name\":\"R\u00e9sultats de l\u2019Appel d\u2019Offres\u00a0Flexibilit\u00e9s Locales 2024 d\u2019Enedis\u00a0: confiance renouvel\u00e9e aupr\u00e8s de Voltalis - Groupe Voltalis\",\"isPartOf\":{\"@id\":\"https:\/\/group.voltalis.com\/en\/#website\"},\"primaryImageOfPage\":{\"@id\":\"https:\/\/group.voltalis.com\/fr\/type-de-contenu\/annonce\/resultats-appel-offres-flexibilites-locales-2024-enedis-7864#primaryimage\"},\"image\":{\"@id\":\"https:\/\/group.voltalis.com\/fr\/type-de-contenu\/annonce\/resultats-appel-offres-flexibilites-locales-2024-enedis-7864#primaryimage\"},\"thumbnailUrl\":\"https:\/\/group.voltalis.com\/wp-content\/uploads\/2024\/06\/Design-sans-titre-13.png\",\"datePublished\":\"2024-06-13T14:08:02+00:00\",\"dateModified\":\"2025-09-04T13:21:47+00:00\",\"author\":{\"@id\":\"https:\/\/group.voltalis.com\/en\/#\/schema\/person\/d08fc253e7e407a874e4376550b89051\"},\"breadcrumb\":{\"@id\":\"https:\/\/group.voltalis.com\/fr\/type-de-contenu\/annonce\/resultats-appel-offres-flexibilites-locales-2024-enedis-7864#breadcrumb\"},\"inLanguage\":\"fr-FR\",\"potentialAction\":[{\"@type\":\"ReadAction\",\"target\":[\"https:\/\/group.voltalis.com\/fr\/type-de-contenu\/annonce\/resultats-appel-offres-flexibilites-locales-2024-enedis-7864\"]}]},{\"@type\":\"ImageObject\",\"inLanguage\":\"fr-FR\",\"@id\":\"https:\/\/group.voltalis.com\/fr\/type-de-contenu\/annonce\/resultats-appel-offres-flexibilites-locales-2024-enedis-7864#primaryimage\",\"url\":\"https:\/\/group.voltalis.com\/wp-content\/uploads\/2024\/06\/Design-sans-titre-13.png\",\"contentUrl\":\"https:\/\/group.voltalis.com\/wp-content\/uploads\/2024\/06\/Design-sans-titre-13.png\",\"width\":2048,\"height\":808},{\"@type\":\"BreadcrumbList\",\"@id\":\"https:\/\/group.voltalis.com\/fr\/type-de-contenu\/annonce\/resultats-appel-offres-flexibilites-locales-2024-enedis-7864#breadcrumb\",\"itemListElement\":[{\"@type\":\"ListItem\",\"position\":1,\"name\":\"Home\",\"item\":\"https:\/\/group.voltalis.com\/fr\"},{\"@type\":\"ListItem\",\"position\":2,\"name\":\"R\u00e9sultats de l\u2019Appel d\u2019Offres\u00a0Flexibilit\u00e9s Locales 2024 d\u2019Enedis\u00a0: confiance renouvel\u00e9e aupr\u00e8s de Voltalis\"}]},{\"@type\":\"WebSite\",\"@id\":\"https:\/\/group.voltalis.com\/en\/#website\",\"url\":\"https:\/\/group.voltalis.com\/en\/\",\"name\":\"Groupe Voltalis\",\"description\":\"Bien plus que des \u00e9conomies d&#039;\u00e9nergie\",\"potentialAction\":[{\"@type\":\"SearchAction\",\"target\":{\"@type\":\"EntryPoint\",\"urlTemplate\":\"https:\/\/group.voltalis.com\/en\/?s={search_term_string}\"},\"query-input\":{\"@type\":\"PropertyValueSpecification\",\"valueRequired\":true,\"valueName\":\"search_term_string\"}}],\"inLanguage\":\"fr-FR\"},{\"@type\":\"Person\",\"@id\":\"https:\/\/group.voltalis.com\/en\/#\/schema\/person\/d08fc253e7e407a874e4376550b89051\",\"name\":\"Evelyne Leli\u00e8vre Matoux\",\"image\":{\"@type\":\"ImageObject\",\"inLanguage\":\"fr-FR\",\"@id\":\"https:\/\/secure.gravatar.com\/avatar\/1b0902e88802da20d55cd7befdd1f0547d503be9bd0ee21a51f56f0c2dfb282a?s=96&d=mm&r=g\",\"url\":\"https:\/\/secure.gravatar.com\/avatar\/1b0902e88802da20d55cd7befdd1f0547d503be9bd0ee21a51f56f0c2dfb282a?s=96&d=mm&r=g\",\"contentUrl\":\"https:\/\/secure.gravatar.com\/avatar\/1b0902e88802da20d55cd7befdd1f0547d503be9bd0ee21a51f56f0c2dfb282a?s=96&d=mm&r=g\",\"caption\":\"Evelyne Leli\u00e8vre Matoux\"},\"url\":\"https:\/\/group.voltalis.com\/fr\/author\/evelyne-lelievre-matoux\"}]}<\/script>\n<!-- \/ Yoast SEO plugin. -->","yoast_head_json":{"title":"R\u00e9sultats de l\u2019Appel d\u2019Offres\u00a0Flexibilit\u00e9s Locales 2024 d\u2019Enedis\u00a0: confiance renouvel\u00e9e aupr\u00e8s de Voltalis - Groupe Voltalis","robots":{"index":"index","follow":"follow","max-snippet":"max-snippet:-1","max-image-preview":"max-image-preview:large","max-video-preview":"max-video-preview:-1"},"canonical":"https:\/\/group.voltalis.com\/fr\/type-de-contenu\/annonce\/resultats-appel-offres-flexibilites-locales-2024-enedis-7864","og_locale":"fr_FR","og_type":"article","og_title":"R\u00e9sultats de l\u2019Appel d\u2019Offres\u00a0Flexibilit\u00e9s Locales 2024 d\u2019Enedis\u00a0: confiance renouvel\u00e9e aupr\u00e8s de Voltalis - Groupe Voltalis","og_description":"L\u2019entreprise Voltalis est pour la 3e ann\u00e9e cons\u00e9cutive laur\u00e9ate de l\u2019appel d\u2019offres d\u2019Enedis visant \u00e0 s\u2019attacher les services d\u2019acteurs de la flexibilit\u00e9 pour renforcer la performance du r\u00e9seau public de distribution d\u2019\u00e9lectricit\u00e9. Seul op\u00e9rateur d\u2019effacement retenu, Voltalis remporte l\u2019ensemble des lots sur lesquels elle s\u2019\u00e9tait positionn\u00e9e, \u00e0 savoir\u00a0: Lavandou (Var), Mauguio, S\u00e8te, Viguier (H\u00e9rault) et [&hellip;]","og_url":"https:\/\/group.voltalis.com\/fr\/type-de-contenu\/annonce\/resultats-appel-offres-flexibilites-locales-2024-enedis-7864","og_site_name":"Groupe Voltalis","article_publisher":"https:\/\/www.facebook.com\/pages\/category\/Product-Service\/Voltalis-178720392179068\/","article_published_time":"2024-06-13T14:08:02+00:00","article_modified_time":"2025-09-04T13:21:47+00:00","og_image":[{"width":1024,"height":404,"url":"https:\/\/group.voltalis.com\/wp-content\/uploads\/2024\/06\/Design-sans-titre-13-1024x404.png","type":"image\/png"}],"author":"Evelyne Leli\u00e8vre Matoux","twitter_card":"summary_large_image","twitter_misc":{"\u00c9crit par":"Evelyne Leli\u00e8vre Matoux","Dur\u00e9e de lecture estim\u00e9e":"2 minutes"},"schema":{"@context":"https:\/\/schema.org","@graph":[{"@type":"Article","@id":"https:\/\/group.voltalis.com\/fr\/type-de-contenu\/annonce\/resultats-appel-offres-flexibilites-locales-2024-enedis-7864#article","isPartOf":{"@id":"https:\/\/group.voltalis.com\/fr\/type-de-contenu\/annonce\/resultats-appel-offres-flexibilites-locales-2024-enedis-7864"},"author":{"name":"Evelyne Leli\u00e8vre Matoux","@id":"https:\/\/group.voltalis.com\/en\/#\/schema\/person\/d08fc253e7e407a874e4376550b89051"},"headline":"R\u00e9sultats de l\u2019Appel d\u2019Offres\u00a0Flexibilit\u00e9s Locales 2024 d\u2019Enedis\u00a0: confiance renouvel\u00e9e aupr\u00e8s de Voltalis","datePublished":"2024-06-13T14:08:02+00:00","dateModified":"2025-09-04T13:21:47+00:00","mainEntityOfPage":{"@id":"https:\/\/group.voltalis.com\/fr\/type-de-contenu\/annonce\/resultats-appel-offres-flexibilites-locales-2024-enedis-7864"},"wordCount":308,"commentCount":0,"image":{"@id":"https:\/\/group.voltalis.com\/fr\/type-de-contenu\/annonce\/resultats-appel-offres-flexibilites-locales-2024-enedis-7864#primaryimage"},"thumbnailUrl":"https:\/\/group.voltalis.com\/wp-content\/uploads\/2024\/06\/Design-sans-titre-13.png","articleSection":["Institutionnels","\u00c9v\u00e9nements"],"inLanguage":"fr-FR"},{"@type":"WebPage","@id":"https:\/\/group.voltalis.com\/fr\/type-de-contenu\/annonce\/resultats-appel-offres-flexibilites-locales-2024-enedis-7864","url":"https:\/\/group.voltalis.com\/fr\/type-de-contenu\/annonce\/resultats-appel-offres-flexibilites-locales-2024-enedis-7864","name":"R\u00e9sultats de l\u2019Appel d\u2019Offres\u00a0Flexibilit\u00e9s Locales 2024 d\u2019Enedis\u00a0: confiance renouvel\u00e9e aupr\u00e8s de Voltalis - Groupe Voltalis","isPartOf":{"@id":"https:\/\/group.voltalis.com\/en\/#website"},"primaryImageOfPage":{"@id":"https:\/\/group.voltalis.com\/fr\/type-de-contenu\/annonce\/resultats-appel-offres-flexibilites-locales-2024-enedis-7864#primaryimage"},"image":{"@id":"https:\/\/group.voltalis.com\/fr\/type-de-contenu\/annonce\/resultats-appel-offres-flexibilites-locales-2024-enedis-7864#primaryimage"},"thumbnailUrl":"https:\/\/group.voltalis.com\/wp-content\/uploads\/2024\/06\/Design-sans-titre-13.png","datePublished":"2024-06-13T14:08:02+00:00","dateModified":"2025-09-04T13:21:47+00:00","author":{"@id":"https:\/\/group.voltalis.com\/en\/#\/schema\/person\/d08fc253e7e407a874e4376550b89051"},"breadcrumb":{"@id":"https:\/\/group.voltalis.com\/fr\/type-de-contenu\/annonce\/resultats-appel-offres-flexibilites-locales-2024-enedis-7864#breadcrumb"},"inLanguage":"fr-FR","potentialAction":[{"@type":"ReadAction","target":["https:\/\/group.voltalis.com\/fr\/type-de-contenu\/annonce\/resultats-appel-offres-flexibilites-locales-2024-enedis-7864"]}]},{"@type":"ImageObject","inLanguage":"fr-FR","@id":"https:\/\/group.voltalis.com\/fr\/type-de-contenu\/annonce\/resultats-appel-offres-flexibilites-locales-2024-enedis-7864#primaryimage","url":"https:\/\/group.voltalis.com\/wp-content\/uploads\/2024\/06\/Design-sans-titre-13.png","contentUrl":"https:\/\/group.voltalis.com\/wp-content\/uploads\/2024\/06\/Design-sans-titre-13.png","width":2048,"height":808},{"@type":"BreadcrumbList","@id":"https:\/\/group.voltalis.com\/fr\/type-de-contenu\/annonce\/resultats-appel-offres-flexibilites-locales-2024-enedis-7864#breadcrumb","itemListElement":[{"@type":"ListItem","position":1,"name":"Home","item":"https:\/\/group.voltalis.com\/fr"},{"@type":"ListItem","position":2,"name":"R\u00e9sultats de l\u2019Appel d\u2019Offres\u00a0Flexibilit\u00e9s Locales 2024 d\u2019Enedis\u00a0: confiance renouvel\u00e9e aupr\u00e8s de Voltalis"}]},{"@type":"WebSite","@id":"https:\/\/group.voltalis.com\/en\/#website","url":"https:\/\/group.voltalis.com\/en\/","name":"Groupe Voltalis","description":"Bien plus que des \u00e9conomies d&#039;\u00e9nergie","potentialAction":[{"@type":"SearchAction","target":{"@type":"EntryPoint","urlTemplate":"https:\/\/group.voltalis.com\/en\/?s={search_term_string}"},"query-input":{"@type":"PropertyValueSpecification","valueRequired":true,"valueName":"search_term_string"}}],"inLanguage":"fr-FR"},{"@type":"Person","@id":"https:\/\/group.voltalis.com\/en\/#\/schema\/person\/d08fc253e7e407a874e4376550b89051","name":"Evelyne Leli\u00e8vre Matoux","image":{"@type":"ImageObject","inLanguage":"fr-FR","@id":"https:\/\/secure.gravatar.com\/avatar\/1b0902e88802da20d55cd7befdd1f0547d503be9bd0ee21a51f56f0c2dfb282a?s=96&d=mm&r=g","url":"https:\/\/secure.gravatar.com\/avatar\/1b0902e88802da20d55cd7befdd1f0547d503be9bd0ee21a51f56f0c2dfb282a?s=96&d=mm&r=g","contentUrl":"https:\/\/secure.gravatar.com\/avatar\/1b0902e88802da20d55cd7befdd1f0547d503be9bd0ee21a51f56f0c2dfb282a?s=96&d=mm&r=g","caption":"Evelyne Leli\u00e8vre Matoux"},"url":"https:\/\/group.voltalis.com\/fr\/author\/evelyne-lelievre-matoux"}]}},"_links":{"self":[{"href":"https:\/\/group.voltalis.com\/fr\/wp-json\/wp\/v2\/posts\/7864","targetHints":{"allow":["GET"]}}],"collection":[{"href":"https:\/\/group.voltalis.com\/fr\/wp-json\/wp\/v2\/posts"}],"about":[{"href":"https:\/\/group.voltalis.com\/fr\/wp-json\/wp\/v2\/types\/post"}],"author":[{"embeddable":true,"href":"https:\/\/group.voltalis.com\/fr\/wp-json\/wp\/v2\/users\/10"}],"replies":[{"embeddable":true,"href":"https:\/\/group.voltalis.com\/fr\/wp-json\/wp\/v2\/comments?post=7864"}],"version-history":[{"count":1,"href":"https:\/\/group.voltalis.com\/fr\/wp-json\/wp\/v2\/posts\/7864\/revisions"}],"predecessor-version":[{"id":10381,"href":"https:\/\/group.voltalis.com\/fr\/wp-json\/wp\/v2\/posts\/7864\/revisions\/10381"}],"wp:featuredmedia":[{"embeddable":true,"href":"https:\/\/group.voltalis.com\/fr\/wp-json\/wp\/v2\/media\/7926"}],"wp:attachment":[{"href":"https:\/\/group.voltalis.com\/fr\/wp-json\/wp\/v2\/media?parent=7864"}],"wp:term":[{"taxonomy":"category","embeddable":true,"href":"https:\/\/group.voltalis.com\/fr\/wp-json\/wp\/v2\/categories?post=7864"},{"taxonomy":"post_tag","embeddable":true,"href":"https:\/\/group.voltalis.com\/fr\/wp-json\/wp\/v2\/tags?post=7864"}],"curies":[{"name":"wp","href":"https:\/\/api.w.org\/{rel}","templated":true}]}}