{"id":7882,"date":"2024-06-17T09:20:00","date_gmt":"2024-06-17T07:20:00","guid":{"rendered":"https:\/\/group.voltalis.com\/?p=7882"},"modified":"2025-09-04T15:29:55","modified_gmt":"2025-09-04T13:29:55","slug":"premier-bilan-partenariat-gpseo","status":"publish","type":"post","link":"https:\/\/group.voltalis.com\/fr\/type-de-contenu\/communiques-de-presse\/premier-bilan-partenariat-gpseo-7882","title":{"rendered":"Premier bilan du partenariat entre Voltalis et GPS&amp;O\u00a0: Des r\u00e9sultats positifs en faveur des \u00e9conomies d\u2019\u00e9nergie et de la transition \u00e9nerg\u00e9tique et \u00e9cologique du territoire"},"content":{"rendered":"\n<p>A l\u2019heure de la remont\u00e9e des temp\u00e9ratures et de l\u2019arr\u00eat des chauffages, GPS&amp;O et Voltalis dressent un premier bilan de leur partenariat. Entre novembre 2023 et juin 2024, pr\u00e8s de <strong>2 200 particuliers et 150 entreprises du territoire<\/strong> ont choisi d\u2019\u00e9quiper leur domicile ou leur local de thermostats connect\u00e9s Voltalis. Avec en moyenne 300 installations r\u00e9alis\u00e9es par mois, cette initiative a permis d\u2019\u00e9conomiser concr\u00e8tement 128 MWh d\u2019\u00e9lectricit\u00e9 sur la Communaut\u00e9 urbaine GPS&amp;O.<\/p>\n\n\n\n<p>Un r\u00e9sultat qui repr\u00e9sente une <strong>\u00e9conomie de 57 tonnes de CO2, soit l\u2019\u00e9quivalent des \u00e9missions de 32 allers-retours Paris-New-York en avion <a href=\"#_ftn1\" id=\"_ftnref1\"><strong>[1]<\/strong><\/a>.<\/strong><\/p>\n\n\n\n<p>Une premi\u00e8re phase tr\u00e8s positive, puisque l\u2019objectif est d\u2019\u00e9quiper 7&nbsp;000 foyers du territoire et plus de 100 locaux professionnels d\u2019ici 2026.<\/p>\n\n\n\n<div style=\"height:15px\" aria-hidden=\"true\" class=\"wp-block-spacer\"><\/div>\n\n\n\n<p class=\"has-medium-font-size\"><strong>Un partenariat pour allier pouvoir d\u2019achat et transition \u00e9nerg\u00e9tique<\/strong><\/p>\n\n\n\n<p>Lanc\u00e9 en novembre 2023 pour une dur\u00e9e de 3 ans, ce partenariat a pour objectif de proposer gratuitement des thermostats connect\u00e9s aux habitants \u00e9quip\u00e9s d\u2019au moins deux radiateurs \u00e9lectriques, permettant de surveiller, piloter et programmer leur consommation \u00e9lectrique. A la cl\u00e9, des \u00e9conomies pouvant repr\u00e9senter jusqu\u2019\u00e0 15% sur la facture \u00e9nerg\u00e9tique.<\/p>\n\n\n\n<p>Install\u00e9s sans frais et sans travaux, ces thermostats permettent, gr\u00e2ce \u00e0 une application web et mobile, de conna\u00eetre et de g\u00e9rer en temps r\u00e9el sa consommation \u00e9lectrique et la temp\u00e9rature des pi\u00e8ces chauff\u00e9es. Un pilotage intelligent pour agir facilement sur le premier poste de d\u00e9penses et de consommation d\u2019\u00e9nergie des foyers, et adopter une v\u00e9ritable d\u00e9marche de sobri\u00e9t\u00e9 et d\u2019efficacit\u00e9 \u00e9nerg\u00e9tique.<\/p>\n\n\n\n<p>En effet, la solution Voltalis permet \u00e9galement une r\u00e9duction de la consommation \u00e9lectrique nationale aux moments opportuns, limitant le recours \u00e0 des centrales thermiques polluantes fonctionnant au gaz, au fioul ou au charbon. Elle participe ainsi \u00e0 \u00e9viter tout risque de d\u00e9lestages. \u00ab&nbsp;<em>Nous sommes fiers des premiers r\u00e9sultats obtenus en l\u2019espace de quelques mois sur notre intercommunalit\u00e9, la premi\u00e8re des Yvelines \u00e0 s\u2019\u00eatre mobilis\u00e9e aux c\u00f4t\u00e9s de Voltalis. Permettre gratuitement de baisser les factures d\u2019\u00e9lectricit\u00e9 de nos concitoyens, tout en contribuant \u00e0 la transition \u00e9cologique, c\u2019est un engagement fort que nous avons \u00e0 c\u0153ur de poursuivre et d\u2019amplifier \u00e0 l\u2019automne et l\u2019hiver prochains \u00bb, <\/em>d\u00e9clare <strong>C\u00e9cile Zammit-Popescu, Pr\u00e9sidente de GPS&amp;O.<\/strong><\/p>\n\n\n\n<p><em>\u00ab&nbsp;Ces tr\u00e8s bons r\u00e9sultats d\u00e9montrent que les habitants de GPS&amp;O ont bien compris l\u2019utilit\u00e9 de notre solution gratuite. Celle-ci leur permet d\u2019agir en faveur de leur pouvoir d\u2019achat, de l\u2019environnement et de contribuer \u00e0 \u00e9viter toute coupure g\u00e9n\u00e9ralis\u00e9e, en toute s\u00e9r\u00e9nit\u00e9 et simplicit\u00e9 \u00bb, <\/em>ajoute <strong>Mathieu Bineau, Directeur G\u00e9n\u00e9ral de Voltalis.<\/strong><\/p>\n\n\n\n<p><\/p>\n\n\n\n<hr class=\"wp-block-separator has-alpha-channel-opacity\"\/>\n\n\n\n<p><a id=\"_ftn1\" href=\"#_ftnref1\">[1]<\/a> <em>Source : <\/em><a href=\"https:\/\/www.geres.eu\/jagis\/calculateur-impact-equivalent-co2\/\"><em>Calculez votre impact en \u00e9quivalent CO2 &#8211; Geres<\/em><\/a><\/p>\n\n\n\n<div style=\"height:20px\" aria-hidden=\"true\" class=\"wp-block-spacer\"><\/div>\n\n\n\n<p class=\"has-text-align-center\"><strong>Contacts presse&nbsp;:<\/strong><\/p>\n\n\n\n<figure class=\"wp-block-table\"><table><tbody><tr><td><strong>Communaut\u00e9 urbaine GPS&amp;O :<\/strong> <br>Anne Dorsemaine \u2013 06 45 19 98 29 \u2013 <a href=\"mailto:anne.dorsemaine@gpseo.fr\">anne.dorsemaine@gpseo.fr<\/a><\/td><td><strong>Voltalis&nbsp;:&nbsp; <\/strong><br>Anne-Laure Daulier (Agence de Relations Presse Shan) \u2013 06 28 59 50 38 \u2013 <a href=\"mailto:voltalis@shan.fr\">voltalis@shan.fr<\/a><\/td><\/tr><\/tbody><\/table><\/figure>\n\n\n\n<div style=\"height:15px\" aria-hidden=\"true\" class=\"wp-block-spacer\"><\/div>\n\n\n\n<div class=\"wp-block-buttons is-content-justification-center is-layout-flex wp-container-core-buttons-is-layout-16018d1d wp-block-buttons-is-layout-flex\">\n<div class=\"wp-block-button\"><a class=\"wp-block-button__link has-white-color has-text-color has-background has-link-color has-text-align-center wp-element-button\" href=\"https:\/\/group.voltalis.com\/wp-content\/uploads\/2024\/06\/CP-GPSO_Voltalis-bilan.pdf\" style=\"border-radius:5px;background-color:#4dbef7\" target=\"_blank\" rel=\"noreferrer noopener\"><strong>T\u00e9l\u00e9charger le communiqu\u00e9 de presse<\/strong><\/a><\/div>\n<\/div>\n","protected":false},"excerpt":{"rendered":"<p>A l\u2019heure de la remont\u00e9e des temp\u00e9ratures et de l\u2019arr\u00eat des chauffages, GPS&amp;O et Voltalis dressent un premier bilan de leur partenariat. Entre novembre 2023 et juin 2024, pr\u00e8s de 2 200 particuliers et 150 entreprises du territoire ont choisi d\u2019\u00e9quiper leur domicile ou leur local de thermostats connect\u00e9s Voltalis. Avec en moyenne 300 installations [&hellip;]<\/p>\n","protected":false},"author":9,"featured_media":0,"comment_status":"open","ping_status":"closed","sticky":false,"template":"","format":"standard","meta":{"_acf_changed":false,"inline_featured_image":false,"footnotes":""},"categories":[199,3],"tags":[],"class_list":["post-7882","post","type-post","status-publish","format-standard","hentry","category-collectivites","category-communiques-de-presse"],"acf":[],"yoast_head":"<!-- This site is optimized with the Yoast SEO plugin v27.5 - https:\/\/yoast.com\/product\/yoast-seo-wordpress\/ -->\n<title>Premier bilan du partenariat entre Voltalis et GPS&amp;O\u00a0: Des r\u00e9sultats positifs en faveur des \u00e9conomies d\u2019\u00e9nergie et de la transition \u00e9nerg\u00e9tique et \u00e9cologique du territoire - Groupe Voltalis<\/title>\n<meta name=\"robots\" content=\"index, follow, max-snippet:-1, max-image-preview:large, max-video-preview:-1\" \/>\n<link rel=\"canonical\" href=\"https:\/\/group.voltalis.com\/fr\/type-de-contenu\/communiques-de-presse\/premier-bilan-partenariat-gpseo-7882\" \/>\n<meta property=\"og:locale\" content=\"fr_FR\" \/>\n<meta property=\"og:type\" content=\"article\" \/>\n<meta property=\"og:title\" content=\"Premier bilan du partenariat entre Voltalis et GPS&amp;O\u00a0: Des r\u00e9sultats positifs en faveur des \u00e9conomies d\u2019\u00e9nergie et de la transition \u00e9nerg\u00e9tique et \u00e9cologique du territoire - Groupe Voltalis\" \/>\n<meta property=\"og:description\" content=\"A l\u2019heure de la remont\u00e9e des temp\u00e9ratures et de l\u2019arr\u00eat des chauffages, GPS&amp;O et Voltalis dressent un premier bilan de leur partenariat. Entre novembre 2023 et juin 2024, pr\u00e8s de 2 200 particuliers et 150 entreprises du territoire ont choisi d\u2019\u00e9quiper leur domicile ou leur local de thermostats connect\u00e9s Voltalis. Avec en moyenne 300 installations [&hellip;]\" \/>\n<meta property=\"og:url\" content=\"https:\/\/group.voltalis.com\/fr\/type-de-contenu\/communiques-de-presse\/premier-bilan-partenariat-gpseo-7882\" \/>\n<meta property=\"og:site_name\" content=\"Groupe Voltalis\" \/>\n<meta property=\"article:publisher\" content=\"https:\/\/www.facebook.com\/pages\/category\/Product-Service\/Voltalis-178720392179068\/\" \/>\n<meta property=\"article:published_time\" content=\"2024-06-17T07:20:00+00:00\" \/>\n<meta property=\"article:modified_time\" content=\"2025-09-04T13:29:55+00:00\" \/>\n<meta name=\"author\" content=\"Emma Corson\" \/>\n<meta name=\"twitter:card\" content=\"summary_large_image\" \/>\n<meta name=\"twitter:label1\" content=\"\u00c9crit par\" \/>\n\t<meta name=\"twitter:data1\" content=\"Emma Corson\" \/>\n\t<meta name=\"twitter:label2\" content=\"Dur\u00e9e de lecture estim\u00e9e\" \/>\n\t<meta name=\"twitter:data2\" content=\"2 minutes\" \/>\n<script type=\"application\/ld+json\" class=\"yoast-schema-graph\">{\"@context\":\"https:\\\/\\\/schema.org\",\"@graph\":[{\"@type\":\"Article\",\"@id\":\"https:\\\/\\\/group.voltalis.com\\\/fr\\\/type-de-contenu\\\/communiques-de-presse\\\/premier-bilan-partenariat-gpseo-7882#article\",\"isPartOf\":{\"@id\":\"https:\\\/\\\/group.voltalis.com\\\/fr\\\/type-de-contenu\\\/communiques-de-presse\\\/premier-bilan-partenariat-gpseo-7882\"},\"author\":{\"name\":\"Emma Corson\",\"@id\":\"https:\\\/\\\/group.voltalis.com\\\/en\\\/#\\\/schema\\\/person\\\/0b72ec21cac86d7e1ad1f55c96e0056e\"},\"headline\":\"Premier bilan du partenariat entre Voltalis et GPS&amp;O\u00a0: Des r\u00e9sultats positifs en faveur des \u00e9conomies d\u2019\u00e9nergie et de la transition \u00e9nerg\u00e9tique et \u00e9cologique du territoire\",\"datePublished\":\"2024-06-17T07:20:00+00:00\",\"dateModified\":\"2025-09-04T13:29:55+00:00\",\"mainEntityOfPage\":{\"@id\":\"https:\\\/\\\/group.voltalis.com\\\/fr\\\/type-de-contenu\\\/communiques-de-presse\\\/premier-bilan-partenariat-gpseo-7882\"},\"wordCount\":531,\"commentCount\":0,\"articleSection\":[\"Collectivit\u00e9s\",\"Communiqu\u00e9s\"],\"inLanguage\":\"fr-FR\"},{\"@type\":\"WebPage\",\"@id\":\"https:\\\/\\\/group.voltalis.com\\\/fr\\\/type-de-contenu\\\/communiques-de-presse\\\/premier-bilan-partenariat-gpseo-7882\",\"url\":\"https:\\\/\\\/group.voltalis.com\\\/fr\\\/type-de-contenu\\\/communiques-de-presse\\\/premier-bilan-partenariat-gpseo-7882\",\"name\":\"Premier bilan du partenariat entre Voltalis et GPS&amp;O\u00a0: Des r\u00e9sultats positifs en faveur des \u00e9conomies d\u2019\u00e9nergie et de la transition \u00e9nerg\u00e9tique et \u00e9cologique du territoire - Groupe Voltalis\",\"isPartOf\":{\"@id\":\"https:\\\/\\\/group.voltalis.com\\\/en\\\/#website\"},\"datePublished\":\"2024-06-17T07:20:00+00:00\",\"dateModified\":\"2025-09-04T13:29:55+00:00\",\"author\":{\"@id\":\"https:\\\/\\\/group.voltalis.com\\\/en\\\/#\\\/schema\\\/person\\\/0b72ec21cac86d7e1ad1f55c96e0056e\"},\"breadcrumb\":{\"@id\":\"https:\\\/\\\/group.voltalis.com\\\/fr\\\/type-de-contenu\\\/communiques-de-presse\\\/premier-bilan-partenariat-gpseo-7882#breadcrumb\"},\"inLanguage\":\"fr-FR\",\"potentialAction\":[{\"@type\":\"ReadAction\",\"target\":[\"https:\\\/\\\/group.voltalis.com\\\/fr\\\/type-de-contenu\\\/communiques-de-presse\\\/premier-bilan-partenariat-gpseo-7882\"]}]},{\"@type\":\"BreadcrumbList\",\"@id\":\"https:\\\/\\\/group.voltalis.com\\\/fr\\\/type-de-contenu\\\/communiques-de-presse\\\/premier-bilan-partenariat-gpseo-7882#breadcrumb\",\"itemListElement\":[{\"@type\":\"ListItem\",\"position\":1,\"name\":\"Home\",\"item\":\"https:\\\/\\\/group.voltalis.com\\\/fr\"},{\"@type\":\"ListItem\",\"position\":2,\"name\":\"Premier bilan du partenariat entre Voltalis et GPS&amp;O\u00a0: Des r\u00e9sultats positifs en faveur des \u00e9conomies d\u2019\u00e9nergie et de la transition \u00e9nerg\u00e9tique et \u00e9cologique du territoire\"}]},{\"@type\":\"WebSite\",\"@id\":\"https:\\\/\\\/group.voltalis.com\\\/en\\\/#website\",\"url\":\"https:\\\/\\\/group.voltalis.com\\\/en\\\/\",\"name\":\"Groupe Voltalis\",\"description\":\"Bien plus que des \u00e9conomies d&#039;\u00e9nergie\",\"potentialAction\":[{\"@type\":\"SearchAction\",\"target\":{\"@type\":\"EntryPoint\",\"urlTemplate\":\"https:\\\/\\\/group.voltalis.com\\\/en\\\/?s={search_term_string}\"},\"query-input\":{\"@type\":\"PropertyValueSpecification\",\"valueRequired\":true,\"valueName\":\"search_term_string\"}}],\"inLanguage\":\"fr-FR\"},{\"@type\":\"Person\",\"@id\":\"https:\\\/\\\/group.voltalis.com\\\/en\\\/#\\\/schema\\\/person\\\/0b72ec21cac86d7e1ad1f55c96e0056e\",\"name\":\"Emma Corson\",\"image\":{\"@type\":\"ImageObject\",\"inLanguage\":\"fr-FR\",\"@id\":\"https:\\\/\\\/secure.gravatar.com\\\/avatar\\\/c31b10fc9fd80670f3cae550df1692fb6e6f5a3e2941ed270ec82834eeefc649?s=96&d=mm&r=g\",\"url\":\"https:\\\/\\\/secure.gravatar.com\\\/avatar\\\/c31b10fc9fd80670f3cae550df1692fb6e6f5a3e2941ed270ec82834eeefc649?s=96&d=mm&r=g\",\"contentUrl\":\"https:\\\/\\\/secure.gravatar.com\\\/avatar\\\/c31b10fc9fd80670f3cae550df1692fb6e6f5a3e2941ed270ec82834eeefc649?s=96&d=mm&r=g\",\"caption\":\"Emma Corson\"},\"url\":\"https:\\\/\\\/group.voltalis.com\\\/fr\\\/author\\\/emma-corson\"}]}<\/script>\n<!-- \/ Yoast SEO plugin. -->","yoast_head_json":{"title":"Premier bilan du partenariat entre Voltalis et GPS&amp;O\u00a0: Des r\u00e9sultats positifs en faveur des \u00e9conomies d\u2019\u00e9nergie et de la transition \u00e9nerg\u00e9tique et \u00e9cologique du territoire - Groupe Voltalis","robots":{"index":"index","follow":"follow","max-snippet":"max-snippet:-1","max-image-preview":"max-image-preview:large","max-video-preview":"max-video-preview:-1"},"canonical":"https:\/\/group.voltalis.com\/fr\/type-de-contenu\/communiques-de-presse\/premier-bilan-partenariat-gpseo-7882","og_locale":"fr_FR","og_type":"article","og_title":"Premier bilan du partenariat entre Voltalis et GPS&amp;O\u00a0: Des r\u00e9sultats positifs en faveur des \u00e9conomies d\u2019\u00e9nergie et de la transition \u00e9nerg\u00e9tique et \u00e9cologique du territoire - Groupe Voltalis","og_description":"A l\u2019heure de la remont\u00e9e des temp\u00e9ratures et de l\u2019arr\u00eat des chauffages, GPS&amp;O et Voltalis dressent un premier bilan de leur partenariat. Entre novembre 2023 et juin 2024, pr\u00e8s de 2 200 particuliers et 150 entreprises du territoire ont choisi d\u2019\u00e9quiper leur domicile ou leur local de thermostats connect\u00e9s Voltalis. Avec en moyenne 300 installations [&hellip;]","og_url":"https:\/\/group.voltalis.com\/fr\/type-de-contenu\/communiques-de-presse\/premier-bilan-partenariat-gpseo-7882","og_site_name":"Groupe Voltalis","article_publisher":"https:\/\/www.facebook.com\/pages\/category\/Product-Service\/Voltalis-178720392179068\/","article_published_time":"2024-06-17T07:20:00+00:00","article_modified_time":"2025-09-04T13:29:55+00:00","author":"Emma Corson","twitter_card":"summary_large_image","twitter_misc":{"\u00c9crit par":"Emma Corson","Dur\u00e9e de lecture estim\u00e9e":"2 minutes"},"schema":{"@context":"https:\/\/schema.org","@graph":[{"@type":"Article","@id":"https:\/\/group.voltalis.com\/fr\/type-de-contenu\/communiques-de-presse\/premier-bilan-partenariat-gpseo-7882#article","isPartOf":{"@id":"https:\/\/group.voltalis.com\/fr\/type-de-contenu\/communiques-de-presse\/premier-bilan-partenariat-gpseo-7882"},"author":{"name":"Emma Corson","@id":"https:\/\/group.voltalis.com\/en\/#\/schema\/person\/0b72ec21cac86d7e1ad1f55c96e0056e"},"headline":"Premier bilan du partenariat entre Voltalis et GPS&amp;O\u00a0: Des r\u00e9sultats positifs en faveur des \u00e9conomies d\u2019\u00e9nergie et de la transition \u00e9nerg\u00e9tique et \u00e9cologique du territoire","datePublished":"2024-06-17T07:20:00+00:00","dateModified":"2025-09-04T13:29:55+00:00","mainEntityOfPage":{"@id":"https:\/\/group.voltalis.com\/fr\/type-de-contenu\/communiques-de-presse\/premier-bilan-partenariat-gpseo-7882"},"wordCount":531,"commentCount":0,"articleSection":["Collectivit\u00e9s","Communiqu\u00e9s"],"inLanguage":"fr-FR"},{"@type":"WebPage","@id":"https:\/\/group.voltalis.com\/fr\/type-de-contenu\/communiques-de-presse\/premier-bilan-partenariat-gpseo-7882","url":"https:\/\/group.voltalis.com\/fr\/type-de-contenu\/communiques-de-presse\/premier-bilan-partenariat-gpseo-7882","name":"Premier bilan du partenariat entre Voltalis et GPS&amp;O\u00a0: Des r\u00e9sultats positifs en faveur des \u00e9conomies d\u2019\u00e9nergie et de la transition \u00e9nerg\u00e9tique et \u00e9cologique du territoire - Groupe Voltalis","isPartOf":{"@id":"https:\/\/group.voltalis.com\/en\/#website"},"datePublished":"2024-06-17T07:20:00+00:00","dateModified":"2025-09-04T13:29:55+00:00","author":{"@id":"https:\/\/group.voltalis.com\/en\/#\/schema\/person\/0b72ec21cac86d7e1ad1f55c96e0056e"},"breadcrumb":{"@id":"https:\/\/group.voltalis.com\/fr\/type-de-contenu\/communiques-de-presse\/premier-bilan-partenariat-gpseo-7882#breadcrumb"},"inLanguage":"fr-FR","potentialAction":[{"@type":"ReadAction","target":["https:\/\/group.voltalis.com\/fr\/type-de-contenu\/communiques-de-presse\/premier-bilan-partenariat-gpseo-7882"]}]},{"@type":"BreadcrumbList","@id":"https:\/\/group.voltalis.com\/fr\/type-de-contenu\/communiques-de-presse\/premier-bilan-partenariat-gpseo-7882#breadcrumb","itemListElement":[{"@type":"ListItem","position":1,"name":"Home","item":"https:\/\/group.voltalis.com\/fr"},{"@type":"ListItem","position":2,"name":"Premier bilan du partenariat entre Voltalis et GPS&amp;O\u00a0: Des r\u00e9sultats positifs en faveur des \u00e9conomies d\u2019\u00e9nergie et de la transition \u00e9nerg\u00e9tique et \u00e9cologique du territoire"}]},{"@type":"WebSite","@id":"https:\/\/group.voltalis.com\/en\/#website","url":"https:\/\/group.voltalis.com\/en\/","name":"Groupe Voltalis","description":"Bien plus que des \u00e9conomies d&#039;\u00e9nergie","potentialAction":[{"@type":"SearchAction","target":{"@type":"EntryPoint","urlTemplate":"https:\/\/group.voltalis.com\/en\/?s={search_term_string}"},"query-input":{"@type":"PropertyValueSpecification","valueRequired":true,"valueName":"search_term_string"}}],"inLanguage":"fr-FR"},{"@type":"Person","@id":"https:\/\/group.voltalis.com\/en\/#\/schema\/person\/0b72ec21cac86d7e1ad1f55c96e0056e","name":"Emma Corson","image":{"@type":"ImageObject","inLanguage":"fr-FR","@id":"https:\/\/secure.gravatar.com\/avatar\/c31b10fc9fd80670f3cae550df1692fb6e6f5a3e2941ed270ec82834eeefc649?s=96&d=mm&r=g","url":"https:\/\/secure.gravatar.com\/avatar\/c31b10fc9fd80670f3cae550df1692fb6e6f5a3e2941ed270ec82834eeefc649?s=96&d=mm&r=g","contentUrl":"https:\/\/secure.gravatar.com\/avatar\/c31b10fc9fd80670f3cae550df1692fb6e6f5a3e2941ed270ec82834eeefc649?s=96&d=mm&r=g","caption":"Emma Corson"},"url":"https:\/\/group.voltalis.com\/fr\/author\/emma-corson"}]}},"_links":{"self":[{"href":"https:\/\/group.voltalis.com\/fr\/wp-json\/wp\/v2\/posts\/7882","targetHints":{"allow":["GET"]}}],"collection":[{"href":"https:\/\/group.voltalis.com\/fr\/wp-json\/wp\/v2\/posts"}],"about":[{"href":"https:\/\/group.voltalis.com\/fr\/wp-json\/wp\/v2\/types\/post"}],"author":[{"embeddable":true,"href":"https:\/\/group.voltalis.com\/fr\/wp-json\/wp\/v2\/users\/9"}],"replies":[{"embeddable":true,"href":"https:\/\/group.voltalis.com\/fr\/wp-json\/wp\/v2\/comments?post=7882"}],"version-history":[{"count":1,"href":"https:\/\/group.voltalis.com\/fr\/wp-json\/wp\/v2\/posts\/7882\/revisions"}],"predecessor-version":[{"id":10388,"href":"https:\/\/group.voltalis.com\/fr\/wp-json\/wp\/v2\/posts\/7882\/revisions\/10388"}],"wp:attachment":[{"href":"https:\/\/group.voltalis.com\/fr\/wp-json\/wp\/v2\/media?parent=7882"}],"wp:term":[{"taxonomy":"category","embeddable":true,"href":"https:\/\/group.voltalis.com\/fr\/wp-json\/wp\/v2\/categories?post=7882"},{"taxonomy":"post_tag","embeddable":true,"href":"https:\/\/group.voltalis.com\/fr\/wp-json\/wp\/v2\/tags?post=7882"}],"curies":[{"name":"wp","href":"https:\/\/api.w.org\/{rel}","templated":true}]}}