{"id":7930,"date":"2024-07-01T10:31:35","date_gmt":"2024-07-01T08:31:35","guid":{"rendered":"https:\/\/group.voltalis.com\/?p=7930"},"modified":"2025-09-04T16:26:08","modified_gmt":"2025-09-04T14:26:08","slug":"nouvelle-campagne-deploiement-thermostat-clcl","status":"publish","type":"post","link":"https:\/\/group.voltalis.com\/fr\/type-de-contenu\/communiques-de-presse\/nouvelle-campagne-deploiement-thermostat-clcl-7930","title":{"rendered":"Cet \u00e9t\u00e9\u00a0: nouvelle campagne de d\u00e9ploiement du thermostat Voltalis sur la CLCL"},"content":{"rendered":"\n<p><strong>Voltalis permet aux habitants de la Communaut\u00e9 de Lesneven C\u00f4te des L\u00e9gendes de r\u00e9aliser des \u00e9conomies d\u2019\u00e9nergie significatives, contribuant ainsi \u00e0 la poursuite des objectifs de r\u00e9duction des \u00e9missions de gaz \u00e0 effet de serre du territoire. Ce pourquoi, la CLCL, dans le cadre de son Plan Climat Air Energie, soutient cette action depuis la pr\u00e9c\u00e9dente campagne d\u2019installation des thermostats Voltalis ayant eu lieu en 2021.<\/strong><\/p>\n\n\n\n<p>Voltalis est une soci\u00e9t\u00e9 dont la mission est d\u2019accompagner la transition \u00e9nerg\u00e9tique en assurant notamment la s\u00e9curisation du r\u00e9seau \u00e9lectrique et recherchant l\u2019\u00e9conomie d\u2019\u00e9lectricit\u00e9 en France, deux missions d\u2019utilit\u00e9 publique.<\/p>\n\n\n\n<p>Lors de la pr\u00e9c\u00e9dente campagne de d\u00e9ploiement sur la CLCL, Voltalis a ainsi \u00e9quip\u00e9 plus de 700 logements et locaux professionnels de son thermostat connect\u00e9 ayant un double int\u00e9r\u00eat&nbsp;:<\/p>\n\n\n\n<ul class=\"wp-block-list\">\n<li>Pour les personnes \u00e9quip\u00e9es\u00a0: permettre <strong>des \u00e9conomies d\u2019\u00e9lectricit\u00e9 pouvant aller<\/strong> <br><strong>jusqu\u2019\u00e0 15 %<\/strong> via l\u2019usage du thermostat<\/li>\n\n\n\n<li>S\u00e9curiser le r\u00e9seau et \u00e9viter les d\u00e9lestages ou coupures en cas de demande trop forte, via la r\u00e9duction br\u00e8ve des consommations des radiateurs ou encore des pompes \u00e0 chaleur connect\u00e9s, sans impact sur le confort des personnes. Cette action permet de surcro\u00eet de <strong>faire baisser les \u00e9missions de CO<sub>2<\/sub> jusqu\u2019\u00e0 70%<\/strong> en \u00e9vitant la mise en route de centrales d\u2019appoint polluantes.<\/li>\n<\/ul>\n\n\n\n<p>Ces installations ont d\u00e9j\u00e0\u00a0<strong>permis aux habitants de la CLCL une \u00e9conomie totale estim\u00e9e \u00e0 <\/strong><br><strong>1 161 MWh, et une baisse des \u00e9missions de CO<sub>2<\/sub> estim\u00e9e \u00e0 516 t CO<sub>2<\/sub> (soit l\u2019\u00e9quivalent de 2,6 millions de km <\/strong>parcourus par un v\u00e9hicule diesel r\u00e9cent).<\/p>\n\n\n\n<p><strong>Pour maintenir cette dynamique, Voltalis poursuit le d\u00e9ploiement de son thermostat connect\u00e9 gratuit pour permettre aux foyers et professionnels \u00e9ligibles de r\u00e9duire leur consommation d\u2019\u00e9lectricit\u00e9. <\/strong>Cette nouvelle campagne de d\u00e9ploiement d\u00e9butera courant juillet \u00e0 Ploudaniel, Tr\u00e9garantec, Saint-M\u00e9en et Plouider, et se poursuivra pendant l\u2019\u00e9t\u00e9 \u00e0 Lesneven et Le Folgo\u00ebt. Pour les autres communes, les personnes int\u00e9ress\u00e9es devront appeler directement Voltalis.<\/p>\n\n\n\n<div style=\"height:15px\" aria-hidden=\"true\" class=\"wp-block-spacer\"><\/div>\n\n\n\n<p class=\"has-medium-font-size\"><strong>Qu&rsquo;est-ce que le thermostat connect\u00e9 Voltalis&nbsp;?<\/strong><strong><\/strong><\/p>\n\n\n\n<p>Le thermostat connect\u00e9 Voltalis est un <strong>dispositif reconnu par RTE<\/strong>, le gestionnaire du r\u00e9seau de transport d&rsquo;\u00e9lectricit\u00e9 fran\u00e7ais et sans abonnement. La soci\u00e9t\u00e9 l\u2019installe gratuitement sur les radiateurs \u00e9lectriques et\/ou la pompe \u00e0 chaleur du logement ou du local professionnel.<\/p>\n\n\n<div class=\"wp-block-image\">\n<figure class=\"alignleft size-full\"><img loading=\"lazy\" decoding=\"async\" width=\"232\" height=\"211\" src=\"https:\/\/group.voltalis.com\/wp-content\/uploads\/2024\/02\/dispositif-voltalis.png\" alt=\"\" class=\"wp-image-7624\"\/><\/figure>\n<\/div>\n\n\n<p>Gr\u00e2ce \u00e0 l\u2019application web et mobile <a href=\"https:\/\/www.voltalis.com\/myvoltalis-lapplication-de-suivi-de-consommation-electrique\" target=\"_blank\" rel=\"noreferrer noopener\">MyVoltalis<\/a>, l\u2019utilisateur peut d\u00e9finir une temp\u00e9rature pi\u00e8ce par pi\u00e8ce et programmer son chauffage en fonction de ses habitudes<a>.<\/a> Il a aussi acc\u00e8s au suivi de ses consommations \u00e9lectriques par cat\u00e9gorie (chauffage, eau-chaude, gros \u00e9lectrom\u00e9nager, multim\u00e9dia\u2026) afin d\u2019optimiser leur utilisation. L&rsquo;utilisateur b\u00e9n\u00e9ficie \u00e9galement d\u2019alertes et de conseils pour d\u00e9penser moins et r\u00e9duire simplement son impact.<\/p>\n\n\n\n<div style=\"height:25px\" aria-hidden=\"true\" class=\"wp-block-spacer\"><\/div>\n\n\n\n<p class=\"has-medium-font-size\"><strong>Comment en b\u00e9n\u00e9ficier&nbsp;?<\/strong><strong><\/strong><\/p>\n\n\n\n<p>Les propri\u00e9taires comme les locataires peuvent b\u00e9n\u00e9ficier de ce thermostat connect\u00e9 innovant. Des conseillers Voltalis viendront \u00e0 leur rencontre pour le pr\u00e9senter et proposer un rendez-vous d\u2019installation. Il est d\u2019ores et d\u00e9j\u00e0 possible de solliciter l\u2019installation en contactant Voltalis au <strong>02 44 19 84 62 <\/strong>ou par mail&nbsp;: <strong>clcl@voltalis.com<\/strong>.<\/p>\n\n\n\n<p>Un rendez-vous est fix\u00e9 dans les 2 semaines avec un technicien Voltalis agr\u00e9\u00e9. Il faut compter en moyenne 15 minutes par radiateur et 2 heures pour une pompe \u00e0 chaleur.<\/p>\n\n\n\n<figure class=\"wp-block-image size-large\"><img loading=\"lazy\" decoding=\"async\" width=\"1024\" height=\"683\" src=\"https:\/\/group.voltalis.com\/wp-content\/uploads\/2024\/01\/DSC06116-BD-1024x683.jpg\" alt=\"\" class=\"wp-image-7327\" srcset=\"https:\/\/group.voltalis.com\/wp-content\/uploads\/2024\/01\/DSC06116-BD-1024x683.jpg 1024w, https:\/\/group.voltalis.com\/wp-content\/uploads\/2024\/01\/DSC06116-BD-300x200.jpg 300w, https:\/\/group.voltalis.com\/wp-content\/uploads\/2024\/01\/DSC06116-BD-768x512.jpg 768w, https:\/\/group.voltalis.com\/wp-content\/uploads\/2024\/01\/DSC06116-BD-1536x1024.jpg 1536w, https:\/\/group.voltalis.com\/wp-content\/uploads\/2024\/01\/DSC06116-BD.jpg 1950w\" sizes=\"auto, (max-width: 1024px) 100vw, 1024px\" \/><\/figure>\n\n\n\n<div style=\"height:25px\" aria-hidden=\"true\" class=\"wp-block-spacer\"><\/div>\n\n\n\n<p class=\"has-text-align-center\"><strong>Contacts presse&nbsp;:<\/strong><\/p>\n\n\n\n<figure class=\"wp-block-table\"><table><tbody><tr><td><strong>Communaut\u00e9 Lesneven C\u00f4te des L\u00e9gendes\u00a0: <\/strong><br>LE GAD Emmanuelle<br>pcaet@clcl.bzh<\/td><td><strong>Voltalis\u00a0<\/strong>: Anne-Laure DAULIER <br>Agence de Relations Presse Shan<br>voltalis@shan.fr &#8211; 06 28 59 50 38<\/td><\/tr><\/tbody><\/table><\/figure>\n\n\n\n<div style=\"height:25px\" aria-hidden=\"true\" class=\"wp-block-spacer\"><\/div>\n\n\n\n<div class=\"wp-block-buttons is-content-justification-center is-layout-flex wp-container-core-buttons-is-layout-16018d1d wp-block-buttons-is-layout-flex\">\n<div class=\"wp-block-button\"><a class=\"wp-block-button__link has-white-color has-text-color has-background has-link-color has-text-align-center wp-element-button\" href=\"https:\/\/group.voltalis.com\/wp-content\/uploads\/2024\/07\/CP_Voltalis_Communaute-Lesneven-Cote-des-Legendes.pdf\" style=\"border-radius:5px;background-color:#4dbef7\" target=\"_blank\" rel=\"noreferrer noopener\"><strong>T\u00e9l\u00e9charger le communiqu\u00e9 de presse<\/strong><\/a><\/div>\n<\/div>\n","protected":false},"excerpt":{"rendered":"<p>Voltalis permet aux habitants de la Communaut\u00e9 de Lesneven C\u00f4te des L\u00e9gendes de r\u00e9aliser des \u00e9conomies d\u2019\u00e9nergie significatives, contribuant ainsi \u00e0 la poursuite des objectifs de r\u00e9duction des \u00e9missions de gaz \u00e0 effet de serre du territoire. Ce pourquoi, la CLCL, dans le cadre de son Plan Climat Air Energie, soutient cette action depuis la [&hellip;]<\/p>\n","protected":false},"author":9,"featured_media":0,"comment_status":"closed","ping_status":"closed","sticky":false,"template":"","format":"standard","meta":{"_acf_changed":false,"inline_featured_image":false,"footnotes":""},"categories":[199,3],"tags":[],"class_list":["post-7930","post","type-post","status-publish","format-standard","hentry","category-collectivites","category-communiques-de-presse"],"acf":[],"yoast_head":"<!-- This site is optimized with the Yoast SEO plugin v27.5 - https:\/\/yoast.com\/product\/yoast-seo-wordpress\/ -->\n<title>Cet \u00e9t\u00e9\u00a0: nouvelle campagne de d\u00e9ploiement du thermostat Voltalis sur la CLCL - Groupe Voltalis<\/title>\n<meta name=\"robots\" content=\"index, follow, max-snippet:-1, max-image-preview:large, max-video-preview:-1\" \/>\n<link rel=\"canonical\" href=\"https:\/\/group.voltalis.com\/fr\/type-de-contenu\/communiques-de-presse\/nouvelle-campagne-deploiement-thermostat-clcl-7930\" \/>\n<meta property=\"og:locale\" content=\"fr_FR\" \/>\n<meta property=\"og:type\" content=\"article\" \/>\n<meta property=\"og:title\" content=\"Cet \u00e9t\u00e9\u00a0: nouvelle campagne de d\u00e9ploiement du thermostat Voltalis sur la CLCL - Groupe Voltalis\" \/>\n<meta property=\"og:description\" content=\"Voltalis permet aux habitants de la Communaut\u00e9 de Lesneven C\u00f4te des L\u00e9gendes de r\u00e9aliser des \u00e9conomies d\u2019\u00e9nergie significatives, contribuant ainsi \u00e0 la poursuite des objectifs de r\u00e9duction des \u00e9missions de gaz \u00e0 effet de serre du territoire. Ce pourquoi, la CLCL, dans le cadre de son Plan Climat Air Energie, soutient cette action depuis la [&hellip;]\" \/>\n<meta property=\"og:url\" content=\"https:\/\/group.voltalis.com\/fr\/type-de-contenu\/communiques-de-presse\/nouvelle-campagne-deploiement-thermostat-clcl-7930\" \/>\n<meta property=\"og:site_name\" content=\"Groupe Voltalis\" \/>\n<meta property=\"article:publisher\" content=\"https:\/\/www.facebook.com\/pages\/category\/Product-Service\/Voltalis-178720392179068\/\" \/>\n<meta property=\"article:published_time\" content=\"2024-07-01T08:31:35+00:00\" \/>\n<meta property=\"article:modified_time\" content=\"2025-09-04T14:26:08+00:00\" \/>\n<meta property=\"og:image\" content=\"https:\/\/group.voltalis.com\/wp-content\/uploads\/2024\/02\/dispositif-voltalis.png\" \/>\n\t<meta property=\"og:image:width\" content=\"232\" \/>\n\t<meta property=\"og:image:height\" content=\"211\" \/>\n\t<meta property=\"og:image:type\" content=\"image\/png\" \/>\n<meta name=\"author\" content=\"Emma Corson\" \/>\n<meta name=\"twitter:card\" content=\"summary_large_image\" \/>\n<meta name=\"twitter:label1\" content=\"\u00c9crit par\" \/>\n\t<meta name=\"twitter:data1\" content=\"Emma Corson\" \/>\n\t<meta name=\"twitter:label2\" content=\"Dur\u00e9e de lecture estim\u00e9e\" \/>\n\t<meta name=\"twitter:data2\" content=\"3 minutes\" \/>\n<script type=\"application\/ld+json\" class=\"yoast-schema-graph\">{\"@context\":\"https:\\\/\\\/schema.org\",\"@graph\":[{\"@type\":\"Article\",\"@id\":\"https:\\\/\\\/group.voltalis.com\\\/fr\\\/type-de-contenu\\\/communiques-de-presse\\\/nouvelle-campagne-deploiement-thermostat-clcl-7930#article\",\"isPartOf\":{\"@id\":\"https:\\\/\\\/group.voltalis.com\\\/fr\\\/type-de-contenu\\\/communiques-de-presse\\\/nouvelle-campagne-deploiement-thermostat-clcl-7930\"},\"author\":{\"name\":\"Emma Corson\",\"@id\":\"https:\\\/\\\/group.voltalis.com\\\/en\\\/#\\\/schema\\\/person\\\/0b72ec21cac86d7e1ad1f55c96e0056e\"},\"headline\":\"Cet \u00e9t\u00e9\u00a0: nouvelle campagne de d\u00e9ploiement du thermostat Voltalis sur la CLCL\",\"datePublished\":\"2024-07-01T08:31:35+00:00\",\"dateModified\":\"2025-09-04T14:26:08+00:00\",\"mainEntityOfPage\":{\"@id\":\"https:\\\/\\\/group.voltalis.com\\\/fr\\\/type-de-contenu\\\/communiques-de-presse\\\/nouvelle-campagne-deploiement-thermostat-clcl-7930\"},\"wordCount\":600,\"image\":{\"@id\":\"https:\\\/\\\/group.voltalis.com\\\/fr\\\/type-de-contenu\\\/communiques-de-presse\\\/nouvelle-campagne-deploiement-thermostat-clcl-7930#primaryimage\"},\"thumbnailUrl\":\"https:\\\/\\\/group.voltalis.com\\\/wp-content\\\/uploads\\\/2024\\\/02\\\/dispositif-voltalis.png\",\"articleSection\":[\"Collectivit\u00e9s\",\"Communiqu\u00e9s\"],\"inLanguage\":\"fr-FR\"},{\"@type\":\"WebPage\",\"@id\":\"https:\\\/\\\/group.voltalis.com\\\/fr\\\/type-de-contenu\\\/communiques-de-presse\\\/nouvelle-campagne-deploiement-thermostat-clcl-7930\",\"url\":\"https:\\\/\\\/group.voltalis.com\\\/fr\\\/type-de-contenu\\\/communiques-de-presse\\\/nouvelle-campagne-deploiement-thermostat-clcl-7930\",\"name\":\"Cet \u00e9t\u00e9\u00a0: nouvelle campagne de d\u00e9ploiement du thermostat Voltalis sur la CLCL - Groupe Voltalis\",\"isPartOf\":{\"@id\":\"https:\\\/\\\/group.voltalis.com\\\/en\\\/#website\"},\"primaryImageOfPage\":{\"@id\":\"https:\\\/\\\/group.voltalis.com\\\/fr\\\/type-de-contenu\\\/communiques-de-presse\\\/nouvelle-campagne-deploiement-thermostat-clcl-7930#primaryimage\"},\"image\":{\"@id\":\"https:\\\/\\\/group.voltalis.com\\\/fr\\\/type-de-contenu\\\/communiques-de-presse\\\/nouvelle-campagne-deploiement-thermostat-clcl-7930#primaryimage\"},\"thumbnailUrl\":\"https:\\\/\\\/group.voltalis.com\\\/wp-content\\\/uploads\\\/2024\\\/02\\\/dispositif-voltalis.png\",\"datePublished\":\"2024-07-01T08:31:35+00:00\",\"dateModified\":\"2025-09-04T14:26:08+00:00\",\"author\":{\"@id\":\"https:\\\/\\\/group.voltalis.com\\\/en\\\/#\\\/schema\\\/person\\\/0b72ec21cac86d7e1ad1f55c96e0056e\"},\"breadcrumb\":{\"@id\":\"https:\\\/\\\/group.voltalis.com\\\/fr\\\/type-de-contenu\\\/communiques-de-presse\\\/nouvelle-campagne-deploiement-thermostat-clcl-7930#breadcrumb\"},\"inLanguage\":\"fr-FR\",\"potentialAction\":[{\"@type\":\"ReadAction\",\"target\":[\"https:\\\/\\\/group.voltalis.com\\\/fr\\\/type-de-contenu\\\/communiques-de-presse\\\/nouvelle-campagne-deploiement-thermostat-clcl-7930\"]}]},{\"@type\":\"ImageObject\",\"inLanguage\":\"fr-FR\",\"@id\":\"https:\\\/\\\/group.voltalis.com\\\/fr\\\/type-de-contenu\\\/communiques-de-presse\\\/nouvelle-campagne-deploiement-thermostat-clcl-7930#primaryimage\",\"url\":\"https:\\\/\\\/group.voltalis.com\\\/wp-content\\\/uploads\\\/2024\\\/02\\\/dispositif-voltalis.png\",\"contentUrl\":\"https:\\\/\\\/group.voltalis.com\\\/wp-content\\\/uploads\\\/2024\\\/02\\\/dispositif-voltalis.png\"},{\"@type\":\"BreadcrumbList\",\"@id\":\"https:\\\/\\\/group.voltalis.com\\\/fr\\\/type-de-contenu\\\/communiques-de-presse\\\/nouvelle-campagne-deploiement-thermostat-clcl-7930#breadcrumb\",\"itemListElement\":[{\"@type\":\"ListItem\",\"position\":1,\"name\":\"Home\",\"item\":\"https:\\\/\\\/group.voltalis.com\\\/fr\"},{\"@type\":\"ListItem\",\"position\":2,\"name\":\"Cet \u00e9t\u00e9\u00a0: nouvelle campagne de d\u00e9ploiement du thermostat Voltalis sur la CLCL\"}]},{\"@type\":\"WebSite\",\"@id\":\"https:\\\/\\\/group.voltalis.com\\\/en\\\/#website\",\"url\":\"https:\\\/\\\/group.voltalis.com\\\/en\\\/\",\"name\":\"Groupe Voltalis\",\"description\":\"Bien plus que des \u00e9conomies d&#039;\u00e9nergie\",\"potentialAction\":[{\"@type\":\"SearchAction\",\"target\":{\"@type\":\"EntryPoint\",\"urlTemplate\":\"https:\\\/\\\/group.voltalis.com\\\/en\\\/?s={search_term_string}\"},\"query-input\":{\"@type\":\"PropertyValueSpecification\",\"valueRequired\":true,\"valueName\":\"search_term_string\"}}],\"inLanguage\":\"fr-FR\"},{\"@type\":\"Person\",\"@id\":\"https:\\\/\\\/group.voltalis.com\\\/en\\\/#\\\/schema\\\/person\\\/0b72ec21cac86d7e1ad1f55c96e0056e\",\"name\":\"Emma Corson\",\"image\":{\"@type\":\"ImageObject\",\"inLanguage\":\"fr-FR\",\"@id\":\"https:\\\/\\\/secure.gravatar.com\\\/avatar\\\/c31b10fc9fd80670f3cae550df1692fb6e6f5a3e2941ed270ec82834eeefc649?s=96&d=mm&r=g\",\"url\":\"https:\\\/\\\/secure.gravatar.com\\\/avatar\\\/c31b10fc9fd80670f3cae550df1692fb6e6f5a3e2941ed270ec82834eeefc649?s=96&d=mm&r=g\",\"contentUrl\":\"https:\\\/\\\/secure.gravatar.com\\\/avatar\\\/c31b10fc9fd80670f3cae550df1692fb6e6f5a3e2941ed270ec82834eeefc649?s=96&d=mm&r=g\",\"caption\":\"Emma Corson\"},\"url\":\"https:\\\/\\\/group.voltalis.com\\\/fr\\\/author\\\/emma-corson\"}]}<\/script>\n<!-- \/ Yoast SEO plugin. -->","yoast_head_json":{"title":"Cet \u00e9t\u00e9\u00a0: nouvelle campagne de d\u00e9ploiement du thermostat Voltalis sur la CLCL - Groupe Voltalis","robots":{"index":"index","follow":"follow","max-snippet":"max-snippet:-1","max-image-preview":"max-image-preview:large","max-video-preview":"max-video-preview:-1"},"canonical":"https:\/\/group.voltalis.com\/fr\/type-de-contenu\/communiques-de-presse\/nouvelle-campagne-deploiement-thermostat-clcl-7930","og_locale":"fr_FR","og_type":"article","og_title":"Cet \u00e9t\u00e9\u00a0: nouvelle campagne de d\u00e9ploiement du thermostat Voltalis sur la CLCL - Groupe Voltalis","og_description":"Voltalis permet aux habitants de la Communaut\u00e9 de Lesneven C\u00f4te des L\u00e9gendes de r\u00e9aliser des \u00e9conomies d\u2019\u00e9nergie significatives, contribuant ainsi \u00e0 la poursuite des objectifs de r\u00e9duction des \u00e9missions de gaz \u00e0 effet de serre du territoire. Ce pourquoi, la CLCL, dans le cadre de son Plan Climat Air Energie, soutient cette action depuis la [&hellip;]","og_url":"https:\/\/group.voltalis.com\/fr\/type-de-contenu\/communiques-de-presse\/nouvelle-campagne-deploiement-thermostat-clcl-7930","og_site_name":"Groupe Voltalis","article_publisher":"https:\/\/www.facebook.com\/pages\/category\/Product-Service\/Voltalis-178720392179068\/","article_published_time":"2024-07-01T08:31:35+00:00","article_modified_time":"2025-09-04T14:26:08+00:00","og_image":[{"width":232,"height":211,"url":"https:\/\/group.voltalis.com\/wp-content\/uploads\/2024\/02\/dispositif-voltalis.png","type":"image\/png"}],"author":"Emma Corson","twitter_card":"summary_large_image","twitter_misc":{"\u00c9crit par":"Emma Corson","Dur\u00e9e de lecture estim\u00e9e":"3 minutes"},"schema":{"@context":"https:\/\/schema.org","@graph":[{"@type":"Article","@id":"https:\/\/group.voltalis.com\/fr\/type-de-contenu\/communiques-de-presse\/nouvelle-campagne-deploiement-thermostat-clcl-7930#article","isPartOf":{"@id":"https:\/\/group.voltalis.com\/fr\/type-de-contenu\/communiques-de-presse\/nouvelle-campagne-deploiement-thermostat-clcl-7930"},"author":{"name":"Emma Corson","@id":"https:\/\/group.voltalis.com\/en\/#\/schema\/person\/0b72ec21cac86d7e1ad1f55c96e0056e"},"headline":"Cet \u00e9t\u00e9\u00a0: nouvelle campagne de d\u00e9ploiement du thermostat Voltalis sur la CLCL","datePublished":"2024-07-01T08:31:35+00:00","dateModified":"2025-09-04T14:26:08+00:00","mainEntityOfPage":{"@id":"https:\/\/group.voltalis.com\/fr\/type-de-contenu\/communiques-de-presse\/nouvelle-campagne-deploiement-thermostat-clcl-7930"},"wordCount":600,"image":{"@id":"https:\/\/group.voltalis.com\/fr\/type-de-contenu\/communiques-de-presse\/nouvelle-campagne-deploiement-thermostat-clcl-7930#primaryimage"},"thumbnailUrl":"https:\/\/group.voltalis.com\/wp-content\/uploads\/2024\/02\/dispositif-voltalis.png","articleSection":["Collectivit\u00e9s","Communiqu\u00e9s"],"inLanguage":"fr-FR"},{"@type":"WebPage","@id":"https:\/\/group.voltalis.com\/fr\/type-de-contenu\/communiques-de-presse\/nouvelle-campagne-deploiement-thermostat-clcl-7930","url":"https:\/\/group.voltalis.com\/fr\/type-de-contenu\/communiques-de-presse\/nouvelle-campagne-deploiement-thermostat-clcl-7930","name":"Cet \u00e9t\u00e9\u00a0: nouvelle campagne de d\u00e9ploiement du thermostat Voltalis sur la CLCL - Groupe Voltalis","isPartOf":{"@id":"https:\/\/group.voltalis.com\/en\/#website"},"primaryImageOfPage":{"@id":"https:\/\/group.voltalis.com\/fr\/type-de-contenu\/communiques-de-presse\/nouvelle-campagne-deploiement-thermostat-clcl-7930#primaryimage"},"image":{"@id":"https:\/\/group.voltalis.com\/fr\/type-de-contenu\/communiques-de-presse\/nouvelle-campagne-deploiement-thermostat-clcl-7930#primaryimage"},"thumbnailUrl":"https:\/\/group.voltalis.com\/wp-content\/uploads\/2024\/02\/dispositif-voltalis.png","datePublished":"2024-07-01T08:31:35+00:00","dateModified":"2025-09-04T14:26:08+00:00","author":{"@id":"https:\/\/group.voltalis.com\/en\/#\/schema\/person\/0b72ec21cac86d7e1ad1f55c96e0056e"},"breadcrumb":{"@id":"https:\/\/group.voltalis.com\/fr\/type-de-contenu\/communiques-de-presse\/nouvelle-campagne-deploiement-thermostat-clcl-7930#breadcrumb"},"inLanguage":"fr-FR","potentialAction":[{"@type":"ReadAction","target":["https:\/\/group.voltalis.com\/fr\/type-de-contenu\/communiques-de-presse\/nouvelle-campagne-deploiement-thermostat-clcl-7930"]}]},{"@type":"ImageObject","inLanguage":"fr-FR","@id":"https:\/\/group.voltalis.com\/fr\/type-de-contenu\/communiques-de-presse\/nouvelle-campagne-deploiement-thermostat-clcl-7930#primaryimage","url":"https:\/\/group.voltalis.com\/wp-content\/uploads\/2024\/02\/dispositif-voltalis.png","contentUrl":"https:\/\/group.voltalis.com\/wp-content\/uploads\/2024\/02\/dispositif-voltalis.png"},{"@type":"BreadcrumbList","@id":"https:\/\/group.voltalis.com\/fr\/type-de-contenu\/communiques-de-presse\/nouvelle-campagne-deploiement-thermostat-clcl-7930#breadcrumb","itemListElement":[{"@type":"ListItem","position":1,"name":"Home","item":"https:\/\/group.voltalis.com\/fr"},{"@type":"ListItem","position":2,"name":"Cet \u00e9t\u00e9\u00a0: nouvelle campagne de d\u00e9ploiement du thermostat Voltalis sur la CLCL"}]},{"@type":"WebSite","@id":"https:\/\/group.voltalis.com\/en\/#website","url":"https:\/\/group.voltalis.com\/en\/","name":"Groupe Voltalis","description":"Bien plus que des \u00e9conomies d&#039;\u00e9nergie","potentialAction":[{"@type":"SearchAction","target":{"@type":"EntryPoint","urlTemplate":"https:\/\/group.voltalis.com\/en\/?s={search_term_string}"},"query-input":{"@type":"PropertyValueSpecification","valueRequired":true,"valueName":"search_term_string"}}],"inLanguage":"fr-FR"},{"@type":"Person","@id":"https:\/\/group.voltalis.com\/en\/#\/schema\/person\/0b72ec21cac86d7e1ad1f55c96e0056e","name":"Emma Corson","image":{"@type":"ImageObject","inLanguage":"fr-FR","@id":"https:\/\/secure.gravatar.com\/avatar\/c31b10fc9fd80670f3cae550df1692fb6e6f5a3e2941ed270ec82834eeefc649?s=96&d=mm&r=g","url":"https:\/\/secure.gravatar.com\/avatar\/c31b10fc9fd80670f3cae550df1692fb6e6f5a3e2941ed270ec82834eeefc649?s=96&d=mm&r=g","contentUrl":"https:\/\/secure.gravatar.com\/avatar\/c31b10fc9fd80670f3cae550df1692fb6e6f5a3e2941ed270ec82834eeefc649?s=96&d=mm&r=g","caption":"Emma Corson"},"url":"https:\/\/group.voltalis.com\/fr\/author\/emma-corson"}]}},"_links":{"self":[{"href":"https:\/\/group.voltalis.com\/fr\/wp-json\/wp\/v2\/posts\/7930","targetHints":{"allow":["GET"]}}],"collection":[{"href":"https:\/\/group.voltalis.com\/fr\/wp-json\/wp\/v2\/posts"}],"about":[{"href":"https:\/\/group.voltalis.com\/fr\/wp-json\/wp\/v2\/types\/post"}],"author":[{"embeddable":true,"href":"https:\/\/group.voltalis.com\/fr\/wp-json\/wp\/v2\/users\/9"}],"replies":[{"embeddable":true,"href":"https:\/\/group.voltalis.com\/fr\/wp-json\/wp\/v2\/comments?post=7930"}],"version-history":[{"count":1,"href":"https:\/\/group.voltalis.com\/fr\/wp-json\/wp\/v2\/posts\/7930\/revisions"}],"predecessor-version":[{"id":10416,"href":"https:\/\/group.voltalis.com\/fr\/wp-json\/wp\/v2\/posts\/7930\/revisions\/10416"}],"wp:attachment":[{"href":"https:\/\/group.voltalis.com\/fr\/wp-json\/wp\/v2\/media?parent=7930"}],"wp:term":[{"taxonomy":"category","embeddable":true,"href":"https:\/\/group.voltalis.com\/fr\/wp-json\/wp\/v2\/categories?post=7930"},{"taxonomy":"post_tag","embeddable":true,"href":"https:\/\/group.voltalis.com\/fr\/wp-json\/wp\/v2\/tags?post=7930"}],"curies":[{"name":"wp","href":"https:\/\/api.w.org\/{rel}","templated":true}]}}