{"id":8002,"date":"2024-07-11T09:26:00","date_gmt":"2024-07-11T07:26:00","guid":{"rendered":"https:\/\/group.voltalis.com\/?p=8002"},"modified":"2025-09-04T14:44:30","modified_gmt":"2025-09-04T12:44:30","slug":"communaute-agglomeration-grand-avignon","status":"publish","type":"post","link":"https:\/\/group.voltalis.com\/fr\/type-de-contenu\/communiques-de-presse\/communaute-agglomeration-grand-avignon-8002","title":{"rendered":"Voltalis d\u00e9ploie son thermostat connect\u00e9 aupr\u00e8s des habitants de la Communaut\u00e9 d\u2019Agglom\u00e9ration du Grand Avignon"},"content":{"rendered":"\n<p>D\u00e8s le 22 juillet, des conseillers Voltalis proposeront \u00e0 pr\u00e8s de <strong>37 500<\/strong> <strong>foyers et professionnels <\/strong>du territoire de b\u00e9n\u00e9ficier de<strong> la fourniture, de l\u2019installation et de l\u2019utilisation gratuites de bo\u00eetiers sur leurs radiateurs \u00e9lectriques et\/ou pompe \u00e0 chaleur leur permettant un pilotage intelligent \u00e0 distance.<\/strong><\/p>\n\n\n\n<p>Concr\u00e8tement, Voltalis propose<strong> une solution qui permet d\u2019agir concr\u00e8tement en faveur du pouvoir d\u2019achat et de la transition \u00e9nerg\u00e9tique<\/strong>. En effet, le b\u00e9n\u00e9fice est double : <\/p>\n\n\n\n<ul class=\"wp-block-list\">\n<li>Jusqu\u2019\u00e0 15% d\u2019\u00e9conomies sur la facture d\u2019\u00e9nergie<\/li>\n\n\n\n<li>La r\u00e9duction jusqu\u2019\u00e0 70% des \u00e9missions CO2 des logements ou locaux professionnels \u00e9quip\u00e9s.<\/li>\n<\/ul>\n\n\n\n<div style=\"height:25px\" aria-hidden=\"true\" class=\"wp-block-spacer\"><\/div>\n\n\n\n<p>Gr\u00e2ce \u00e0 <strong>l\u2019application web et mobile <\/strong><a href=\"https:\/\/www.voltalis.com\/myvoltalis-lapplication-de-suivi-de-consommation-electrique\" target=\"_blank\" rel=\"noreferrer noopener\"><strong>MyVoltalis<\/strong><\/a>, l\u2019utilisateur peut piloter la temp\u00e9rature pi\u00e8ce par pi\u00e8ce et programmer ses radiateurs en fonction de ses habitudes<a>.<\/a> Il a aussi acc\u00e8s au suivi de ses consommations \u00e9lectriques par cat\u00e9gorie (chauffage, eau-chaude, gros \u00e9lectrom\u00e9nager, multim\u00e9dia\u2026) pour lui permettre d\u2019optimiser leur utilisation. Il b\u00e9n\u00e9ficie \u00e9galement d\u2019alertes et de conseils pour d\u00e9penser moins et r\u00e9duire simplement son impact.<\/p>\n\n\n\n<p><strong>La prise de RDV est simple et d\u00e9di\u00e9e <\/strong>: par t\u00e9l\u00e9phone : 04 56 60 87 47 ou par mail : contact@voltalis.com.<\/p>\n","protected":false},"excerpt":{"rendered":"<p>D\u00e8s le 22 juillet, des conseillers Voltalis proposeront \u00e0 pr\u00e8s de 37 500 foyers et professionnels du territoire de b\u00e9n\u00e9ficier de la fourniture, de l\u2019installation et de l\u2019utilisation gratuites de bo\u00eetiers sur leurs radiateurs \u00e9lectriques et\/ou pompe \u00e0 chaleur leur permettant un pilotage intelligent \u00e0 distance. Concr\u00e8tement, Voltalis propose une solution qui permet d\u2019agir concr\u00e8tement [&hellip;]<\/p>\n","protected":false},"author":9,"featured_media":7998,"comment_status":"closed","ping_status":"closed","sticky":false,"template":"","format":"standard","meta":{"_acf_changed":false,"inline_featured_image":false,"footnotes":""},"categories":[199,3],"tags":[],"class_list":["post-8002","post","type-post","status-publish","format-standard","has-post-thumbnail","hentry","category-collectivites","category-communiques-de-presse"],"acf":[],"yoast_head":"<!-- This site is optimized with the Yoast SEO plugin v27.5 - https:\/\/yoast.com\/product\/yoast-seo-wordpress\/ -->\n<title>Voltalis d\u00e9ploie son thermostat connect\u00e9 aupr\u00e8s des habitants de la Communaut\u00e9 d\u2019Agglom\u00e9ration du Grand Avignon - Groupe Voltalis<\/title>\n<meta name=\"robots\" content=\"index, follow, max-snippet:-1, max-image-preview:large, max-video-preview:-1\" \/>\n<link rel=\"canonical\" href=\"https:\/\/group.voltalis.com\/fr\/type-de-contenu\/communiques-de-presse\/communaute-agglomeration-grand-avignon-8002\" \/>\n<meta property=\"og:locale\" content=\"fr_FR\" \/>\n<meta property=\"og:type\" content=\"article\" \/>\n<meta property=\"og:title\" content=\"Voltalis d\u00e9ploie son thermostat connect\u00e9 aupr\u00e8s des habitants de la Communaut\u00e9 d\u2019Agglom\u00e9ration du Grand Avignon - Groupe Voltalis\" \/>\n<meta property=\"og:description\" content=\"D\u00e8s le 22 juillet, des conseillers Voltalis proposeront \u00e0 pr\u00e8s de 37 500 foyers et professionnels du territoire de b\u00e9n\u00e9ficier de la fourniture, de l\u2019installation et de l\u2019utilisation gratuites de bo\u00eetiers sur leurs radiateurs \u00e9lectriques et\/ou pompe \u00e0 chaleur leur permettant un pilotage intelligent \u00e0 distance. Concr\u00e8tement, Voltalis propose une solution qui permet d\u2019agir concr\u00e8tement [&hellip;]\" \/>\n<meta property=\"og:url\" content=\"https:\/\/group.voltalis.com\/fr\/type-de-contenu\/communiques-de-presse\/communaute-agglomeration-grand-avignon-8002\" \/>\n<meta property=\"og:site_name\" content=\"Groupe Voltalis\" \/>\n<meta property=\"article:publisher\" content=\"https:\/\/www.facebook.com\/pages\/category\/Product-Service\/Voltalis-178720392179068\/\" \/>\n<meta property=\"article:published_time\" content=\"2024-07-11T07:26:00+00:00\" \/>\n<meta property=\"article:modified_time\" content=\"2025-09-04T12:44:30+00:00\" \/>\n<meta property=\"og:image\" content=\"https:\/\/group.voltalis.com\/wp-content\/uploads\/2024\/07\/grand-avignon-1024x193.png\" \/>\n\t<meta property=\"og:image:width\" content=\"1024\" \/>\n\t<meta property=\"og:image:height\" content=\"193\" \/>\n\t<meta property=\"og:image:type\" content=\"image\/png\" \/>\n<meta name=\"author\" content=\"Emma Corson\" \/>\n<meta name=\"twitter:card\" content=\"summary_large_image\" \/>\n<meta name=\"twitter:label1\" content=\"\u00c9crit par\" \/>\n\t<meta name=\"twitter:data1\" content=\"Emma Corson\" \/>\n\t<meta name=\"twitter:label2\" content=\"Dur\u00e9e de lecture estim\u00e9e\" \/>\n\t<meta name=\"twitter:data2\" content=\"1 minute\" \/>\n<script type=\"application\/ld+json\" class=\"yoast-schema-graph\">{\"@context\":\"https:\\\/\\\/schema.org\",\"@graph\":[{\"@type\":\"Article\",\"@id\":\"https:\\\/\\\/group.voltalis.com\\\/fr\\\/type-de-contenu\\\/communiques-de-presse\\\/communaute-agglomeration-grand-avignon-8002#article\",\"isPartOf\":{\"@id\":\"https:\\\/\\\/group.voltalis.com\\\/fr\\\/type-de-contenu\\\/communiques-de-presse\\\/communaute-agglomeration-grand-avignon-8002\"},\"author\":{\"name\":\"Emma Corson\",\"@id\":\"https:\\\/\\\/group.voltalis.com\\\/en\\\/#\\\/schema\\\/person\\\/0b72ec21cac86d7e1ad1f55c96e0056e\"},\"headline\":\"Voltalis d\u00e9ploie son thermostat connect\u00e9 aupr\u00e8s des habitants de la Communaut\u00e9 d\u2019Agglom\u00e9ration du Grand Avignon\",\"datePublished\":\"2024-07-11T07:26:00+00:00\",\"dateModified\":\"2025-09-04T12:44:30+00:00\",\"mainEntityOfPage\":{\"@id\":\"https:\\\/\\\/group.voltalis.com\\\/fr\\\/type-de-contenu\\\/communiques-de-presse\\\/communaute-agglomeration-grand-avignon-8002\"},\"wordCount\":218,\"image\":{\"@id\":\"https:\\\/\\\/group.voltalis.com\\\/fr\\\/type-de-contenu\\\/communiques-de-presse\\\/communaute-agglomeration-grand-avignon-8002#primaryimage\"},\"thumbnailUrl\":\"https:\\\/\\\/group.voltalis.com\\\/wp-content\\\/uploads\\\/2024\\\/07\\\/grand-avignon.png\",\"articleSection\":[\"Collectivit\u00e9s\",\"Communiqu\u00e9s\"],\"inLanguage\":\"fr-FR\"},{\"@type\":\"WebPage\",\"@id\":\"https:\\\/\\\/group.voltalis.com\\\/fr\\\/type-de-contenu\\\/communiques-de-presse\\\/communaute-agglomeration-grand-avignon-8002\",\"url\":\"https:\\\/\\\/group.voltalis.com\\\/fr\\\/type-de-contenu\\\/communiques-de-presse\\\/communaute-agglomeration-grand-avignon-8002\",\"name\":\"Voltalis d\u00e9ploie son thermostat connect\u00e9 aupr\u00e8s des habitants de la Communaut\u00e9 d\u2019Agglom\u00e9ration du Grand Avignon - Groupe Voltalis\",\"isPartOf\":{\"@id\":\"https:\\\/\\\/group.voltalis.com\\\/en\\\/#website\"},\"primaryImageOfPage\":{\"@id\":\"https:\\\/\\\/group.voltalis.com\\\/fr\\\/type-de-contenu\\\/communiques-de-presse\\\/communaute-agglomeration-grand-avignon-8002#primaryimage\"},\"image\":{\"@id\":\"https:\\\/\\\/group.voltalis.com\\\/fr\\\/type-de-contenu\\\/communiques-de-presse\\\/communaute-agglomeration-grand-avignon-8002#primaryimage\"},\"thumbnailUrl\":\"https:\\\/\\\/group.voltalis.com\\\/wp-content\\\/uploads\\\/2024\\\/07\\\/grand-avignon.png\",\"datePublished\":\"2024-07-11T07:26:00+00:00\",\"dateModified\":\"2025-09-04T12:44:30+00:00\",\"author\":{\"@id\":\"https:\\\/\\\/group.voltalis.com\\\/en\\\/#\\\/schema\\\/person\\\/0b72ec21cac86d7e1ad1f55c96e0056e\"},\"breadcrumb\":{\"@id\":\"https:\\\/\\\/group.voltalis.com\\\/fr\\\/type-de-contenu\\\/communiques-de-presse\\\/communaute-agglomeration-grand-avignon-8002#breadcrumb\"},\"inLanguage\":\"fr-FR\",\"potentialAction\":[{\"@type\":\"ReadAction\",\"target\":[\"https:\\\/\\\/group.voltalis.com\\\/fr\\\/type-de-contenu\\\/communiques-de-presse\\\/communaute-agglomeration-grand-avignon-8002\"]}]},{\"@type\":\"ImageObject\",\"inLanguage\":\"fr-FR\",\"@id\":\"https:\\\/\\\/group.voltalis.com\\\/fr\\\/type-de-contenu\\\/communiques-de-presse\\\/communaute-agglomeration-grand-avignon-8002#primaryimage\",\"url\":\"https:\\\/\\\/group.voltalis.com\\\/wp-content\\\/uploads\\\/2024\\\/07\\\/grand-avignon.png\",\"contentUrl\":\"https:\\\/\\\/group.voltalis.com\\\/wp-content\\\/uploads\\\/2024\\\/07\\\/grand-avignon.png\",\"width\":4896,\"height\":921},{\"@type\":\"BreadcrumbList\",\"@id\":\"https:\\\/\\\/group.voltalis.com\\\/fr\\\/type-de-contenu\\\/communiques-de-presse\\\/communaute-agglomeration-grand-avignon-8002#breadcrumb\",\"itemListElement\":[{\"@type\":\"ListItem\",\"position\":1,\"name\":\"Home\",\"item\":\"https:\\\/\\\/group.voltalis.com\\\/fr\"},{\"@type\":\"ListItem\",\"position\":2,\"name\":\"Voltalis d\u00e9ploie son thermostat connect\u00e9 aupr\u00e8s des habitants de la Communaut\u00e9 d\u2019Agglom\u00e9ration du Grand Avignon\"}]},{\"@type\":\"WebSite\",\"@id\":\"https:\\\/\\\/group.voltalis.com\\\/en\\\/#website\",\"url\":\"https:\\\/\\\/group.voltalis.com\\\/en\\\/\",\"name\":\"Groupe Voltalis\",\"description\":\"Bien plus que des \u00e9conomies d&#039;\u00e9nergie\",\"potentialAction\":[{\"@type\":\"SearchAction\",\"target\":{\"@type\":\"EntryPoint\",\"urlTemplate\":\"https:\\\/\\\/group.voltalis.com\\\/en\\\/?s={search_term_string}\"},\"query-input\":{\"@type\":\"PropertyValueSpecification\",\"valueRequired\":true,\"valueName\":\"search_term_string\"}}],\"inLanguage\":\"fr-FR\"},{\"@type\":\"Person\",\"@id\":\"https:\\\/\\\/group.voltalis.com\\\/en\\\/#\\\/schema\\\/person\\\/0b72ec21cac86d7e1ad1f55c96e0056e\",\"name\":\"Emma Corson\",\"image\":{\"@type\":\"ImageObject\",\"inLanguage\":\"fr-FR\",\"@id\":\"https:\\\/\\\/secure.gravatar.com\\\/avatar\\\/c31b10fc9fd80670f3cae550df1692fb6e6f5a3e2941ed270ec82834eeefc649?s=96&d=mm&r=g\",\"url\":\"https:\\\/\\\/secure.gravatar.com\\\/avatar\\\/c31b10fc9fd80670f3cae550df1692fb6e6f5a3e2941ed270ec82834eeefc649?s=96&d=mm&r=g\",\"contentUrl\":\"https:\\\/\\\/secure.gravatar.com\\\/avatar\\\/c31b10fc9fd80670f3cae550df1692fb6e6f5a3e2941ed270ec82834eeefc649?s=96&d=mm&r=g\",\"caption\":\"Emma Corson\"},\"url\":\"https:\\\/\\\/group.voltalis.com\\\/fr\\\/author\\\/emma-corson\"}]}<\/script>\n<!-- \/ Yoast SEO plugin. -->","yoast_head_json":{"title":"Voltalis d\u00e9ploie son thermostat connect\u00e9 aupr\u00e8s des habitants de la Communaut\u00e9 d\u2019Agglom\u00e9ration du Grand Avignon - Groupe Voltalis","robots":{"index":"index","follow":"follow","max-snippet":"max-snippet:-1","max-image-preview":"max-image-preview:large","max-video-preview":"max-video-preview:-1"},"canonical":"https:\/\/group.voltalis.com\/fr\/type-de-contenu\/communiques-de-presse\/communaute-agglomeration-grand-avignon-8002","og_locale":"fr_FR","og_type":"article","og_title":"Voltalis d\u00e9ploie son thermostat connect\u00e9 aupr\u00e8s des habitants de la Communaut\u00e9 d\u2019Agglom\u00e9ration du Grand Avignon - Groupe Voltalis","og_description":"D\u00e8s le 22 juillet, des conseillers Voltalis proposeront \u00e0 pr\u00e8s de 37 500 foyers et professionnels du territoire de b\u00e9n\u00e9ficier de la fourniture, de l\u2019installation et de l\u2019utilisation gratuites de bo\u00eetiers sur leurs radiateurs \u00e9lectriques et\/ou pompe \u00e0 chaleur leur permettant un pilotage intelligent \u00e0 distance. Concr\u00e8tement, Voltalis propose une solution qui permet d\u2019agir concr\u00e8tement [&hellip;]","og_url":"https:\/\/group.voltalis.com\/fr\/type-de-contenu\/communiques-de-presse\/communaute-agglomeration-grand-avignon-8002","og_site_name":"Groupe Voltalis","article_publisher":"https:\/\/www.facebook.com\/pages\/category\/Product-Service\/Voltalis-178720392179068\/","article_published_time":"2024-07-11T07:26:00+00:00","article_modified_time":"2025-09-04T12:44:30+00:00","og_image":[{"width":1024,"height":193,"url":"https:\/\/group.voltalis.com\/wp-content\/uploads\/2024\/07\/grand-avignon-1024x193.png","type":"image\/png"}],"author":"Emma Corson","twitter_card":"summary_large_image","twitter_misc":{"\u00c9crit par":"Emma Corson","Dur\u00e9e de lecture estim\u00e9e":"1 minute"},"schema":{"@context":"https:\/\/schema.org","@graph":[{"@type":"Article","@id":"https:\/\/group.voltalis.com\/fr\/type-de-contenu\/communiques-de-presse\/communaute-agglomeration-grand-avignon-8002#article","isPartOf":{"@id":"https:\/\/group.voltalis.com\/fr\/type-de-contenu\/communiques-de-presse\/communaute-agglomeration-grand-avignon-8002"},"author":{"name":"Emma Corson","@id":"https:\/\/group.voltalis.com\/en\/#\/schema\/person\/0b72ec21cac86d7e1ad1f55c96e0056e"},"headline":"Voltalis d\u00e9ploie son thermostat connect\u00e9 aupr\u00e8s des habitants de la Communaut\u00e9 d\u2019Agglom\u00e9ration du Grand Avignon","datePublished":"2024-07-11T07:26:00+00:00","dateModified":"2025-09-04T12:44:30+00:00","mainEntityOfPage":{"@id":"https:\/\/group.voltalis.com\/fr\/type-de-contenu\/communiques-de-presse\/communaute-agglomeration-grand-avignon-8002"},"wordCount":218,"image":{"@id":"https:\/\/group.voltalis.com\/fr\/type-de-contenu\/communiques-de-presse\/communaute-agglomeration-grand-avignon-8002#primaryimage"},"thumbnailUrl":"https:\/\/group.voltalis.com\/wp-content\/uploads\/2024\/07\/grand-avignon.png","articleSection":["Collectivit\u00e9s","Communiqu\u00e9s"],"inLanguage":"fr-FR"},{"@type":"WebPage","@id":"https:\/\/group.voltalis.com\/fr\/type-de-contenu\/communiques-de-presse\/communaute-agglomeration-grand-avignon-8002","url":"https:\/\/group.voltalis.com\/fr\/type-de-contenu\/communiques-de-presse\/communaute-agglomeration-grand-avignon-8002","name":"Voltalis d\u00e9ploie son thermostat connect\u00e9 aupr\u00e8s des habitants de la Communaut\u00e9 d\u2019Agglom\u00e9ration du Grand Avignon - Groupe Voltalis","isPartOf":{"@id":"https:\/\/group.voltalis.com\/en\/#website"},"primaryImageOfPage":{"@id":"https:\/\/group.voltalis.com\/fr\/type-de-contenu\/communiques-de-presse\/communaute-agglomeration-grand-avignon-8002#primaryimage"},"image":{"@id":"https:\/\/group.voltalis.com\/fr\/type-de-contenu\/communiques-de-presse\/communaute-agglomeration-grand-avignon-8002#primaryimage"},"thumbnailUrl":"https:\/\/group.voltalis.com\/wp-content\/uploads\/2024\/07\/grand-avignon.png","datePublished":"2024-07-11T07:26:00+00:00","dateModified":"2025-09-04T12:44:30+00:00","author":{"@id":"https:\/\/group.voltalis.com\/en\/#\/schema\/person\/0b72ec21cac86d7e1ad1f55c96e0056e"},"breadcrumb":{"@id":"https:\/\/group.voltalis.com\/fr\/type-de-contenu\/communiques-de-presse\/communaute-agglomeration-grand-avignon-8002#breadcrumb"},"inLanguage":"fr-FR","potentialAction":[{"@type":"ReadAction","target":["https:\/\/group.voltalis.com\/fr\/type-de-contenu\/communiques-de-presse\/communaute-agglomeration-grand-avignon-8002"]}]},{"@type":"ImageObject","inLanguage":"fr-FR","@id":"https:\/\/group.voltalis.com\/fr\/type-de-contenu\/communiques-de-presse\/communaute-agglomeration-grand-avignon-8002#primaryimage","url":"https:\/\/group.voltalis.com\/wp-content\/uploads\/2024\/07\/grand-avignon.png","contentUrl":"https:\/\/group.voltalis.com\/wp-content\/uploads\/2024\/07\/grand-avignon.png","width":4896,"height":921},{"@type":"BreadcrumbList","@id":"https:\/\/group.voltalis.com\/fr\/type-de-contenu\/communiques-de-presse\/communaute-agglomeration-grand-avignon-8002#breadcrumb","itemListElement":[{"@type":"ListItem","position":1,"name":"Home","item":"https:\/\/group.voltalis.com\/fr"},{"@type":"ListItem","position":2,"name":"Voltalis d\u00e9ploie son thermostat connect\u00e9 aupr\u00e8s des habitants de la Communaut\u00e9 d\u2019Agglom\u00e9ration du Grand Avignon"}]},{"@type":"WebSite","@id":"https:\/\/group.voltalis.com\/en\/#website","url":"https:\/\/group.voltalis.com\/en\/","name":"Groupe Voltalis","description":"Bien plus que des \u00e9conomies d&#039;\u00e9nergie","potentialAction":[{"@type":"SearchAction","target":{"@type":"EntryPoint","urlTemplate":"https:\/\/group.voltalis.com\/en\/?s={search_term_string}"},"query-input":{"@type":"PropertyValueSpecification","valueRequired":true,"valueName":"search_term_string"}}],"inLanguage":"fr-FR"},{"@type":"Person","@id":"https:\/\/group.voltalis.com\/en\/#\/schema\/person\/0b72ec21cac86d7e1ad1f55c96e0056e","name":"Emma Corson","image":{"@type":"ImageObject","inLanguage":"fr-FR","@id":"https:\/\/secure.gravatar.com\/avatar\/c31b10fc9fd80670f3cae550df1692fb6e6f5a3e2941ed270ec82834eeefc649?s=96&d=mm&r=g","url":"https:\/\/secure.gravatar.com\/avatar\/c31b10fc9fd80670f3cae550df1692fb6e6f5a3e2941ed270ec82834eeefc649?s=96&d=mm&r=g","contentUrl":"https:\/\/secure.gravatar.com\/avatar\/c31b10fc9fd80670f3cae550df1692fb6e6f5a3e2941ed270ec82834eeefc649?s=96&d=mm&r=g","caption":"Emma Corson"},"url":"https:\/\/group.voltalis.com\/fr\/author\/emma-corson"}]}},"_links":{"self":[{"href":"https:\/\/group.voltalis.com\/fr\/wp-json\/wp\/v2\/posts\/8002","targetHints":{"allow":["GET"]}}],"collection":[{"href":"https:\/\/group.voltalis.com\/fr\/wp-json\/wp\/v2\/posts"}],"about":[{"href":"https:\/\/group.voltalis.com\/fr\/wp-json\/wp\/v2\/types\/post"}],"author":[{"embeddable":true,"href":"https:\/\/group.voltalis.com\/fr\/wp-json\/wp\/v2\/users\/9"}],"replies":[{"embeddable":true,"href":"https:\/\/group.voltalis.com\/fr\/wp-json\/wp\/v2\/comments?post=8002"}],"version-history":[{"count":1,"href":"https:\/\/group.voltalis.com\/fr\/wp-json\/wp\/v2\/posts\/8002\/revisions"}],"predecessor-version":[{"id":10349,"href":"https:\/\/group.voltalis.com\/fr\/wp-json\/wp\/v2\/posts\/8002\/revisions\/10349"}],"wp:featuredmedia":[{"embeddable":true,"href":"https:\/\/group.voltalis.com\/fr\/wp-json\/wp\/v2\/media\/7998"}],"wp:attachment":[{"href":"https:\/\/group.voltalis.com\/fr\/wp-json\/wp\/v2\/media?parent=8002"}],"wp:term":[{"taxonomy":"category","embeddable":true,"href":"https:\/\/group.voltalis.com\/fr\/wp-json\/wp\/v2\/categories?post=8002"},{"taxonomy":"post_tag","embeddable":true,"href":"https:\/\/group.voltalis.com\/fr\/wp-json\/wp\/v2\/tags?post=8002"}],"curies":[{"name":"wp","href":"https:\/\/api.w.org\/{rel}","templated":true}]}}