{"id":8102,"date":"2024-09-30T09:15:00","date_gmt":"2024-09-30T07:15:00","guid":{"rendered":"https:\/\/group.voltalis.com\/?p=8102"},"modified":"2025-09-04T15:28:11","modified_gmt":"2025-09-04T13:28:11","slug":"communaute-agglomeration-porte-de-lisere","status":"publish","type":"post","link":"https:\/\/group.voltalis.com\/fr\/type-de-contenu\/communiques-de-presse\/communaute-agglomeration-porte-de-lisere-8102","title":{"rendered":"Rentr\u00e9e 2024 : la Communaut\u00e9 d\u2019Agglom\u00e9ration Porte de l\u2019Is\u00e8re relance une action avec Voltalis"},"content":{"rendered":"\n<p class=\"has-text-align-left has-medium-font-size\"><\/p>\n\n\n\n<p><strong>\u00c0 la suite du succ\u00e8s rencontr\u00e9 lors de la premi\u00e8re campagne d&rsquo;installation de thermostats connect\u00e9s, la Communaut\u00e9 d\u2019Agglom\u00e9ration Porte de l\u2019Is\u00e8re (CAPI) renouvelle sa confiance en Voltalis, symbole de son engagement en faveur de la transition \u00e9cologique du territoire. Ainsi, \u00e0 partir de cette semaine, les 15 000 foyers et professionnels de l\u2019agglom\u00e9ration chauff\u00e9s \u00e0 l\u2019\u00e9lectrique peuvent b\u00e9n\u00e9ficier gratuitement de l\u2019installation de thermostats connect\u00e9s.<\/strong><\/p>\n\n\n\n<div style=\"height:20px\" aria-hidden=\"true\" class=\"wp-block-spacer\"><\/div>\n\n\n\n<p class=\"has-medium-font-size\"><strong>Un dispositif \u00e0 succ\u00e8s en faveur de la transition \u00e9nerg\u00e9tique et du pouvoir d\u2019achat<\/strong><\/p>\n\n\n\n<p>Lors de la pr\u00e9c\u00e9dente campagne de d\u00e9ploiement sur la CAPI, <strong>Voltalis a \u00e9quip\u00e9 plus de<br>2 200 logements et locaux professionnels<\/strong> de son thermostat connect\u00e9 appos\u00e9 sur les radiateurs \u00e9lectriques et\/ou la pompe \u00e0 chaleur, offrant un double int\u00e9r\u00eat : <strong><\/strong><\/p>\n\n\n\n<ul class=\"wp-block-list\">\n<li>Pour les habitants \u00e9quip\u00e9s : permettre des <strong>\u00e9conomies d\u2019\u00e9lectricit\u00e9 pouvant aller jusqu\u2019\u00e0 15%,<\/strong><\/li>\n\n\n\n<li>S\u00e9curiser le r\u00e9seau et \u00e9viter les d\u00e9lestages ou coupures en cas d\u00e9s\u00e9quilibre via la r\u00e9duction br\u00e8ve des consommations des radiateurs ou encore des pompes \u00e0 chaleur connect\u00e9s, sans impact sur le confort des habitants. Cette action permet en outre de <strong>faire baisser les \u00e9missions de CO\u2082 jusqu\u2019\u00e0 70%<\/strong> en \u00e9vitant la mise en route de centrales d\u2019appoint polluantes.<\/li>\n<\/ul>\n\n\n\n<p><\/p>\n\n\n<div class=\"wp-block-image\">\n<figure class=\"alignright size-large is-resized\"><img loading=\"lazy\" decoding=\"async\" width=\"1024\" height=\"632\" src=\"https:\/\/group.voltalis.com\/wp-content\/uploads\/2024\/07\/Smartphone_Salon_RVB_petit-1-1024x632.jpg\" alt=\"\" class=\"wp-image-8059\" style=\"width:298px;height:auto\" srcset=\"https:\/\/group.voltalis.com\/wp-content\/uploads\/2024\/07\/Smartphone_Salon_RVB_petit-1-1024x632.jpg 1024w, https:\/\/group.voltalis.com\/wp-content\/uploads\/2024\/07\/Smartphone_Salon_RVB_petit-1-300x185.jpg 300w, https:\/\/group.voltalis.com\/wp-content\/uploads\/2024\/07\/Smartphone_Salon_RVB_petit-1-768x474.jpg 768w, https:\/\/group.voltalis.com\/wp-content\/uploads\/2024\/07\/Smartphone_Salon_RVB_petit-1-1536x949.jpg 1536w, https:\/\/group.voltalis.com\/wp-content\/uploads\/2024\/07\/Smartphone_Salon_RVB_petit-1-2048x1265.jpg 2048w\" sizes=\"auto, (max-width: 1024px) 100vw, 1024px\" \/><\/figure>\n<\/div>\n\n\n<p>Ces installations ont d\u00e9j\u00e0 permis aux habitants une \u00e9conomie  totale estim\u00e9e \u00e0 3 200 MWh, et une <strong>baisse des \u00e9missions de CO\u2082 estim\u00e9e \u00e0 1 600 tonnes <\/strong>(soit l\u2019\u00e9quivalent de 7,3 millions de km parcourus en voiture thermique).<\/p>\n\n\n\n<p>Pour maintenir cette dynamique, Voltalis d\u00e9marre une nouvelle campagne de d\u00e9ploiement de son thermostat connect\u00e9 gratuit d\u00e8s octobre\u00a0sur le territoire.<\/p>\n\n\n\n<div style=\"height:20px\" aria-hidden=\"true\" class=\"wp-block-spacer\"><\/div>\n\n\n\n<p class=\"has-medium-font-size\"><strong>Comment b\u00e9n\u00e9ficier du thermostat connect\u00e9 Voltalis ?<\/strong><\/p>\n\n\n\n<p>Les propri\u00e9taires comme les locataires de logements ou de locaux professionnels peuvent en b\u00e9n\u00e9ficier <strong>sans frais ni abonnement<\/strong>. Des conseillers Voltalis viendront directement \u00e0 leur rencontre pour pr\u00e9senter le thermostat et proposer un rendez-vous d\u2019installation. Un rendez-vous est fix\u00e9 dans les deux semaines avec un technicien agr\u00e9\u00e9. Il est d\u2019ores et d\u00e9j\u00e0 possible de solliciter l\u2019installation en contactant Voltalis&nbsp;:<\/p>\n\n\n<div class=\"wp-block-image\">\n<figure class=\"alignleft size-large is-resized\"><img loading=\"lazy\" decoding=\"async\" width=\"1024\" height=\"683\" src=\"https:\/\/group.voltalis.com\/wp-content\/uploads\/2024\/04\/DSC05488-BD-edited-1024x683.jpg\" alt=\"\" class=\"wp-image-7741\" style=\"width:267px;height:auto\" srcset=\"https:\/\/group.voltalis.com\/wp-content\/uploads\/2024\/04\/DSC05488-BD-edited-1024x683.jpg 1024w, https:\/\/group.voltalis.com\/wp-content\/uploads\/2024\/04\/DSC05488-BD-edited-300x200.jpg 300w, https:\/\/group.voltalis.com\/wp-content\/uploads\/2024\/04\/DSC05488-BD-edited-768x512.jpg 768w, https:\/\/group.voltalis.com\/wp-content\/uploads\/2024\/04\/DSC05488-BD-edited.jpg 1300w\" sizes=\"auto, (max-width: 1024px) 100vw, 1024px\" \/><\/figure>\n<\/div>\n\n\n<ul class=\"wp-block-list\">\n<li>Au num\u00e9ro <strong>04 56 60 87 47<\/strong><\/li>\n\n\n\n<li>Ou par mail : <strong>capi@voltalis.com<\/strong><\/li>\n<\/ul>\n\n\n\n<p><\/p>\n\n\n\n<p><\/p>\n\n\n\n<p><\/p>\n\n\n\n<div style=\"height:35px\" aria-hidden=\"true\" class=\"wp-block-spacer\"><\/div>\n\n\n\n<p class=\"has-text-align-center\"><strong><u>Contacts presse<\/u><\/strong><strong>&nbsp;:<\/strong><\/p>\n\n\n\n<figure class=\"wp-block-table\"><table class=\"has-fixed-layout\"><tbody><tr><td><strong>Communaut\u00e9 d\u2019Agglom\u00e9ration Porte de l\u2019Is\u00e8re : <\/strong>HATTABI Yasmina yhattabi@capi38.fr<\/td><td><strong>Voltalis<\/strong><br>Anne-Laure DAULIER &#8211; Agence Shan voltalis@shan.fr &#8211; 06 28 59 50 38<\/td><\/tr><\/tbody><\/table><\/figure>\n\n\n\n<p><\/p>\n\n\n\n<p><\/p>\n\n\n\n<p><\/p>\n","protected":false},"excerpt":{"rendered":"<p>\u00c0 la suite du succ\u00e8s rencontr\u00e9 lors de la premi\u00e8re campagne d&rsquo;installation de thermostats connect\u00e9s, la Communaut\u00e9 d\u2019Agglom\u00e9ration Porte de l\u2019Is\u00e8re (CAPI) renouvelle sa confiance en Voltalis, symbole de son engagement en faveur de la transition \u00e9cologique du territoire. Ainsi, \u00e0 partir de cette semaine, les 15 000 foyers et professionnels de l\u2019agglom\u00e9ration chauff\u00e9s \u00e0 [&hellip;]<\/p>\n","protected":false},"author":12,"featured_media":0,"comment_status":"closed","ping_status":"closed","sticky":false,"template":"","format":"standard","meta":{"_acf_changed":false,"inline_featured_image":false,"footnotes":""},"categories":[199,3],"tags":[],"class_list":["post-8102","post","type-post","status-publish","format-standard","hentry","category-collectivites","category-communiques-de-presse"],"acf":[],"yoast_head":"<!-- This site is optimized with the Yoast SEO plugin v27.5 - https:\/\/yoast.com\/product\/yoast-seo-wordpress\/ -->\n<title>Rentr\u00e9e 2024 : la Communaut\u00e9 d\u2019Agglom\u00e9ration Porte de l\u2019Is\u00e8re relance une action avec Voltalis - Groupe Voltalis<\/title>\n<meta name=\"robots\" content=\"index, follow, max-snippet:-1, max-image-preview:large, max-video-preview:-1\" \/>\n<link rel=\"canonical\" href=\"https:\/\/group.voltalis.com\/fr\/type-de-contenu\/communiques-de-presse\/communaute-agglomeration-porte-de-lisere-8102\" \/>\n<meta property=\"og:locale\" content=\"fr_FR\" \/>\n<meta property=\"og:type\" content=\"article\" \/>\n<meta property=\"og:title\" content=\"Rentr\u00e9e 2024 : la Communaut\u00e9 d\u2019Agglom\u00e9ration Porte de l\u2019Is\u00e8re relance une action avec Voltalis - Groupe Voltalis\" \/>\n<meta property=\"og:description\" content=\"\u00c0 la suite du succ\u00e8s rencontr\u00e9 lors de la premi\u00e8re campagne d&rsquo;installation de thermostats connect\u00e9s, la Communaut\u00e9 d\u2019Agglom\u00e9ration Porte de l\u2019Is\u00e8re (CAPI) renouvelle sa confiance en Voltalis, symbole de son engagement en faveur de la transition \u00e9cologique du territoire. Ainsi, \u00e0 partir de cette semaine, les 15 000 foyers et professionnels de l\u2019agglom\u00e9ration chauff\u00e9s \u00e0 [&hellip;]\" \/>\n<meta property=\"og:url\" content=\"https:\/\/group.voltalis.com\/fr\/type-de-contenu\/communiques-de-presse\/communaute-agglomeration-porte-de-lisere-8102\" \/>\n<meta property=\"og:site_name\" content=\"Groupe Voltalis\" \/>\n<meta property=\"article:publisher\" content=\"https:\/\/www.facebook.com\/pages\/category\/Product-Service\/Voltalis-178720392179068\/\" \/>\n<meta property=\"article:published_time\" content=\"2024-09-30T07:15:00+00:00\" \/>\n<meta property=\"article:modified_time\" content=\"2025-09-04T13:28:11+00:00\" \/>\n<meta property=\"og:image\" content=\"https:\/\/group.voltalis.com\/wp-content\/uploads\/2024\/07\/Smartphone_Salon_RVB_petit-1.jpg\" \/>\n\t<meta property=\"og:image:width\" content=\"2495\" \/>\n\t<meta property=\"og:image:height\" content=\"1541\" \/>\n\t<meta property=\"og:image:type\" content=\"image\/jpeg\" \/>\n<meta name=\"author\" content=\"Alexane\" \/>\n<meta name=\"twitter:card\" content=\"summary_large_image\" \/>\n<meta name=\"twitter:label1\" content=\"\u00c9crit par\" \/>\n\t<meta name=\"twitter:data1\" content=\"Alexane\" \/>\n\t<meta name=\"twitter:label2\" content=\"Dur\u00e9e de lecture estim\u00e9e\" \/>\n\t<meta name=\"twitter:data2\" content=\"2 minutes\" \/>\n<script type=\"application\/ld+json\" class=\"yoast-schema-graph\">{\"@context\":\"https:\\\/\\\/schema.org\",\"@graph\":[{\"@type\":\"Article\",\"@id\":\"https:\\\/\\\/group.voltalis.com\\\/fr\\\/type-de-contenu\\\/communiques-de-presse\\\/communaute-agglomeration-porte-de-lisere-8102#article\",\"isPartOf\":{\"@id\":\"https:\\\/\\\/group.voltalis.com\\\/fr\\\/type-de-contenu\\\/communiques-de-presse\\\/communaute-agglomeration-porte-de-lisere-8102\"},\"author\":{\"name\":\"Alexane\",\"@id\":\"https:\\\/\\\/group.voltalis.com\\\/en\\\/#\\\/schema\\\/person\\\/4b1cbe0f01025c70fcdd38212cf95135\"},\"headline\":\"Rentr\u00e9e 2024 : la Communaut\u00e9 d\u2019Agglom\u00e9ration Porte de l\u2019Is\u00e8re relance une action avec Voltalis\",\"datePublished\":\"2024-09-30T07:15:00+00:00\",\"dateModified\":\"2025-09-04T13:28:11+00:00\",\"mainEntityOfPage\":{\"@id\":\"https:\\\/\\\/group.voltalis.com\\\/fr\\\/type-de-contenu\\\/communiques-de-presse\\\/communaute-agglomeration-porte-de-lisere-8102\"},\"wordCount\":397,\"image\":{\"@id\":\"https:\\\/\\\/group.voltalis.com\\\/fr\\\/type-de-contenu\\\/communiques-de-presse\\\/communaute-agglomeration-porte-de-lisere-8102#primaryimage\"},\"thumbnailUrl\":\"https:\\\/\\\/group.voltalis.com\\\/wp-content\\\/uploads\\\/2024\\\/07\\\/Smartphone_Salon_RVB_petit-1-1024x632.jpg\",\"articleSection\":[\"Collectivit\u00e9s\",\"Communiqu\u00e9s\"],\"inLanguage\":\"fr-FR\"},{\"@type\":\"WebPage\",\"@id\":\"https:\\\/\\\/group.voltalis.com\\\/fr\\\/type-de-contenu\\\/communiques-de-presse\\\/communaute-agglomeration-porte-de-lisere-8102\",\"url\":\"https:\\\/\\\/group.voltalis.com\\\/fr\\\/type-de-contenu\\\/communiques-de-presse\\\/communaute-agglomeration-porte-de-lisere-8102\",\"name\":\"Rentr\u00e9e 2024 : la Communaut\u00e9 d\u2019Agglom\u00e9ration Porte de l\u2019Is\u00e8re relance une action avec Voltalis - Groupe Voltalis\",\"isPartOf\":{\"@id\":\"https:\\\/\\\/group.voltalis.com\\\/en\\\/#website\"},\"primaryImageOfPage\":{\"@id\":\"https:\\\/\\\/group.voltalis.com\\\/fr\\\/type-de-contenu\\\/communiques-de-presse\\\/communaute-agglomeration-porte-de-lisere-8102#primaryimage\"},\"image\":{\"@id\":\"https:\\\/\\\/group.voltalis.com\\\/fr\\\/type-de-contenu\\\/communiques-de-presse\\\/communaute-agglomeration-porte-de-lisere-8102#primaryimage\"},\"thumbnailUrl\":\"https:\\\/\\\/group.voltalis.com\\\/wp-content\\\/uploads\\\/2024\\\/07\\\/Smartphone_Salon_RVB_petit-1-1024x632.jpg\",\"datePublished\":\"2024-09-30T07:15:00+00:00\",\"dateModified\":\"2025-09-04T13:28:11+00:00\",\"author\":{\"@id\":\"https:\\\/\\\/group.voltalis.com\\\/en\\\/#\\\/schema\\\/person\\\/4b1cbe0f01025c70fcdd38212cf95135\"},\"breadcrumb\":{\"@id\":\"https:\\\/\\\/group.voltalis.com\\\/fr\\\/type-de-contenu\\\/communiques-de-presse\\\/communaute-agglomeration-porte-de-lisere-8102#breadcrumb\"},\"inLanguage\":\"fr-FR\",\"potentialAction\":[{\"@type\":\"ReadAction\",\"target\":[\"https:\\\/\\\/group.voltalis.com\\\/fr\\\/type-de-contenu\\\/communiques-de-presse\\\/communaute-agglomeration-porte-de-lisere-8102\"]}]},{\"@type\":\"ImageObject\",\"inLanguage\":\"fr-FR\",\"@id\":\"https:\\\/\\\/group.voltalis.com\\\/fr\\\/type-de-contenu\\\/communiques-de-presse\\\/communaute-agglomeration-porte-de-lisere-8102#primaryimage\",\"url\":\"https:\\\/\\\/group.voltalis.com\\\/wp-content\\\/uploads\\\/2024\\\/07\\\/Smartphone_Salon_RVB_petit-1-1024x632.jpg\",\"contentUrl\":\"https:\\\/\\\/group.voltalis.com\\\/wp-content\\\/uploads\\\/2024\\\/07\\\/Smartphone_Salon_RVB_petit-1-1024x632.jpg\"},{\"@type\":\"BreadcrumbList\",\"@id\":\"https:\\\/\\\/group.voltalis.com\\\/fr\\\/type-de-contenu\\\/communiques-de-presse\\\/communaute-agglomeration-porte-de-lisere-8102#breadcrumb\",\"itemListElement\":[{\"@type\":\"ListItem\",\"position\":1,\"name\":\"Home\",\"item\":\"https:\\\/\\\/group.voltalis.com\\\/fr\"},{\"@type\":\"ListItem\",\"position\":2,\"name\":\"Rentr\u00e9e 2024 : la Communaut\u00e9 d\u2019Agglom\u00e9ration Porte de l\u2019Is\u00e8re relance une action avec Voltalis\"}]},{\"@type\":\"WebSite\",\"@id\":\"https:\\\/\\\/group.voltalis.com\\\/en\\\/#website\",\"url\":\"https:\\\/\\\/group.voltalis.com\\\/en\\\/\",\"name\":\"Groupe Voltalis\",\"description\":\"Bien plus que des \u00e9conomies d&#039;\u00e9nergie\",\"potentialAction\":[{\"@type\":\"SearchAction\",\"target\":{\"@type\":\"EntryPoint\",\"urlTemplate\":\"https:\\\/\\\/group.voltalis.com\\\/en\\\/?s={search_term_string}\"},\"query-input\":{\"@type\":\"PropertyValueSpecification\",\"valueRequired\":true,\"valueName\":\"search_term_string\"}}],\"inLanguage\":\"fr-FR\"},{\"@type\":\"Person\",\"@id\":\"https:\\\/\\\/group.voltalis.com\\\/en\\\/#\\\/schema\\\/person\\\/4b1cbe0f01025c70fcdd38212cf95135\",\"name\":\"Alexane\",\"image\":{\"@type\":\"ImageObject\",\"inLanguage\":\"fr-FR\",\"@id\":\"https:\\\/\\\/secure.gravatar.com\\\/avatar\\\/30dd78037058843d269c357b406aa01da51eb6ad19f53de9f0fef498b199071b?s=96&d=mm&r=g\",\"url\":\"https:\\\/\\\/secure.gravatar.com\\\/avatar\\\/30dd78037058843d269c357b406aa01da51eb6ad19f53de9f0fef498b199071b?s=96&d=mm&r=g\",\"contentUrl\":\"https:\\\/\\\/secure.gravatar.com\\\/avatar\\\/30dd78037058843d269c357b406aa01da51eb6ad19f53de9f0fef498b199071b?s=96&d=mm&r=g\",\"caption\":\"Alexane\"},\"url\":\"https:\\\/\\\/group.voltalis.com\\\/fr\\\/author\\\/alexane\"}]}<\/script>\n<!-- \/ Yoast SEO plugin. -->","yoast_head_json":{"title":"Rentr\u00e9e 2024 : la Communaut\u00e9 d\u2019Agglom\u00e9ration Porte de l\u2019Is\u00e8re relance une action avec Voltalis - Groupe Voltalis","robots":{"index":"index","follow":"follow","max-snippet":"max-snippet:-1","max-image-preview":"max-image-preview:large","max-video-preview":"max-video-preview:-1"},"canonical":"https:\/\/group.voltalis.com\/fr\/type-de-contenu\/communiques-de-presse\/communaute-agglomeration-porte-de-lisere-8102","og_locale":"fr_FR","og_type":"article","og_title":"Rentr\u00e9e 2024 : la Communaut\u00e9 d\u2019Agglom\u00e9ration Porte de l\u2019Is\u00e8re relance une action avec Voltalis - Groupe Voltalis","og_description":"\u00c0 la suite du succ\u00e8s rencontr\u00e9 lors de la premi\u00e8re campagne d&rsquo;installation de thermostats connect\u00e9s, la Communaut\u00e9 d\u2019Agglom\u00e9ration Porte de l\u2019Is\u00e8re (CAPI) renouvelle sa confiance en Voltalis, symbole de son engagement en faveur de la transition \u00e9cologique du territoire. Ainsi, \u00e0 partir de cette semaine, les 15 000 foyers et professionnels de l\u2019agglom\u00e9ration chauff\u00e9s \u00e0 [&hellip;]","og_url":"https:\/\/group.voltalis.com\/fr\/type-de-contenu\/communiques-de-presse\/communaute-agglomeration-porte-de-lisere-8102","og_site_name":"Groupe Voltalis","article_publisher":"https:\/\/www.facebook.com\/pages\/category\/Product-Service\/Voltalis-178720392179068\/","article_published_time":"2024-09-30T07:15:00+00:00","article_modified_time":"2025-09-04T13:28:11+00:00","og_image":[{"width":2495,"height":1541,"url":"https:\/\/group.voltalis.com\/wp-content\/uploads\/2024\/07\/Smartphone_Salon_RVB_petit-1.jpg","type":"image\/jpeg"}],"author":"Alexane","twitter_card":"summary_large_image","twitter_misc":{"\u00c9crit par":"Alexane","Dur\u00e9e de lecture estim\u00e9e":"2 minutes"},"schema":{"@context":"https:\/\/schema.org","@graph":[{"@type":"Article","@id":"https:\/\/group.voltalis.com\/fr\/type-de-contenu\/communiques-de-presse\/communaute-agglomeration-porte-de-lisere-8102#article","isPartOf":{"@id":"https:\/\/group.voltalis.com\/fr\/type-de-contenu\/communiques-de-presse\/communaute-agglomeration-porte-de-lisere-8102"},"author":{"name":"Alexane","@id":"https:\/\/group.voltalis.com\/en\/#\/schema\/person\/4b1cbe0f01025c70fcdd38212cf95135"},"headline":"Rentr\u00e9e 2024 : la Communaut\u00e9 d\u2019Agglom\u00e9ration Porte de l\u2019Is\u00e8re relance une action avec Voltalis","datePublished":"2024-09-30T07:15:00+00:00","dateModified":"2025-09-04T13:28:11+00:00","mainEntityOfPage":{"@id":"https:\/\/group.voltalis.com\/fr\/type-de-contenu\/communiques-de-presse\/communaute-agglomeration-porte-de-lisere-8102"},"wordCount":397,"image":{"@id":"https:\/\/group.voltalis.com\/fr\/type-de-contenu\/communiques-de-presse\/communaute-agglomeration-porte-de-lisere-8102#primaryimage"},"thumbnailUrl":"https:\/\/group.voltalis.com\/wp-content\/uploads\/2024\/07\/Smartphone_Salon_RVB_petit-1-1024x632.jpg","articleSection":["Collectivit\u00e9s","Communiqu\u00e9s"],"inLanguage":"fr-FR"},{"@type":"WebPage","@id":"https:\/\/group.voltalis.com\/fr\/type-de-contenu\/communiques-de-presse\/communaute-agglomeration-porte-de-lisere-8102","url":"https:\/\/group.voltalis.com\/fr\/type-de-contenu\/communiques-de-presse\/communaute-agglomeration-porte-de-lisere-8102","name":"Rentr\u00e9e 2024 : la Communaut\u00e9 d\u2019Agglom\u00e9ration Porte de l\u2019Is\u00e8re relance une action avec Voltalis - Groupe Voltalis","isPartOf":{"@id":"https:\/\/group.voltalis.com\/en\/#website"},"primaryImageOfPage":{"@id":"https:\/\/group.voltalis.com\/fr\/type-de-contenu\/communiques-de-presse\/communaute-agglomeration-porte-de-lisere-8102#primaryimage"},"image":{"@id":"https:\/\/group.voltalis.com\/fr\/type-de-contenu\/communiques-de-presse\/communaute-agglomeration-porte-de-lisere-8102#primaryimage"},"thumbnailUrl":"https:\/\/group.voltalis.com\/wp-content\/uploads\/2024\/07\/Smartphone_Salon_RVB_petit-1-1024x632.jpg","datePublished":"2024-09-30T07:15:00+00:00","dateModified":"2025-09-04T13:28:11+00:00","author":{"@id":"https:\/\/group.voltalis.com\/en\/#\/schema\/person\/4b1cbe0f01025c70fcdd38212cf95135"},"breadcrumb":{"@id":"https:\/\/group.voltalis.com\/fr\/type-de-contenu\/communiques-de-presse\/communaute-agglomeration-porte-de-lisere-8102#breadcrumb"},"inLanguage":"fr-FR","potentialAction":[{"@type":"ReadAction","target":["https:\/\/group.voltalis.com\/fr\/type-de-contenu\/communiques-de-presse\/communaute-agglomeration-porte-de-lisere-8102"]}]},{"@type":"ImageObject","inLanguage":"fr-FR","@id":"https:\/\/group.voltalis.com\/fr\/type-de-contenu\/communiques-de-presse\/communaute-agglomeration-porte-de-lisere-8102#primaryimage","url":"https:\/\/group.voltalis.com\/wp-content\/uploads\/2024\/07\/Smartphone_Salon_RVB_petit-1-1024x632.jpg","contentUrl":"https:\/\/group.voltalis.com\/wp-content\/uploads\/2024\/07\/Smartphone_Salon_RVB_petit-1-1024x632.jpg"},{"@type":"BreadcrumbList","@id":"https:\/\/group.voltalis.com\/fr\/type-de-contenu\/communiques-de-presse\/communaute-agglomeration-porte-de-lisere-8102#breadcrumb","itemListElement":[{"@type":"ListItem","position":1,"name":"Home","item":"https:\/\/group.voltalis.com\/fr"},{"@type":"ListItem","position":2,"name":"Rentr\u00e9e 2024 : la Communaut\u00e9 d\u2019Agglom\u00e9ration Porte de l\u2019Is\u00e8re relance une action avec Voltalis"}]},{"@type":"WebSite","@id":"https:\/\/group.voltalis.com\/en\/#website","url":"https:\/\/group.voltalis.com\/en\/","name":"Groupe Voltalis","description":"Bien plus que des \u00e9conomies d&#039;\u00e9nergie","potentialAction":[{"@type":"SearchAction","target":{"@type":"EntryPoint","urlTemplate":"https:\/\/group.voltalis.com\/en\/?s={search_term_string}"},"query-input":{"@type":"PropertyValueSpecification","valueRequired":true,"valueName":"search_term_string"}}],"inLanguage":"fr-FR"},{"@type":"Person","@id":"https:\/\/group.voltalis.com\/en\/#\/schema\/person\/4b1cbe0f01025c70fcdd38212cf95135","name":"Alexane","image":{"@type":"ImageObject","inLanguage":"fr-FR","@id":"https:\/\/secure.gravatar.com\/avatar\/30dd78037058843d269c357b406aa01da51eb6ad19f53de9f0fef498b199071b?s=96&d=mm&r=g","url":"https:\/\/secure.gravatar.com\/avatar\/30dd78037058843d269c357b406aa01da51eb6ad19f53de9f0fef498b199071b?s=96&d=mm&r=g","contentUrl":"https:\/\/secure.gravatar.com\/avatar\/30dd78037058843d269c357b406aa01da51eb6ad19f53de9f0fef498b199071b?s=96&d=mm&r=g","caption":"Alexane"},"url":"https:\/\/group.voltalis.com\/fr\/author\/alexane"}]}},"_links":{"self":[{"href":"https:\/\/group.voltalis.com\/fr\/wp-json\/wp\/v2\/posts\/8102","targetHints":{"allow":["GET"]}}],"collection":[{"href":"https:\/\/group.voltalis.com\/fr\/wp-json\/wp\/v2\/posts"}],"about":[{"href":"https:\/\/group.voltalis.com\/fr\/wp-json\/wp\/v2\/types\/post"}],"author":[{"embeddable":true,"href":"https:\/\/group.voltalis.com\/fr\/wp-json\/wp\/v2\/users\/12"}],"replies":[{"embeddable":true,"href":"https:\/\/group.voltalis.com\/fr\/wp-json\/wp\/v2\/comments?post=8102"}],"version-history":[{"count":2,"href":"https:\/\/group.voltalis.com\/fr\/wp-json\/wp\/v2\/posts\/8102\/revisions"}],"predecessor-version":[{"id":9428,"href":"https:\/\/group.voltalis.com\/fr\/wp-json\/wp\/v2\/posts\/8102\/revisions\/9428"}],"wp:attachment":[{"href":"https:\/\/group.voltalis.com\/fr\/wp-json\/wp\/v2\/media?parent=8102"}],"wp:term":[{"taxonomy":"category","embeddable":true,"href":"https:\/\/group.voltalis.com\/fr\/wp-json\/wp\/v2\/categories?post=8102"},{"taxonomy":"post_tag","embeddable":true,"href":"https:\/\/group.voltalis.com\/fr\/wp-json\/wp\/v2\/tags?post=8102"}],"curies":[{"name":"wp","href":"https:\/\/api.w.org\/{rel}","templated":true}]}}