{"id":8132,"date":"2024-09-10T09:00:00","date_gmt":"2024-09-10T07:00:00","guid":{"rendered":"https:\/\/group.voltalis.com\/?p=8132"},"modified":"2025-09-04T15:12:44","modified_gmt":"2025-09-04T13:12:44","slug":"sobriete-energetique-la-communaute-de-communes-senlis-sud-oise-sengage-avec-voltalis","status":"publish","type":"post","link":"https:\/\/group.voltalis.com\/fr\/type-de-contenu\/communiques-de-presse\/sobriete-energetique-la-communaute-de-communes-senlis-sud-oise-sengage-avec-voltalis-8132","title":{"rendered":"Sobri\u00e9t\u00e9 \u00e9nerg\u00e9tique : La communaut\u00e9 de communes Senlis Sud Oise s&rsquo;engage avec Voltalis"},"content":{"rendered":"\n<p>Senlis, le 9 septembre 2024<strong> \u2013 Engag\u00e9e en faveur de la transition \u00e9cologique, la communaut\u00e9 de communes Senlis Sud Oise annonce un partenariat avec Voltalis, le leader du pilotage de la consommation \u00e9lectrique pour les particuliers et les professionnels. Concr\u00e8tement, \u00e0 partir du 16 septembre, les 3&nbsp;000 foyers et professionnels de la communaut\u00e9 chauff\u00e9s \u00e0 l\u2019\u00e9lectrique peuvent b\u00e9n\u00e9ficier gratuitement de l\u2019installation de thermostats connect\u00e9s afin de r\u00e9aliser des \u00e9conomies d\u2019\u00e9nergie.<\/strong><\/p>\n\n\n\n<p>Dans le cadre de son Plan Climat Air Energie, la communaut\u00e9 de communes souhaite engager une r\u00e9novation \u00e9nerg\u00e9tique de masse des logements existants. L\u2019objectif est de r\u00e9duire les consommations de 14% d\u2019ici 2030. Gr\u00e2ce \u00e0 ce partenariat, tous les administr\u00e9s peuvent b\u00e9n\u00e9ficier d\u2019un thermostat connect\u00e9 gratuit pour piloter leurs radiateurs, leur pompe \u00e0 chaleur ou encore leur ballon d\u2019eau chaude.<\/p>\n\n\n\n<p class=\"has-medium-font-size\"><strong>Un thermostat gratuit en faveur de l&rsquo;environnement et du pouvoir d&rsquo;achat<\/strong><\/p>\n\n\n\n<p>Voltalis contribue \u00e0 la protection du pouvoir d\u2019achat des Fran\u00e7ais et \u00e0 l\u2019effort national de sobri\u00e9t\u00e9\u00a0\u00e9nerg\u00e9tique : <strong>le dispositif combine un potentiel d\u2019\u00e9conomies d\u2019\u00e9nergie de 15% et jusqu\u2019\u00e0 70%<\/strong> <strong>de baisse des \u00e9missions de CO\u2082<\/strong> du logement ou du local professionnel.<\/p>\n\n\n\n<p>Voltalis installe ainsi, sans aucun frais, un thermostat connect\u00e9 chez les particuliers et les professionnels chauff\u00e9s \u00e0 l\u2019\u00e9lectrique. Il est associ\u00e9 \u00e0 <strong>l\u2019application mobile <\/strong><a href=\"https:\/\/www.voltalis.com\/myvoltalis-lapplication-de-suivi-de-consommation-electrique\"><strong>MyVoltalis<\/strong><\/a>, \u00e9galement disponible sur ordinateur, pour piloter facilement et \u00e0 distance leurs radiateurs (temp\u00e9rature pi\u00e8ce par pi\u00e8ce, programmation du fonctionnement selon ses habitudes de vie, option \u00ab&nbsp;d\u00e9tection d\u2019absence&nbsp;\u00bb pour passer les appareils en mode \u00e9co automatiquement lorsque l\u2019on quitte son domicile ou local\u2026).<\/p>\n\n\n\n<p>En outre, lors des pointes de consommation nationales, Voltalis est capable de r\u00e9duire la demande en \u00e9lectricit\u00e9 en agissant sur le chauffage, sans impacter le confort des habitants. Cette action permet de limiter le recours \u00e0 des centrales thermiques fonctionnant aux \u00e9nergies fossiles, traditionnellement activ\u00e9es quand le syst\u00e8me conna\u00eet des d\u00e9s\u00e9quilibres sur le r\u00e9seau (vague hivernale, intermittence des \u00e9nergies renouvelables\u2026). Il participe \u00e9galement \u00e0 la r\u00e9duction des risques de d\u00e9lestages ou de coupures sur le r\u00e9seau.<\/p>\n\n\n\n<p class=\"has-medium-font-size\"><strong>Les conseillers Voltalis \u00e0 la rencontre des habitants<\/strong><\/p>\n\n\n\n<p>Les \u00e9quipes de Voltalis seront pr\u00e9sentes d\u00e8s le 16 septembre sur le territoire de la communaut\u00e9 pour pr\u00e9senter le dispositif et fixer un rendez-vous d\u2019installation du thermostat connect\u00e9 chez les particuliers et les professionnels qui le souhaitent. Un technicien agr\u00e9\u00e9 interviendra ensuite dans les deux semaines pour une dur\u00e9e moyenne de 2 heures pour une pompe \u00e0 chaleur ou de 2h30 pour un b\u00e2timent comprenant 5 radiateurs.<\/p>\n\n\n<div class=\"wp-block-image\">\n<figure class=\"alignleft size-large is-resized\"><img loading=\"lazy\" decoding=\"async\" width=\"1024\" height=\"683\" src=\"https:\/\/group.voltalis.com\/wp-content\/uploads\/2024\/04\/DSC05488-BD-edited-1024x683.jpg\" alt=\"\" class=\"wp-image-7741\" style=\"width:301px;height:auto\" srcset=\"https:\/\/group.voltalis.com\/wp-content\/uploads\/2024\/04\/DSC05488-BD-edited-1024x683.jpg 1024w, https:\/\/group.voltalis.com\/wp-content\/uploads\/2024\/04\/DSC05488-BD-edited-300x200.jpg 300w, https:\/\/group.voltalis.com\/wp-content\/uploads\/2024\/04\/DSC05488-BD-edited-768x512.jpg 768w, https:\/\/group.voltalis.com\/wp-content\/uploads\/2024\/04\/DSC05488-BD-edited.jpg 1300w\" sizes=\"auto, (max-width: 1024px) 100vw, 1024px\" \/><\/figure>\n<\/div>\n\n\n<p class=\"has-text-align-left\">Il est \u00e9galement possible d\u2019en faire la demande directement aupr\u00e8s de Voltalis et de fixer un rendez-vous d\u2019installation&nbsp;:<\/p>\n\n\n\n<ul class=\"wp-block-list\">\n<li> Par t\u00e9l\u00e9phone\u00a0: <strong>03 77 15 00 03<\/strong><\/li>\n\n\n\n<li> Ou par email\u00a0: <strong>ccsso@voltalis.com<\/strong><\/li>\n<\/ul>\n\n\n\n<p><\/p>\n\n\n\n<div style=\"height:25px\" aria-hidden=\"true\" class=\"wp-block-spacer\"><\/div>\n\n\n\n<p><strong><u>Contacts presse<\/u><\/strong><strong>&nbsp;:<\/strong><\/p>\n\n\n\n<figure class=\"wp-block-table\"><table class=\"has-fixed-layout\"><tbody><tr><td><strong>Communaut\u00e9 de communes<br>Senlis Sud Oise<\/strong>&nbsp;: Marine BERTON<br>marine.berton@ccsso.fr<\/td><td><strong>Voltalis&nbsp;:<br><\/strong>Anne-Laure DAULIER<br>Agence Shan voltalis@shan.fr &#8211; 06 28 59 50 38 &nbsp;<\/td><\/tr><\/tbody><\/table><\/figure>\n\n\n\n<p><\/p>\n\n\n\n<p><\/p>\n","protected":false},"excerpt":{"rendered":"<p>Senlis, le 9 septembre 2024 \u2013 Engag\u00e9e en faveur de la transition \u00e9cologique, la communaut\u00e9 de communes Senlis Sud Oise annonce un partenariat avec Voltalis, le leader du pilotage de la consommation \u00e9lectrique pour les particuliers et les professionnels. Concr\u00e8tement, \u00e0 partir du 16 septembre, les 3&nbsp;000 foyers et professionnels de la communaut\u00e9 chauff\u00e9s \u00e0 [&hellip;]<\/p>\n","protected":false},"author":12,"featured_media":0,"comment_status":"closed","ping_status":"closed","sticky":false,"template":"","format":"standard","meta":{"_acf_changed":false,"inline_featured_image":false,"footnotes":""},"categories":[199,3],"tags":[],"class_list":["post-8132","post","type-post","status-publish","format-standard","hentry","category-collectivites","category-communiques-de-presse"],"acf":[],"yoast_head":"<!-- This site is optimized with the Yoast SEO plugin v27.5 - https:\/\/yoast.com\/product\/yoast-seo-wordpress\/ -->\n<title>Sobri\u00e9t\u00e9 \u00e9nerg\u00e9tique : La communaut\u00e9 de communes Senlis Sud Oise s&#039;engage avec Voltalis - Groupe Voltalis<\/title>\n<meta name=\"robots\" content=\"index, follow, max-snippet:-1, max-image-preview:large, max-video-preview:-1\" \/>\n<link rel=\"canonical\" href=\"https:\/\/group.voltalis.com\/fr\/type-de-contenu\/communiques-de-presse\/sobriete-energetique-la-communaute-de-communes-senlis-sud-oise-sengage-avec-voltalis-8132\" \/>\n<meta property=\"og:locale\" content=\"fr_FR\" \/>\n<meta property=\"og:type\" content=\"article\" \/>\n<meta property=\"og:title\" content=\"Sobri\u00e9t\u00e9 \u00e9nerg\u00e9tique : La communaut\u00e9 de communes Senlis Sud Oise s&#039;engage avec Voltalis - Groupe Voltalis\" \/>\n<meta property=\"og:description\" content=\"Senlis, le 9 septembre 2024 \u2013 Engag\u00e9e en faveur de la transition \u00e9cologique, la communaut\u00e9 de communes Senlis Sud Oise annonce un partenariat avec Voltalis, le leader du pilotage de la consommation \u00e9lectrique pour les particuliers et les professionnels. Concr\u00e8tement, \u00e0 partir du 16 septembre, les 3&nbsp;000 foyers et professionnels de la communaut\u00e9 chauff\u00e9s \u00e0 [&hellip;]\" \/>\n<meta property=\"og:url\" content=\"https:\/\/group.voltalis.com\/fr\/type-de-contenu\/communiques-de-presse\/sobriete-energetique-la-communaute-de-communes-senlis-sud-oise-sengage-avec-voltalis-8132\" \/>\n<meta property=\"og:site_name\" content=\"Groupe Voltalis\" \/>\n<meta property=\"article:publisher\" content=\"https:\/\/www.facebook.com\/pages\/category\/Product-Service\/Voltalis-178720392179068\/\" \/>\n<meta property=\"article:published_time\" content=\"2024-09-10T07:00:00+00:00\" \/>\n<meta property=\"article:modified_time\" content=\"2025-09-04T13:12:44+00:00\" \/>\n<meta property=\"og:image\" content=\"https:\/\/group.voltalis.com\/wp-content\/uploads\/2024\/04\/DSC05488-BD-edited.jpg\" \/>\n\t<meta property=\"og:image:width\" content=\"1300\" \/>\n\t<meta property=\"og:image:height\" content=\"867\" \/>\n\t<meta property=\"og:image:type\" content=\"image\/jpeg\" \/>\n<meta name=\"author\" content=\"Alexane\" \/>\n<meta name=\"twitter:card\" content=\"summary_large_image\" \/>\n<meta name=\"twitter:label1\" content=\"\u00c9crit par\" \/>\n\t<meta name=\"twitter:data1\" content=\"Alexane\" \/>\n\t<meta name=\"twitter:label2\" content=\"Dur\u00e9e de lecture estim\u00e9e\" \/>\n\t<meta name=\"twitter:data2\" content=\"3 minutes\" \/>\n<script type=\"application\/ld+json\" class=\"yoast-schema-graph\">{\"@context\":\"https:\\\/\\\/schema.org\",\"@graph\":[{\"@type\":\"Article\",\"@id\":\"https:\\\/\\\/group.voltalis.com\\\/fr\\\/type-de-contenu\\\/communiques-de-presse\\\/sobriete-energetique-la-communaute-de-communes-senlis-sud-oise-sengage-avec-voltalis-8132#article\",\"isPartOf\":{\"@id\":\"https:\\\/\\\/group.voltalis.com\\\/fr\\\/type-de-contenu\\\/communiques-de-presse\\\/sobriete-energetique-la-communaute-de-communes-senlis-sud-oise-sengage-avec-voltalis-8132\"},\"author\":{\"name\":\"Alexane\",\"@id\":\"https:\\\/\\\/group.voltalis.com\\\/en\\\/#\\\/schema\\\/person\\\/4b1cbe0f01025c70fcdd38212cf95135\"},\"headline\":\"Sobri\u00e9t\u00e9 \u00e9nerg\u00e9tique : La communaut\u00e9 de communes Senlis Sud Oise s&rsquo;engage avec Voltalis\",\"datePublished\":\"2024-09-10T07:00:00+00:00\",\"dateModified\":\"2025-09-04T13:12:44+00:00\",\"mainEntityOfPage\":{\"@id\":\"https:\\\/\\\/group.voltalis.com\\\/fr\\\/type-de-contenu\\\/communiques-de-presse\\\/sobriete-energetique-la-communaute-de-communes-senlis-sud-oise-sengage-avec-voltalis-8132\"},\"wordCount\":501,\"image\":{\"@id\":\"https:\\\/\\\/group.voltalis.com\\\/fr\\\/type-de-contenu\\\/communiques-de-presse\\\/sobriete-energetique-la-communaute-de-communes-senlis-sud-oise-sengage-avec-voltalis-8132#primaryimage\"},\"thumbnailUrl\":\"https:\\\/\\\/group.voltalis.com\\\/wp-content\\\/uploads\\\/2024\\\/04\\\/DSC05488-BD-edited-1024x683.jpg\",\"articleSection\":[\"Collectivit\u00e9s\",\"Communiqu\u00e9s\"],\"inLanguage\":\"fr-FR\"},{\"@type\":\"WebPage\",\"@id\":\"https:\\\/\\\/group.voltalis.com\\\/fr\\\/type-de-contenu\\\/communiques-de-presse\\\/sobriete-energetique-la-communaute-de-communes-senlis-sud-oise-sengage-avec-voltalis-8132\",\"url\":\"https:\\\/\\\/group.voltalis.com\\\/fr\\\/type-de-contenu\\\/communiques-de-presse\\\/sobriete-energetique-la-communaute-de-communes-senlis-sud-oise-sengage-avec-voltalis-8132\",\"name\":\"Sobri\u00e9t\u00e9 \u00e9nerg\u00e9tique : La communaut\u00e9 de communes Senlis Sud Oise s'engage avec Voltalis - Groupe Voltalis\",\"isPartOf\":{\"@id\":\"https:\\\/\\\/group.voltalis.com\\\/en\\\/#website\"},\"primaryImageOfPage\":{\"@id\":\"https:\\\/\\\/group.voltalis.com\\\/fr\\\/type-de-contenu\\\/communiques-de-presse\\\/sobriete-energetique-la-communaute-de-communes-senlis-sud-oise-sengage-avec-voltalis-8132#primaryimage\"},\"image\":{\"@id\":\"https:\\\/\\\/group.voltalis.com\\\/fr\\\/type-de-contenu\\\/communiques-de-presse\\\/sobriete-energetique-la-communaute-de-communes-senlis-sud-oise-sengage-avec-voltalis-8132#primaryimage\"},\"thumbnailUrl\":\"https:\\\/\\\/group.voltalis.com\\\/wp-content\\\/uploads\\\/2024\\\/04\\\/DSC05488-BD-edited-1024x683.jpg\",\"datePublished\":\"2024-09-10T07:00:00+00:00\",\"dateModified\":\"2025-09-04T13:12:44+00:00\",\"author\":{\"@id\":\"https:\\\/\\\/group.voltalis.com\\\/en\\\/#\\\/schema\\\/person\\\/4b1cbe0f01025c70fcdd38212cf95135\"},\"breadcrumb\":{\"@id\":\"https:\\\/\\\/group.voltalis.com\\\/fr\\\/type-de-contenu\\\/communiques-de-presse\\\/sobriete-energetique-la-communaute-de-communes-senlis-sud-oise-sengage-avec-voltalis-8132#breadcrumb\"},\"inLanguage\":\"fr-FR\",\"potentialAction\":[{\"@type\":\"ReadAction\",\"target\":[\"https:\\\/\\\/group.voltalis.com\\\/fr\\\/type-de-contenu\\\/communiques-de-presse\\\/sobriete-energetique-la-communaute-de-communes-senlis-sud-oise-sengage-avec-voltalis-8132\"]}]},{\"@type\":\"ImageObject\",\"inLanguage\":\"fr-FR\",\"@id\":\"https:\\\/\\\/group.voltalis.com\\\/fr\\\/type-de-contenu\\\/communiques-de-presse\\\/sobriete-energetique-la-communaute-de-communes-senlis-sud-oise-sengage-avec-voltalis-8132#primaryimage\",\"url\":\"https:\\\/\\\/group.voltalis.com\\\/wp-content\\\/uploads\\\/2024\\\/04\\\/DSC05488-BD-edited-1024x683.jpg\",\"contentUrl\":\"https:\\\/\\\/group.voltalis.com\\\/wp-content\\\/uploads\\\/2024\\\/04\\\/DSC05488-BD-edited-1024x683.jpg\"},{\"@type\":\"BreadcrumbList\",\"@id\":\"https:\\\/\\\/group.voltalis.com\\\/fr\\\/type-de-contenu\\\/communiques-de-presse\\\/sobriete-energetique-la-communaute-de-communes-senlis-sud-oise-sengage-avec-voltalis-8132#breadcrumb\",\"itemListElement\":[{\"@type\":\"ListItem\",\"position\":1,\"name\":\"Home\",\"item\":\"https:\\\/\\\/group.voltalis.com\\\/fr\"},{\"@type\":\"ListItem\",\"position\":2,\"name\":\"Sobri\u00e9t\u00e9 \u00e9nerg\u00e9tique : La communaut\u00e9 de communes Senlis Sud Oise s&#8217;engage avec Voltalis\"}]},{\"@type\":\"WebSite\",\"@id\":\"https:\\\/\\\/group.voltalis.com\\\/en\\\/#website\",\"url\":\"https:\\\/\\\/group.voltalis.com\\\/en\\\/\",\"name\":\"Groupe Voltalis\",\"description\":\"Bien plus que des \u00e9conomies d&#039;\u00e9nergie\",\"potentialAction\":[{\"@type\":\"SearchAction\",\"target\":{\"@type\":\"EntryPoint\",\"urlTemplate\":\"https:\\\/\\\/group.voltalis.com\\\/en\\\/?s={search_term_string}\"},\"query-input\":{\"@type\":\"PropertyValueSpecification\",\"valueRequired\":true,\"valueName\":\"search_term_string\"}}],\"inLanguage\":\"fr-FR\"},{\"@type\":\"Person\",\"@id\":\"https:\\\/\\\/group.voltalis.com\\\/en\\\/#\\\/schema\\\/person\\\/4b1cbe0f01025c70fcdd38212cf95135\",\"name\":\"Alexane\",\"image\":{\"@type\":\"ImageObject\",\"inLanguage\":\"fr-FR\",\"@id\":\"https:\\\/\\\/secure.gravatar.com\\\/avatar\\\/30dd78037058843d269c357b406aa01da51eb6ad19f53de9f0fef498b199071b?s=96&d=mm&r=g\",\"url\":\"https:\\\/\\\/secure.gravatar.com\\\/avatar\\\/30dd78037058843d269c357b406aa01da51eb6ad19f53de9f0fef498b199071b?s=96&d=mm&r=g\",\"contentUrl\":\"https:\\\/\\\/secure.gravatar.com\\\/avatar\\\/30dd78037058843d269c357b406aa01da51eb6ad19f53de9f0fef498b199071b?s=96&d=mm&r=g\",\"caption\":\"Alexane\"},\"url\":\"https:\\\/\\\/group.voltalis.com\\\/fr\\\/author\\\/alexane\"}]}<\/script>\n<!-- \/ Yoast SEO plugin. -->","yoast_head_json":{"title":"Sobri\u00e9t\u00e9 \u00e9nerg\u00e9tique : La communaut\u00e9 de communes Senlis Sud Oise s'engage avec Voltalis - Groupe Voltalis","robots":{"index":"index","follow":"follow","max-snippet":"max-snippet:-1","max-image-preview":"max-image-preview:large","max-video-preview":"max-video-preview:-1"},"canonical":"https:\/\/group.voltalis.com\/fr\/type-de-contenu\/communiques-de-presse\/sobriete-energetique-la-communaute-de-communes-senlis-sud-oise-sengage-avec-voltalis-8132","og_locale":"fr_FR","og_type":"article","og_title":"Sobri\u00e9t\u00e9 \u00e9nerg\u00e9tique : La communaut\u00e9 de communes Senlis Sud Oise s'engage avec Voltalis - Groupe Voltalis","og_description":"Senlis, le 9 septembre 2024 \u2013 Engag\u00e9e en faveur de la transition \u00e9cologique, la communaut\u00e9 de communes Senlis Sud Oise annonce un partenariat avec Voltalis, le leader du pilotage de la consommation \u00e9lectrique pour les particuliers et les professionnels. Concr\u00e8tement, \u00e0 partir du 16 septembre, les 3&nbsp;000 foyers et professionnels de la communaut\u00e9 chauff\u00e9s \u00e0 [&hellip;]","og_url":"https:\/\/group.voltalis.com\/fr\/type-de-contenu\/communiques-de-presse\/sobriete-energetique-la-communaute-de-communes-senlis-sud-oise-sengage-avec-voltalis-8132","og_site_name":"Groupe Voltalis","article_publisher":"https:\/\/www.facebook.com\/pages\/category\/Product-Service\/Voltalis-178720392179068\/","article_published_time":"2024-09-10T07:00:00+00:00","article_modified_time":"2025-09-04T13:12:44+00:00","og_image":[{"width":1300,"height":867,"url":"https:\/\/group.voltalis.com\/wp-content\/uploads\/2024\/04\/DSC05488-BD-edited.jpg","type":"image\/jpeg"}],"author":"Alexane","twitter_card":"summary_large_image","twitter_misc":{"\u00c9crit par":"Alexane","Dur\u00e9e de lecture estim\u00e9e":"3 minutes"},"schema":{"@context":"https:\/\/schema.org","@graph":[{"@type":"Article","@id":"https:\/\/group.voltalis.com\/fr\/type-de-contenu\/communiques-de-presse\/sobriete-energetique-la-communaute-de-communes-senlis-sud-oise-sengage-avec-voltalis-8132#article","isPartOf":{"@id":"https:\/\/group.voltalis.com\/fr\/type-de-contenu\/communiques-de-presse\/sobriete-energetique-la-communaute-de-communes-senlis-sud-oise-sengage-avec-voltalis-8132"},"author":{"name":"Alexane","@id":"https:\/\/group.voltalis.com\/en\/#\/schema\/person\/4b1cbe0f01025c70fcdd38212cf95135"},"headline":"Sobri\u00e9t\u00e9 \u00e9nerg\u00e9tique : La communaut\u00e9 de communes Senlis Sud Oise s&rsquo;engage avec Voltalis","datePublished":"2024-09-10T07:00:00+00:00","dateModified":"2025-09-04T13:12:44+00:00","mainEntityOfPage":{"@id":"https:\/\/group.voltalis.com\/fr\/type-de-contenu\/communiques-de-presse\/sobriete-energetique-la-communaute-de-communes-senlis-sud-oise-sengage-avec-voltalis-8132"},"wordCount":501,"image":{"@id":"https:\/\/group.voltalis.com\/fr\/type-de-contenu\/communiques-de-presse\/sobriete-energetique-la-communaute-de-communes-senlis-sud-oise-sengage-avec-voltalis-8132#primaryimage"},"thumbnailUrl":"https:\/\/group.voltalis.com\/wp-content\/uploads\/2024\/04\/DSC05488-BD-edited-1024x683.jpg","articleSection":["Collectivit\u00e9s","Communiqu\u00e9s"],"inLanguage":"fr-FR"},{"@type":"WebPage","@id":"https:\/\/group.voltalis.com\/fr\/type-de-contenu\/communiques-de-presse\/sobriete-energetique-la-communaute-de-communes-senlis-sud-oise-sengage-avec-voltalis-8132","url":"https:\/\/group.voltalis.com\/fr\/type-de-contenu\/communiques-de-presse\/sobriete-energetique-la-communaute-de-communes-senlis-sud-oise-sengage-avec-voltalis-8132","name":"Sobri\u00e9t\u00e9 \u00e9nerg\u00e9tique : La communaut\u00e9 de communes Senlis Sud Oise s'engage avec Voltalis - Groupe Voltalis","isPartOf":{"@id":"https:\/\/group.voltalis.com\/en\/#website"},"primaryImageOfPage":{"@id":"https:\/\/group.voltalis.com\/fr\/type-de-contenu\/communiques-de-presse\/sobriete-energetique-la-communaute-de-communes-senlis-sud-oise-sengage-avec-voltalis-8132#primaryimage"},"image":{"@id":"https:\/\/group.voltalis.com\/fr\/type-de-contenu\/communiques-de-presse\/sobriete-energetique-la-communaute-de-communes-senlis-sud-oise-sengage-avec-voltalis-8132#primaryimage"},"thumbnailUrl":"https:\/\/group.voltalis.com\/wp-content\/uploads\/2024\/04\/DSC05488-BD-edited-1024x683.jpg","datePublished":"2024-09-10T07:00:00+00:00","dateModified":"2025-09-04T13:12:44+00:00","author":{"@id":"https:\/\/group.voltalis.com\/en\/#\/schema\/person\/4b1cbe0f01025c70fcdd38212cf95135"},"breadcrumb":{"@id":"https:\/\/group.voltalis.com\/fr\/type-de-contenu\/communiques-de-presse\/sobriete-energetique-la-communaute-de-communes-senlis-sud-oise-sengage-avec-voltalis-8132#breadcrumb"},"inLanguage":"fr-FR","potentialAction":[{"@type":"ReadAction","target":["https:\/\/group.voltalis.com\/fr\/type-de-contenu\/communiques-de-presse\/sobriete-energetique-la-communaute-de-communes-senlis-sud-oise-sengage-avec-voltalis-8132"]}]},{"@type":"ImageObject","inLanguage":"fr-FR","@id":"https:\/\/group.voltalis.com\/fr\/type-de-contenu\/communiques-de-presse\/sobriete-energetique-la-communaute-de-communes-senlis-sud-oise-sengage-avec-voltalis-8132#primaryimage","url":"https:\/\/group.voltalis.com\/wp-content\/uploads\/2024\/04\/DSC05488-BD-edited-1024x683.jpg","contentUrl":"https:\/\/group.voltalis.com\/wp-content\/uploads\/2024\/04\/DSC05488-BD-edited-1024x683.jpg"},{"@type":"BreadcrumbList","@id":"https:\/\/group.voltalis.com\/fr\/type-de-contenu\/communiques-de-presse\/sobriete-energetique-la-communaute-de-communes-senlis-sud-oise-sengage-avec-voltalis-8132#breadcrumb","itemListElement":[{"@type":"ListItem","position":1,"name":"Home","item":"https:\/\/group.voltalis.com\/fr"},{"@type":"ListItem","position":2,"name":"Sobri\u00e9t\u00e9 \u00e9nerg\u00e9tique : La communaut\u00e9 de communes Senlis Sud Oise s&#8217;engage avec Voltalis"}]},{"@type":"WebSite","@id":"https:\/\/group.voltalis.com\/en\/#website","url":"https:\/\/group.voltalis.com\/en\/","name":"Groupe Voltalis","description":"Bien plus que des \u00e9conomies d&#039;\u00e9nergie","potentialAction":[{"@type":"SearchAction","target":{"@type":"EntryPoint","urlTemplate":"https:\/\/group.voltalis.com\/en\/?s={search_term_string}"},"query-input":{"@type":"PropertyValueSpecification","valueRequired":true,"valueName":"search_term_string"}}],"inLanguage":"fr-FR"},{"@type":"Person","@id":"https:\/\/group.voltalis.com\/en\/#\/schema\/person\/4b1cbe0f01025c70fcdd38212cf95135","name":"Alexane","image":{"@type":"ImageObject","inLanguage":"fr-FR","@id":"https:\/\/secure.gravatar.com\/avatar\/30dd78037058843d269c357b406aa01da51eb6ad19f53de9f0fef498b199071b?s=96&d=mm&r=g","url":"https:\/\/secure.gravatar.com\/avatar\/30dd78037058843d269c357b406aa01da51eb6ad19f53de9f0fef498b199071b?s=96&d=mm&r=g","contentUrl":"https:\/\/secure.gravatar.com\/avatar\/30dd78037058843d269c357b406aa01da51eb6ad19f53de9f0fef498b199071b?s=96&d=mm&r=g","caption":"Alexane"},"url":"https:\/\/group.voltalis.com\/fr\/author\/alexane"}]}},"_links":{"self":[{"href":"https:\/\/group.voltalis.com\/fr\/wp-json\/wp\/v2\/posts\/8132","targetHints":{"allow":["GET"]}}],"collection":[{"href":"https:\/\/group.voltalis.com\/fr\/wp-json\/wp\/v2\/posts"}],"about":[{"href":"https:\/\/group.voltalis.com\/fr\/wp-json\/wp\/v2\/types\/post"}],"author":[{"embeddable":true,"href":"https:\/\/group.voltalis.com\/fr\/wp-json\/wp\/v2\/users\/12"}],"replies":[{"embeddable":true,"href":"https:\/\/group.voltalis.com\/fr\/wp-json\/wp\/v2\/comments?post=8132"}],"version-history":[{"count":1,"href":"https:\/\/group.voltalis.com\/fr\/wp-json\/wp\/v2\/posts\/8132\/revisions"}],"predecessor-version":[{"id":10373,"href":"https:\/\/group.voltalis.com\/fr\/wp-json\/wp\/v2\/posts\/8132\/revisions\/10373"}],"wp:attachment":[{"href":"https:\/\/group.voltalis.com\/fr\/wp-json\/wp\/v2\/media?parent=8132"}],"wp:term":[{"taxonomy":"category","embeddable":true,"href":"https:\/\/group.voltalis.com\/fr\/wp-json\/wp\/v2\/categories?post=8132"},{"taxonomy":"post_tag","embeddable":true,"href":"https:\/\/group.voltalis.com\/fr\/wp-json\/wp\/v2\/tags?post=8132"}],"curies":[{"name":"wp","href":"https:\/\/api.w.org\/{rel}","templated":true}]}}