{"id":8156,"date":"2024-09-16T09:00:00","date_gmt":"2024-09-16T07:00:00","guid":{"rendered":"https:\/\/group.voltalis.com\/?p=8156"},"modified":"2025-09-04T14:03:53","modified_gmt":"2025-09-04T12:03:53","slug":"voltalis-mene-une-nouvelle-campagne-dinstallations-de-son-thermostat-connecte-gratuit-au-sein-de-la-communaute-dagglomeration-paris-vallee-de-la-marne","status":"publish","type":"post","link":"https:\/\/group.voltalis.com\/fr\/type-de-contenu\/communiques-de-presse\/voltalis-mene-une-nouvelle-campagne-dinstallations-de-son-thermostat-connecte-gratuit-au-sein-de-la-communaute-dagglomeration-paris-vallee-de-la-marne-8156","title":{"rendered":"Voltalis m\u00e8ne une nouvelle campagne d\u2019installations de son thermostat connect\u00e9 gratuit au sein de la Communaut\u00e9 d&rsquo;agglom\u00e9ration Paris &#8211; Vall\u00e9e de la Marne"},"content":{"rendered":"\n<p>Torcy, le 16 septembre 2024 \u2013 <strong>La Communaut\u00e9 d\u2019agglom\u00e9ration Paris &#8211; Vall\u00e9e de la Marne renouvelle sa confiance envers Voltalis, symbole de son engagement en faveur de la transition \u00e9nerg\u00e9tique du territoire. L\u2019entreprise \u00e9quipe gratuitement les foyers et les professionnels chauff\u00e9s \u00e0 l\u2019\u00e9lectrique d\u2019un thermostat connect\u00e9 innovant leur permettant d\u2019optimiser le chauffage.<\/strong><\/p>\n\n\n\n<div style=\"height:25px\" aria-hidden=\"true\" class=\"wp-block-spacer\"><\/div>\n\n\n\n<p class=\"has-medium-font-size\"><strong>Une initiative \u00e0 succ\u00e8s en faveur de l\u2019environnement et du pouvoir d\u2019achat<\/strong><\/p>\n\n\n\n<p>Le thermostat connect\u00e9 Voltalis, reconnu par RTE, le gestionnaire du r\u00e9seau de transport d&rsquo;\u00e9lectricit\u00e9 fran\u00e7ais est gratuit et sans abonnement. La soci\u00e9t\u00e9 l\u2019installe sur les radiateurs \u00e9lectriques et\/ou la pompe \u00e0 chaleur hydraulique du logement ou du local professionnel. Gr\u00e2ce \u00e0 ce dispositif,<strong> les habitants peuvent r\u00e9aliser jusqu\u2019\u00e0 15% d\u2019\u00e9conomies d\u2019\u00e9lectricit\u00e9 et r\u00e9duire jusqu\u2019\u00e0 70% les \u00e9missions de CO\u2082, tout en conservant leur confort de chauffage.<\/strong><\/p>\n\n\n\n<p>Lors de la pr\u00e9c\u00e9dente campagne de d\u00e9ploiement sur l\u2019agglom\u00e9ration, <strong>Voltalis a \u00e9quip\u00e9 pr\u00e8s de 1 100 foyers et professionnels<\/strong>, propri\u00e9taires comme locataires, repr\u00e9sentant&nbsp;: <strong><\/strong><\/p>\n\n\n\n<ul class=\"wp-block-list\">\n<li><strong>Une \u00e9conomie totale estim\u00e9e \u00e0 1 660 MWh,<\/strong><\/li>\n\n\n\n<li><strong>Et une baisse des \u00e9missions de CO<sub>2<\/sub> estim\u00e9e \u00e0 738 tonnes de CO\u2082 (soit l\u2019\u00e9quivalent de 1\u202f800 allers-retours Lille &#8211; N\u00eemes en voiture<\/strong>).<\/li>\n<\/ul>\n\n\n\n<div style=\"height:25px\" aria-hidden=\"true\" class=\"wp-block-spacer\"><\/div>\n\n\n\n<p class=\"has-medium-font-size\"><strong>Comment fonctionne le thermostat connect\u00e9 Voltalis&nbsp;?<\/strong><\/p>\n\n\n<div class=\"wp-block-image\">\n<figure class=\"alignright size-large is-resized\"><img loading=\"lazy\" decoding=\"async\" width=\"1024\" height=\"632\" src=\"https:\/\/group.voltalis.com\/wp-content\/uploads\/2024\/07\/Smartphone_Salon_RVB_petit-1-1024x632.jpg\" alt=\"\" class=\"wp-image-8059\" style=\"width:292px;height:auto\" srcset=\"https:\/\/group.voltalis.com\/wp-content\/uploads\/2024\/07\/Smartphone_Salon_RVB_petit-1-1024x632.jpg 1024w, https:\/\/group.voltalis.com\/wp-content\/uploads\/2024\/07\/Smartphone_Salon_RVB_petit-1-300x185.jpg 300w, https:\/\/group.voltalis.com\/wp-content\/uploads\/2024\/07\/Smartphone_Salon_RVB_petit-1-768x474.jpg 768w, https:\/\/group.voltalis.com\/wp-content\/uploads\/2024\/07\/Smartphone_Salon_RVB_petit-1-1536x949.jpg 1536w, https:\/\/group.voltalis.com\/wp-content\/uploads\/2024\/07\/Smartphone_Salon_RVB_petit-1-2048x1265.jpg 2048w\" sizes=\"auto, (max-width: 1024px) 100vw, 1024px\" \/><\/figure>\n<\/div>\n\n\n<p>Depuis <strong>l\u2019application web et mobile MyVoltalis<\/strong>, les utilisateurs peuvent piloter intelligemment leur chauffage, en d\u00e9finissant une temp\u00e9rature pi\u00e8ce par pi\u00e8ce et en programmant le chauffage en fonction de leurs habitudes. Ils peuvent \u00e9galement suivre leur consommation d\u2019\u00e9lectricit\u00e9 et b\u00e9n\u00e9ficier de conseils d\u2019\u00e9cogestes.<\/p>\n\n\n\n<p><strong>Nouveaut\u00e9 de la rentr\u00e9e&nbsp;:<\/strong> l\u2019option \u00ab&nbsp;d\u00e9tection d\u2019absence&nbsp;\u00bb est activable pour que les appareils dechauffage s\u2019\u00e9teignent automatiquement lorsque les utilisateurs s\u2019absentent de leur domicile ou de leur local, et se r\u00e9activent lorsqu\u2019ils sont de retour.<\/p>\n\n\n\n<p>En outre, pour \u00e9viter les d\u00e9lestages ou coupures en cas de d\u00e9s\u00e9quilibre sur le r\u00e9seau \u00e9lectrique (vague hivernale, intermittence des \u00e9nergies renouvelables\u2026), Voltalis proc\u00e8de \u00e0 de br\u00e8ves r\u00e9ductions des consommations des appareils de chauffage, sans impacter le confort des habitants. Gr\u00e2ce \u00e0 cette action, le recours \u00e0 des centrales fonctionnant aux \u00e9nergies fossiles, traditionnellement activ\u00e9es dans ces cas, est \u00e9vit\u00e9, ce qui permet de r\u00e9duire drastiquement les \u00e9missions de CO\u2082.<\/p>\n\n\n\n<div style=\"height:25px\" aria-hidden=\"true\" class=\"wp-block-spacer\"><\/div>\n\n\n\n<p class=\"has-medium-font-size\"><strong>Les conseillers Voltalis \u00e0 la rencontre des habitants<\/strong><\/p>\n\n\n<div class=\"wp-block-image\">\n<figure class=\"alignleft size-full is-resized\"><img loading=\"lazy\" decoding=\"async\" width=\"479\" height=\"474\" src=\"https:\/\/group.voltalis.com\/wp-content\/uploads\/2024\/04\/voltalis-rdv.jpg\" alt=\"\" class=\"wp-image-7708\" style=\"width:241px;height:auto\" srcset=\"https:\/\/group.voltalis.com\/wp-content\/uploads\/2024\/04\/voltalis-rdv.jpg 479w, https:\/\/group.voltalis.com\/wp-content\/uploads\/2024\/04\/voltalis-rdv-300x297.jpg 300w\" sizes=\"auto, (max-width: 479px) 100vw, 479px\" \/><\/figure>\n<\/div>\n\n\n<p><\/p>\n\n\n\n<p><\/p>\n\n\n\n<p>Des conseillers Voltalis seront pr\u00e9sents \u00e0 Champs-sur-Marne, Chelles, Courtry, Croissy-Beaubourg, \u00c9merainville, Lognes, Pontault-Combault, Roissy-en- Brie et Torcy pour pr\u00e9senter le thermostat et proposer un rendez-vous d\u2019installation aux foyers et professionnels qui le souhaitent. Un rendez-vous est fix\u00e9 dans les deux semaines avec un technicien agr\u00e9\u00e9.<\/p>\n\n\n\n<p><\/p>\n\n\n\n<div style=\"height:19px\" aria-hidden=\"true\" class=\"wp-block-spacer\"><\/div>\n\n\n\n<p><strong>Il est d\u00e9j\u00e0 possible de se renseigner et de solliciter l\u2019installation en contactant Voltalis :<\/strong><\/p>\n\n\n\n<ul class=\"wp-block-list\">\n<li>Par t\u00e9l\u00e9phone au<strong> 01 87 15 83 54<\/strong><\/li>\n\n\n\n<li>Ou par mail :<strong> capvm@voltalis.com<\/strong><\/li>\n<\/ul>\n\n\n\n<p><\/p>\n","protected":false},"excerpt":{"rendered":"<p>Torcy, le 16 septembre 2024 \u2013 La Communaut\u00e9 d\u2019agglom\u00e9ration Paris &#8211; Vall\u00e9e de la Marne renouvelle sa confiance envers Voltalis, symbole de son engagement en faveur de la transition \u00e9nerg\u00e9tique du territoire. L\u2019entreprise \u00e9quipe gratuitement les foyers et les professionnels chauff\u00e9s \u00e0 l\u2019\u00e9lectrique d\u2019un thermostat connect\u00e9 innovant leur permettant d\u2019optimiser le chauffage. Une initiative \u00e0 [&hellip;]<\/p>\n","protected":false},"author":12,"featured_media":0,"comment_status":"closed","ping_status":"closed","sticky":false,"template":"","format":"standard","meta":{"_acf_changed":false,"inline_featured_image":false,"footnotes":""},"categories":[199,3],"tags":[],"class_list":["post-8156","post","type-post","status-publish","format-standard","hentry","category-collectivites","category-communiques-de-presse"],"acf":[],"yoast_head":"<!-- This site is optimized with the Yoast SEO plugin v27.5 - https:\/\/yoast.com\/product\/yoast-seo-wordpress\/ -->\n<title>Voltalis m\u00e8ne une nouvelle campagne d\u2019installations de son thermostat connect\u00e9 gratuit au sein de la Communaut\u00e9 d&#039;agglom\u00e9ration Paris - Vall\u00e9e de la Marne - Groupe Voltalis<\/title>\n<meta name=\"robots\" content=\"index, follow, max-snippet:-1, max-image-preview:large, max-video-preview:-1\" \/>\n<link rel=\"canonical\" href=\"https:\/\/group.voltalis.com\/fr\/type-de-contenu\/communiques-de-presse\/voltalis-mene-une-nouvelle-campagne-dinstallations-de-son-thermostat-connecte-gratuit-au-sein-de-la-communaute-dagglomeration-paris-vallee-de-la-marne-8156\" \/>\n<meta property=\"og:locale\" content=\"fr_FR\" \/>\n<meta property=\"og:type\" content=\"article\" \/>\n<meta property=\"og:title\" content=\"Voltalis m\u00e8ne une nouvelle campagne d\u2019installations de son thermostat connect\u00e9 gratuit au sein de la Communaut\u00e9 d&#039;agglom\u00e9ration Paris - Vall\u00e9e de la Marne - Groupe Voltalis\" \/>\n<meta property=\"og:description\" content=\"Torcy, le 16 septembre 2024 \u2013 La Communaut\u00e9 d\u2019agglom\u00e9ration Paris &#8211; Vall\u00e9e de la Marne renouvelle sa confiance envers Voltalis, symbole de son engagement en faveur de la transition \u00e9nerg\u00e9tique du territoire. L\u2019entreprise \u00e9quipe gratuitement les foyers et les professionnels chauff\u00e9s \u00e0 l\u2019\u00e9lectrique d\u2019un thermostat connect\u00e9 innovant leur permettant d\u2019optimiser le chauffage. Une initiative \u00e0 [&hellip;]\" \/>\n<meta property=\"og:url\" content=\"https:\/\/group.voltalis.com\/fr\/type-de-contenu\/communiques-de-presse\/voltalis-mene-une-nouvelle-campagne-dinstallations-de-son-thermostat-connecte-gratuit-au-sein-de-la-communaute-dagglomeration-paris-vallee-de-la-marne-8156\" \/>\n<meta property=\"og:site_name\" content=\"Groupe Voltalis\" \/>\n<meta property=\"article:publisher\" content=\"https:\/\/www.facebook.com\/pages\/category\/Product-Service\/Voltalis-178720392179068\/\" \/>\n<meta property=\"article:published_time\" content=\"2024-09-16T07:00:00+00:00\" \/>\n<meta property=\"article:modified_time\" content=\"2025-09-04T12:03:53+00:00\" \/>\n<meta property=\"og:image\" content=\"https:\/\/group.voltalis.com\/wp-content\/uploads\/2024\/07\/Smartphone_Salon_RVB_petit-1.jpg\" \/>\n\t<meta property=\"og:image:width\" content=\"2495\" \/>\n\t<meta property=\"og:image:height\" content=\"1541\" \/>\n\t<meta property=\"og:image:type\" content=\"image\/jpeg\" \/>\n<meta name=\"author\" content=\"Alexane\" \/>\n<meta name=\"twitter:card\" content=\"summary_large_image\" \/>\n<meta name=\"twitter:label1\" content=\"\u00c9crit par\" \/>\n\t<meta name=\"twitter:data1\" content=\"Alexane\" \/>\n\t<meta name=\"twitter:label2\" content=\"Dur\u00e9e de lecture estim\u00e9e\" \/>\n\t<meta name=\"twitter:data2\" content=\"3 minutes\" \/>\n<script type=\"application\/ld+json\" class=\"yoast-schema-graph\">{\"@context\":\"https:\\\/\\\/schema.org\",\"@graph\":[{\"@type\":\"Article\",\"@id\":\"https:\\\/\\\/group.voltalis.com\\\/fr\\\/type-de-contenu\\\/communiques-de-presse\\\/voltalis-mene-une-nouvelle-campagne-dinstallations-de-son-thermostat-connecte-gratuit-au-sein-de-la-communaute-dagglomeration-paris-vallee-de-la-marne-8156#article\",\"isPartOf\":{\"@id\":\"https:\\\/\\\/group.voltalis.com\\\/fr\\\/type-de-contenu\\\/communiques-de-presse\\\/voltalis-mene-une-nouvelle-campagne-dinstallations-de-son-thermostat-connecte-gratuit-au-sein-de-la-communaute-dagglomeration-paris-vallee-de-la-marne-8156\"},\"author\":{\"name\":\"Alexane\",\"@id\":\"https:\\\/\\\/group.voltalis.com\\\/en\\\/#\\\/schema\\\/person\\\/4b1cbe0f01025c70fcdd38212cf95135\"},\"headline\":\"Voltalis m\u00e8ne une nouvelle campagne d\u2019installations de son thermostat connect\u00e9 gratuit au sein de la Communaut\u00e9 d&rsquo;agglom\u00e9ration Paris &#8211; Vall\u00e9e de la Marne\",\"datePublished\":\"2024-09-16T07:00:00+00:00\",\"dateModified\":\"2025-09-04T12:03:53+00:00\",\"mainEntityOfPage\":{\"@id\":\"https:\\\/\\\/group.voltalis.com\\\/fr\\\/type-de-contenu\\\/communiques-de-presse\\\/voltalis-mene-une-nouvelle-campagne-dinstallations-de-son-thermostat-connecte-gratuit-au-sein-de-la-communaute-dagglomeration-paris-vallee-de-la-marne-8156\"},\"wordCount\":491,\"image\":{\"@id\":\"https:\\\/\\\/group.voltalis.com\\\/fr\\\/type-de-contenu\\\/communiques-de-presse\\\/voltalis-mene-une-nouvelle-campagne-dinstallations-de-son-thermostat-connecte-gratuit-au-sein-de-la-communaute-dagglomeration-paris-vallee-de-la-marne-8156#primaryimage\"},\"thumbnailUrl\":\"https:\\\/\\\/group.voltalis.com\\\/wp-content\\\/uploads\\\/2024\\\/07\\\/Smartphone_Salon_RVB_petit-1-1024x632.jpg\",\"articleSection\":[\"Collectivit\u00e9s\",\"Communiqu\u00e9s\"],\"inLanguage\":\"fr-FR\"},{\"@type\":\"WebPage\",\"@id\":\"https:\\\/\\\/group.voltalis.com\\\/fr\\\/type-de-contenu\\\/communiques-de-presse\\\/voltalis-mene-une-nouvelle-campagne-dinstallations-de-son-thermostat-connecte-gratuit-au-sein-de-la-communaute-dagglomeration-paris-vallee-de-la-marne-8156\",\"url\":\"https:\\\/\\\/group.voltalis.com\\\/fr\\\/type-de-contenu\\\/communiques-de-presse\\\/voltalis-mene-une-nouvelle-campagne-dinstallations-de-son-thermostat-connecte-gratuit-au-sein-de-la-communaute-dagglomeration-paris-vallee-de-la-marne-8156\",\"name\":\"Voltalis m\u00e8ne une nouvelle campagne d\u2019installations de son thermostat connect\u00e9 gratuit au sein de la Communaut\u00e9 d'agglom\u00e9ration Paris - Vall\u00e9e de la Marne - Groupe Voltalis\",\"isPartOf\":{\"@id\":\"https:\\\/\\\/group.voltalis.com\\\/en\\\/#website\"},\"primaryImageOfPage\":{\"@id\":\"https:\\\/\\\/group.voltalis.com\\\/fr\\\/type-de-contenu\\\/communiques-de-presse\\\/voltalis-mene-une-nouvelle-campagne-dinstallations-de-son-thermostat-connecte-gratuit-au-sein-de-la-communaute-dagglomeration-paris-vallee-de-la-marne-8156#primaryimage\"},\"image\":{\"@id\":\"https:\\\/\\\/group.voltalis.com\\\/fr\\\/type-de-contenu\\\/communiques-de-presse\\\/voltalis-mene-une-nouvelle-campagne-dinstallations-de-son-thermostat-connecte-gratuit-au-sein-de-la-communaute-dagglomeration-paris-vallee-de-la-marne-8156#primaryimage\"},\"thumbnailUrl\":\"https:\\\/\\\/group.voltalis.com\\\/wp-content\\\/uploads\\\/2024\\\/07\\\/Smartphone_Salon_RVB_petit-1-1024x632.jpg\",\"datePublished\":\"2024-09-16T07:00:00+00:00\",\"dateModified\":\"2025-09-04T12:03:53+00:00\",\"author\":{\"@id\":\"https:\\\/\\\/group.voltalis.com\\\/en\\\/#\\\/schema\\\/person\\\/4b1cbe0f01025c70fcdd38212cf95135\"},\"breadcrumb\":{\"@id\":\"https:\\\/\\\/group.voltalis.com\\\/fr\\\/type-de-contenu\\\/communiques-de-presse\\\/voltalis-mene-une-nouvelle-campagne-dinstallations-de-son-thermostat-connecte-gratuit-au-sein-de-la-communaute-dagglomeration-paris-vallee-de-la-marne-8156#breadcrumb\"},\"inLanguage\":\"fr-FR\",\"potentialAction\":[{\"@type\":\"ReadAction\",\"target\":[\"https:\\\/\\\/group.voltalis.com\\\/fr\\\/type-de-contenu\\\/communiques-de-presse\\\/voltalis-mene-une-nouvelle-campagne-dinstallations-de-son-thermostat-connecte-gratuit-au-sein-de-la-communaute-dagglomeration-paris-vallee-de-la-marne-8156\"]}]},{\"@type\":\"ImageObject\",\"inLanguage\":\"fr-FR\",\"@id\":\"https:\\\/\\\/group.voltalis.com\\\/fr\\\/type-de-contenu\\\/communiques-de-presse\\\/voltalis-mene-une-nouvelle-campagne-dinstallations-de-son-thermostat-connecte-gratuit-au-sein-de-la-communaute-dagglomeration-paris-vallee-de-la-marne-8156#primaryimage\",\"url\":\"https:\\\/\\\/group.voltalis.com\\\/wp-content\\\/uploads\\\/2024\\\/07\\\/Smartphone_Salon_RVB_petit-1-1024x632.jpg\",\"contentUrl\":\"https:\\\/\\\/group.voltalis.com\\\/wp-content\\\/uploads\\\/2024\\\/07\\\/Smartphone_Salon_RVB_petit-1-1024x632.jpg\"},{\"@type\":\"BreadcrumbList\",\"@id\":\"https:\\\/\\\/group.voltalis.com\\\/fr\\\/type-de-contenu\\\/communiques-de-presse\\\/voltalis-mene-une-nouvelle-campagne-dinstallations-de-son-thermostat-connecte-gratuit-au-sein-de-la-communaute-dagglomeration-paris-vallee-de-la-marne-8156#breadcrumb\",\"itemListElement\":[{\"@type\":\"ListItem\",\"position\":1,\"name\":\"Home\",\"item\":\"https:\\\/\\\/group.voltalis.com\\\/fr\"},{\"@type\":\"ListItem\",\"position\":2,\"name\":\"Voltalis m\u00e8ne une nouvelle campagne d\u2019installations de son thermostat connect\u00e9 gratuit au sein de la Communaut\u00e9 d&#8217;agglom\u00e9ration Paris &#8211; Vall\u00e9e de la Marne\"}]},{\"@type\":\"WebSite\",\"@id\":\"https:\\\/\\\/group.voltalis.com\\\/en\\\/#website\",\"url\":\"https:\\\/\\\/group.voltalis.com\\\/en\\\/\",\"name\":\"Groupe Voltalis\",\"description\":\"Bien plus que des \u00e9conomies d&#039;\u00e9nergie\",\"potentialAction\":[{\"@type\":\"SearchAction\",\"target\":{\"@type\":\"EntryPoint\",\"urlTemplate\":\"https:\\\/\\\/group.voltalis.com\\\/en\\\/?s={search_term_string}\"},\"query-input\":{\"@type\":\"PropertyValueSpecification\",\"valueRequired\":true,\"valueName\":\"search_term_string\"}}],\"inLanguage\":\"fr-FR\"},{\"@type\":\"Person\",\"@id\":\"https:\\\/\\\/group.voltalis.com\\\/en\\\/#\\\/schema\\\/person\\\/4b1cbe0f01025c70fcdd38212cf95135\",\"name\":\"Alexane\",\"image\":{\"@type\":\"ImageObject\",\"inLanguage\":\"fr-FR\",\"@id\":\"https:\\\/\\\/secure.gravatar.com\\\/avatar\\\/30dd78037058843d269c357b406aa01da51eb6ad19f53de9f0fef498b199071b?s=96&d=mm&r=g\",\"url\":\"https:\\\/\\\/secure.gravatar.com\\\/avatar\\\/30dd78037058843d269c357b406aa01da51eb6ad19f53de9f0fef498b199071b?s=96&d=mm&r=g\",\"contentUrl\":\"https:\\\/\\\/secure.gravatar.com\\\/avatar\\\/30dd78037058843d269c357b406aa01da51eb6ad19f53de9f0fef498b199071b?s=96&d=mm&r=g\",\"caption\":\"Alexane\"},\"url\":\"https:\\\/\\\/group.voltalis.com\\\/fr\\\/author\\\/alexane\"}]}<\/script>\n<!-- \/ Yoast SEO plugin. -->","yoast_head_json":{"title":"Voltalis m\u00e8ne une nouvelle campagne d\u2019installations de son thermostat connect\u00e9 gratuit au sein de la Communaut\u00e9 d'agglom\u00e9ration Paris - Vall\u00e9e de la Marne - Groupe Voltalis","robots":{"index":"index","follow":"follow","max-snippet":"max-snippet:-1","max-image-preview":"max-image-preview:large","max-video-preview":"max-video-preview:-1"},"canonical":"https:\/\/group.voltalis.com\/fr\/type-de-contenu\/communiques-de-presse\/voltalis-mene-une-nouvelle-campagne-dinstallations-de-son-thermostat-connecte-gratuit-au-sein-de-la-communaute-dagglomeration-paris-vallee-de-la-marne-8156","og_locale":"fr_FR","og_type":"article","og_title":"Voltalis m\u00e8ne une nouvelle campagne d\u2019installations de son thermostat connect\u00e9 gratuit au sein de la Communaut\u00e9 d'agglom\u00e9ration Paris - Vall\u00e9e de la Marne - Groupe Voltalis","og_description":"Torcy, le 16 septembre 2024 \u2013 La Communaut\u00e9 d\u2019agglom\u00e9ration Paris &#8211; Vall\u00e9e de la Marne renouvelle sa confiance envers Voltalis, symbole de son engagement en faveur de la transition \u00e9nerg\u00e9tique du territoire. L\u2019entreprise \u00e9quipe gratuitement les foyers et les professionnels chauff\u00e9s \u00e0 l\u2019\u00e9lectrique d\u2019un thermostat connect\u00e9 innovant leur permettant d\u2019optimiser le chauffage. Une initiative \u00e0 [&hellip;]","og_url":"https:\/\/group.voltalis.com\/fr\/type-de-contenu\/communiques-de-presse\/voltalis-mene-une-nouvelle-campagne-dinstallations-de-son-thermostat-connecte-gratuit-au-sein-de-la-communaute-dagglomeration-paris-vallee-de-la-marne-8156","og_site_name":"Groupe Voltalis","article_publisher":"https:\/\/www.facebook.com\/pages\/category\/Product-Service\/Voltalis-178720392179068\/","article_published_time":"2024-09-16T07:00:00+00:00","article_modified_time":"2025-09-04T12:03:53+00:00","og_image":[{"width":2495,"height":1541,"url":"https:\/\/group.voltalis.com\/wp-content\/uploads\/2024\/07\/Smartphone_Salon_RVB_petit-1.jpg","type":"image\/jpeg"}],"author":"Alexane","twitter_card":"summary_large_image","twitter_misc":{"\u00c9crit par":"Alexane","Dur\u00e9e de lecture estim\u00e9e":"3 minutes"},"schema":{"@context":"https:\/\/schema.org","@graph":[{"@type":"Article","@id":"https:\/\/group.voltalis.com\/fr\/type-de-contenu\/communiques-de-presse\/voltalis-mene-une-nouvelle-campagne-dinstallations-de-son-thermostat-connecte-gratuit-au-sein-de-la-communaute-dagglomeration-paris-vallee-de-la-marne-8156#article","isPartOf":{"@id":"https:\/\/group.voltalis.com\/fr\/type-de-contenu\/communiques-de-presse\/voltalis-mene-une-nouvelle-campagne-dinstallations-de-son-thermostat-connecte-gratuit-au-sein-de-la-communaute-dagglomeration-paris-vallee-de-la-marne-8156"},"author":{"name":"Alexane","@id":"https:\/\/group.voltalis.com\/en\/#\/schema\/person\/4b1cbe0f01025c70fcdd38212cf95135"},"headline":"Voltalis m\u00e8ne une nouvelle campagne d\u2019installations de son thermostat connect\u00e9 gratuit au sein de la Communaut\u00e9 d&rsquo;agglom\u00e9ration Paris &#8211; Vall\u00e9e de la Marne","datePublished":"2024-09-16T07:00:00+00:00","dateModified":"2025-09-04T12:03:53+00:00","mainEntityOfPage":{"@id":"https:\/\/group.voltalis.com\/fr\/type-de-contenu\/communiques-de-presse\/voltalis-mene-une-nouvelle-campagne-dinstallations-de-son-thermostat-connecte-gratuit-au-sein-de-la-communaute-dagglomeration-paris-vallee-de-la-marne-8156"},"wordCount":491,"image":{"@id":"https:\/\/group.voltalis.com\/fr\/type-de-contenu\/communiques-de-presse\/voltalis-mene-une-nouvelle-campagne-dinstallations-de-son-thermostat-connecte-gratuit-au-sein-de-la-communaute-dagglomeration-paris-vallee-de-la-marne-8156#primaryimage"},"thumbnailUrl":"https:\/\/group.voltalis.com\/wp-content\/uploads\/2024\/07\/Smartphone_Salon_RVB_petit-1-1024x632.jpg","articleSection":["Collectivit\u00e9s","Communiqu\u00e9s"],"inLanguage":"fr-FR"},{"@type":"WebPage","@id":"https:\/\/group.voltalis.com\/fr\/type-de-contenu\/communiques-de-presse\/voltalis-mene-une-nouvelle-campagne-dinstallations-de-son-thermostat-connecte-gratuit-au-sein-de-la-communaute-dagglomeration-paris-vallee-de-la-marne-8156","url":"https:\/\/group.voltalis.com\/fr\/type-de-contenu\/communiques-de-presse\/voltalis-mene-une-nouvelle-campagne-dinstallations-de-son-thermostat-connecte-gratuit-au-sein-de-la-communaute-dagglomeration-paris-vallee-de-la-marne-8156","name":"Voltalis m\u00e8ne une nouvelle campagne d\u2019installations de son thermostat connect\u00e9 gratuit au sein de la Communaut\u00e9 d'agglom\u00e9ration Paris - Vall\u00e9e de la Marne - Groupe Voltalis","isPartOf":{"@id":"https:\/\/group.voltalis.com\/en\/#website"},"primaryImageOfPage":{"@id":"https:\/\/group.voltalis.com\/fr\/type-de-contenu\/communiques-de-presse\/voltalis-mene-une-nouvelle-campagne-dinstallations-de-son-thermostat-connecte-gratuit-au-sein-de-la-communaute-dagglomeration-paris-vallee-de-la-marne-8156#primaryimage"},"image":{"@id":"https:\/\/group.voltalis.com\/fr\/type-de-contenu\/communiques-de-presse\/voltalis-mene-une-nouvelle-campagne-dinstallations-de-son-thermostat-connecte-gratuit-au-sein-de-la-communaute-dagglomeration-paris-vallee-de-la-marne-8156#primaryimage"},"thumbnailUrl":"https:\/\/group.voltalis.com\/wp-content\/uploads\/2024\/07\/Smartphone_Salon_RVB_petit-1-1024x632.jpg","datePublished":"2024-09-16T07:00:00+00:00","dateModified":"2025-09-04T12:03:53+00:00","author":{"@id":"https:\/\/group.voltalis.com\/en\/#\/schema\/person\/4b1cbe0f01025c70fcdd38212cf95135"},"breadcrumb":{"@id":"https:\/\/group.voltalis.com\/fr\/type-de-contenu\/communiques-de-presse\/voltalis-mene-une-nouvelle-campagne-dinstallations-de-son-thermostat-connecte-gratuit-au-sein-de-la-communaute-dagglomeration-paris-vallee-de-la-marne-8156#breadcrumb"},"inLanguage":"fr-FR","potentialAction":[{"@type":"ReadAction","target":["https:\/\/group.voltalis.com\/fr\/type-de-contenu\/communiques-de-presse\/voltalis-mene-une-nouvelle-campagne-dinstallations-de-son-thermostat-connecte-gratuit-au-sein-de-la-communaute-dagglomeration-paris-vallee-de-la-marne-8156"]}]},{"@type":"ImageObject","inLanguage":"fr-FR","@id":"https:\/\/group.voltalis.com\/fr\/type-de-contenu\/communiques-de-presse\/voltalis-mene-une-nouvelle-campagne-dinstallations-de-son-thermostat-connecte-gratuit-au-sein-de-la-communaute-dagglomeration-paris-vallee-de-la-marne-8156#primaryimage","url":"https:\/\/group.voltalis.com\/wp-content\/uploads\/2024\/07\/Smartphone_Salon_RVB_petit-1-1024x632.jpg","contentUrl":"https:\/\/group.voltalis.com\/wp-content\/uploads\/2024\/07\/Smartphone_Salon_RVB_petit-1-1024x632.jpg"},{"@type":"BreadcrumbList","@id":"https:\/\/group.voltalis.com\/fr\/type-de-contenu\/communiques-de-presse\/voltalis-mene-une-nouvelle-campagne-dinstallations-de-son-thermostat-connecte-gratuit-au-sein-de-la-communaute-dagglomeration-paris-vallee-de-la-marne-8156#breadcrumb","itemListElement":[{"@type":"ListItem","position":1,"name":"Home","item":"https:\/\/group.voltalis.com\/fr"},{"@type":"ListItem","position":2,"name":"Voltalis m\u00e8ne une nouvelle campagne d\u2019installations de son thermostat connect\u00e9 gratuit au sein de la Communaut\u00e9 d&#8217;agglom\u00e9ration Paris &#8211; Vall\u00e9e de la Marne"}]},{"@type":"WebSite","@id":"https:\/\/group.voltalis.com\/en\/#website","url":"https:\/\/group.voltalis.com\/en\/","name":"Groupe Voltalis","description":"Bien plus que des \u00e9conomies d&#039;\u00e9nergie","potentialAction":[{"@type":"SearchAction","target":{"@type":"EntryPoint","urlTemplate":"https:\/\/group.voltalis.com\/en\/?s={search_term_string}"},"query-input":{"@type":"PropertyValueSpecification","valueRequired":true,"valueName":"search_term_string"}}],"inLanguage":"fr-FR"},{"@type":"Person","@id":"https:\/\/group.voltalis.com\/en\/#\/schema\/person\/4b1cbe0f01025c70fcdd38212cf95135","name":"Alexane","image":{"@type":"ImageObject","inLanguage":"fr-FR","@id":"https:\/\/secure.gravatar.com\/avatar\/30dd78037058843d269c357b406aa01da51eb6ad19f53de9f0fef498b199071b?s=96&d=mm&r=g","url":"https:\/\/secure.gravatar.com\/avatar\/30dd78037058843d269c357b406aa01da51eb6ad19f53de9f0fef498b199071b?s=96&d=mm&r=g","contentUrl":"https:\/\/secure.gravatar.com\/avatar\/30dd78037058843d269c357b406aa01da51eb6ad19f53de9f0fef498b199071b?s=96&d=mm&r=g","caption":"Alexane"},"url":"https:\/\/group.voltalis.com\/fr\/author\/alexane"}]}},"_links":{"self":[{"href":"https:\/\/group.voltalis.com\/fr\/wp-json\/wp\/v2\/posts\/8156","targetHints":{"allow":["GET"]}}],"collection":[{"href":"https:\/\/group.voltalis.com\/fr\/wp-json\/wp\/v2\/posts"}],"about":[{"href":"https:\/\/group.voltalis.com\/fr\/wp-json\/wp\/v2\/types\/post"}],"author":[{"embeddable":true,"href":"https:\/\/group.voltalis.com\/fr\/wp-json\/wp\/v2\/users\/12"}],"replies":[{"embeddable":true,"href":"https:\/\/group.voltalis.com\/fr\/wp-json\/wp\/v2\/comments?post=8156"}],"version-history":[{"count":1,"href":"https:\/\/group.voltalis.com\/fr\/wp-json\/wp\/v2\/posts\/8156\/revisions"}],"predecessor-version":[{"id":10320,"href":"https:\/\/group.voltalis.com\/fr\/wp-json\/wp\/v2\/posts\/8156\/revisions\/10320"}],"wp:attachment":[{"href":"https:\/\/group.voltalis.com\/fr\/wp-json\/wp\/v2\/media?parent=8156"}],"wp:term":[{"taxonomy":"category","embeddable":true,"href":"https:\/\/group.voltalis.com\/fr\/wp-json\/wp\/v2\/categories?post=8156"},{"taxonomy":"post_tag","embeddable":true,"href":"https:\/\/group.voltalis.com\/fr\/wp-json\/wp\/v2\/tags?post=8156"}],"curies":[{"name":"wp","href":"https:\/\/api.w.org\/{rel}","templated":true}]}}