{"id":8757,"date":"2024-09-02T09:15:00","date_gmt":"2024-09-02T07:15:00","guid":{"rendered":"https:\/\/group.voltalis.com?p=8757"},"modified":"2025-09-04T15:06:43","modified_gmt":"2025-09-04T13:06:43","slug":"transition-ecologique-dracenie-provence-verdon-agglomeration-1e-collectivite-varoise-a-sengager-avec-voltalis","status":"publish","type":"post","link":"https:\/\/group.voltalis.com\/fr\/type-de-contenu\/communiques-de-presse\/transition-ecologique-dracenie-provence-verdon-agglomeration-1e-collectivite-varoise-a-sengager-avec-voltalis-8757","title":{"rendered":"Transition \u00e9cologique : Drac\u00e9nie Provence Verdon Agglom\u00e9ration, 1e collectivit\u00e9 varoise \u00e0 s\u2019engager avec Voltalis"},"content":{"rendered":"\n<p><\/p>\n\n\n\n<p>Draguignan, le 2 septembre 2024<strong> \u2013 Pour r\u00e9pondre au d\u00e9fi majeur du r\u00e9chauffement climatique li\u00e9 aux \u00e9missions massives de gaz \u00e0 effet de serre et pour limiter les consommations \u00e9nerg\u00e9tiques qui p\u00e8sent de plus en plus sur le budget des m\u00e9nages, l\u2019agglom\u00e9ration s&rsquo;est engag\u00e9e via le Plan Climat, \u00e0 r\u00e9duire d\u2019ici 2030, de 18 % les consommations \u00e9nerg\u00e9tiques du territoire tout en multipliant par 3 la production locale d&rsquo;\u00e9nergies renouvelables. Dans ce contexte, en compl\u00e9ment des nombreuses initiatives pour la Transition Ecologique, l\u2019agglom\u00e9ration soutient l&rsquo;initiative de Voltalis, leader du pilotage intelligent de la consommation \u00e9lectrique dans les logements et les b\u00e2timents tertiaires.<\/strong><\/p>\n\n\n\n<p><strong>Les 25\u00a0000 foyers et professionnels de l\u2019agglom\u00e9ration chauff\u00e9s \u00e0 l\u2019\u00e9lectrique peuvent b\u00e9n\u00e9ficier gratuitement de l\u2019installation de thermostats connect\u00e9s. A la cl\u00e9\u00a0: jusqu\u2019\u00e0 15% d\u2019\u00e9conomies d\u2019\u00e9lectricit\u00e9 et une r\u00e9duction de 70% des \u00e9missions de gaz \u00e0 effet de serre.<\/strong><\/p>\n\n\n\n<h3 class=\"wp-block-heading has-medium-font-size\"><br><strong>Un thermostat gratuit, en faveur de l\u2019environnement et du pouvoir d\u2019achat<\/strong><br><\/h3>\n\n\n\n<p>Voltalis contribue \u00e0 la protection du pouvoir d\u2019achat de la population et \u00e0 l\u2019effort national de sobri\u00e9t\u00e9. La soci\u00e9t\u00e9 installe, sans aucun frais, un thermostat connect\u00e9 chez les particuliers et les professionnels chauff\u00e9s \u00e0 l\u2019\u00e9lectrique. Ce dernier est associ\u00e9 \u00e0 <strong>l\u2019application <\/strong><a href=\"https:\/\/www.voltalis.com\/myvoltalis-lapplication-de-suivi-de-consommation-electrique\"><strong>MyVoltalis<\/strong><\/a>, disponible sur smartphone, tablette et ordinateur pour piloter facilement et \u00e0 distance leurs radiateurs et\/ou leur pompe \u00e0 chaleur<br><br>Connectant d\u00e9j\u00e0 1,5 millions d\u2019appareils en France et en Europe, le thermostat Voltalis r\u00e9duit la consommation \u00e9lectrique nationale lors des pointes, en agissant sur le chauffage. Cette action permet d\u2019\u00e9viter le recours \u00e0 des centrales fonctionnant aux \u00e9nergies fossiles, activ\u00e9es quand le syst\u00e8me conna\u00eet des d\u00e9s\u00e9quilibres sur le r\u00e9seau (vague hivernale, intermittence des \u00e9nergies renouvelables\u2026). Il participe \u00e9galement \u00e0 la r\u00e9duction des risques de d\u00e9lestages ou de coupures sur le r\u00e9seau. Voltalis est ainsi r\u00e9mun\u00e9r\u00e9 par RTE, gestionnaire du r\u00e9seau de transport d&rsquo;\u00e9lectricit\u00e9 fran\u00e7ais, pour le service rendu.<\/p>\n\n\n\n<div class=\"wp-block-columns is-layout-flex wp-container-core-columns-is-layout-9d6595d7 wp-block-columns-is-layout-flex\">\n<div class=\"wp-block-column is-layout-flow wp-block-column-is-layout-flow\">\n<figure class=\"wp-block-image size-full\"><img loading=\"lazy\" decoding=\"async\" width=\"273\" height=\"251\" src=\"https:\/\/group.voltalis.com\/wp-content\/uploads\/2024\/10\/img1.jpg\" alt=\"\" class=\"wp-image-8766\"\/><\/figure>\n<\/div>\n\n\n\n<div class=\"wp-block-column is-layout-flow wp-block-column-is-layout-flow\">\n<figure class=\"wp-block-image size-full\"><img loading=\"lazy\" decoding=\"async\" width=\"273\" height=\"251\" src=\"https:\/\/group.voltalis.com\/wp-content\/uploads\/2024\/10\/img2.jpg\" alt=\"\" class=\"wp-image-8764\"\/><\/figure>\n<\/div>\n<\/div>\n\n\n\n<p class=\"has-medium-font-size\"><strong>Les conseillers Voltalis \u00e0 la rencontre des habitants<\/strong><\/p>\n\n\n\n<p><strong>Les \u00e9quipes de Voltalis seront pr\u00e9sentes \u00e0 partir du 2 septembre sur le territoire de Drac\u00e9nie Provence Verdon<\/strong> Agglom\u00e9ration, d\u2019abord au sein des communes de Draguignan, Les Arcs, Figani\u00e8res et Lorgues.<\/p>\n\n\n\n<p>Elles pr\u00e9senteront le dispositif et fixeront un rendez-vous d\u2019installation du thermostat connect\u00e9 chez les particuliers et les professionnels qui le souhaitent. Un technicien agr\u00e9\u00e9 interviendra ensuite.<\/p>\n\n\n\n<p>Il est \u00e9galement possible d\u2019en faire la demande directement aupr\u00e8s de Voltalis et de fixer un rendez-vous d\u2019installation&nbsp;:<\/p>\n\n\n\n<p>&#8211; Par t\u00e9l\u00e9phone au <strong>04 56 60 87 47<\/strong><\/p>\n\n\n\n<p>&#8211; Par mail&nbsp;: <strong>dracenie@voltalis.com<\/strong><\/p>\n\n\n\n<p><\/p>\n\n\n\n<p><\/p>\n\n\n\n<p class=\"has-text-align-center\"><strong><u>Contacts presse<\/u><\/strong><strong>&nbsp;:<\/strong><\/p>\n\n\n\n<figure class=\"wp-block-table\"><table class=\"has-fixed-layout\"><tbody><tr><td class=\"has-text-align-center\" data-align=\"center\"><strong>Drac\u00e9nie Provence Verdon Agglom\u00e9ration<\/strong> Magali BUCHSBAUM<br>Directrice de la Communication 04 94 50 16 26 \/ 06 11 27 34 39<\/td><td class=\"has-text-align-center\" data-align=\"center\"><strong>Voltalis<\/strong><br>Anne-Laure DAULIER<br>Agence Shan voltalis@shan.fr &#8211; 06 28 59 50 38<\/td><\/tr><\/tbody><\/table><\/figure>\n\n\n\n<h2 class=\"wp-block-heading\"><\/h2>\n\n\n\n<figure class=\"wp-block-table\"><table class=\"has-fixed-layout\"><tbody><tr><td class=\"has-text-align-center\" data-align=\"center\"><\/td><\/tr><\/tbody><\/table><\/figure>\n\n\n\n<p><\/p>\n\n\n\n<div class=\"wp-block-buttons is-content-justification-center is-layout-flex wp-container-core-buttons-is-layout-16018d1d wp-block-buttons-is-layout-flex\">\n<div class=\"wp-block-button\"><a class=\"wp-block-button__link has-white-color has-text-color has-background has-link-color has-text-align-center wp-element-button\" href=\"http:\/\/localhost\/voltalis-group-v3\/wp-content\/uploads\/2024\/08\/CP-Dracenie_Voltalis_VF.pdf\" style=\"border-radius:5px;background-color:#4dbef7\" target=\"_blank\" rel=\"noreferrer noopener\"><strong>T\u00e9l\u00e9charger le communiqu\u00e9 de presse<\/strong><\/a><\/div>\n<\/div>\n","protected":false},"excerpt":{"rendered":"<p>Draguignan, le 2 septembre 2024 \u2013 Pour r\u00e9pondre au d\u00e9fi majeur du r\u00e9chauffement climatique li\u00e9 aux \u00e9missions massives de gaz \u00e0 effet de serre et pour limiter les consommations \u00e9nerg\u00e9tiques qui p\u00e8sent de plus en plus sur le budget des m\u00e9nages, l\u2019agglom\u00e9ration s&rsquo;est engag\u00e9e via le Plan Climat, \u00e0 r\u00e9duire d\u2019ici 2030, de 18 % [&hellip;]<\/p>\n","protected":false},"author":1,"featured_media":8760,"comment_status":"closed","ping_status":"closed","sticky":false,"template":"","format":"standard","meta":{"_acf_changed":false,"inline_featured_image":false,"footnotes":""},"categories":[199,3],"tags":[],"class_list":["post-8757","post","type-post","status-publish","format-standard","has-post-thumbnail","hentry","category-collectivites","category-communiques-de-presse"],"acf":[],"yoast_head":"<!-- This site is optimized with the Yoast SEO plugin v27.5 - https:\/\/yoast.com\/product\/yoast-seo-wordpress\/ -->\n<title>Transition \u00e9cologique : Drac\u00e9nie Provence Verdon Agglom\u00e9ration, 1e collectivit\u00e9 varoise \u00e0 s\u2019engager avec Voltalis - Groupe Voltalis<\/title>\n<meta name=\"robots\" content=\"index, follow, max-snippet:-1, max-image-preview:large, max-video-preview:-1\" \/>\n<link rel=\"canonical\" href=\"https:\/\/group.voltalis.com\/fr\/type-de-contenu\/communiques-de-presse\/transition-ecologique-dracenie-provence-verdon-agglomeration-1e-collectivite-varoise-a-sengager-avec-voltalis-8757\" \/>\n<meta property=\"og:locale\" content=\"fr_FR\" \/>\n<meta property=\"og:type\" content=\"article\" \/>\n<meta property=\"og:title\" content=\"Transition \u00e9cologique : Drac\u00e9nie Provence Verdon Agglom\u00e9ration, 1e collectivit\u00e9 varoise \u00e0 s\u2019engager avec Voltalis - Groupe Voltalis\" \/>\n<meta property=\"og:description\" content=\"Draguignan, le 2 septembre 2024 \u2013 Pour r\u00e9pondre au d\u00e9fi majeur du r\u00e9chauffement climatique li\u00e9 aux \u00e9missions massives de gaz \u00e0 effet de serre et pour limiter les consommations \u00e9nerg\u00e9tiques qui p\u00e8sent de plus en plus sur le budget des m\u00e9nages, l\u2019agglom\u00e9ration s&rsquo;est engag\u00e9e via le Plan Climat, \u00e0 r\u00e9duire d\u2019ici 2030, de 18 % [&hellip;]\" \/>\n<meta property=\"og:url\" content=\"https:\/\/group.voltalis.com\/fr\/type-de-contenu\/communiques-de-presse\/transition-ecologique-dracenie-provence-verdon-agglomeration-1e-collectivite-varoise-a-sengager-avec-voltalis-8757\" \/>\n<meta property=\"og:site_name\" content=\"Groupe Voltalis\" \/>\n<meta property=\"article:publisher\" content=\"https:\/\/www.facebook.com\/pages\/category\/Product-Service\/Voltalis-178720392179068\/\" \/>\n<meta property=\"article:published_time\" content=\"2024-09-02T07:15:00+00:00\" \/>\n<meta property=\"article:modified_time\" content=\"2025-09-04T13:06:43+00:00\" \/>\n<meta property=\"og:image\" content=\"https:\/\/group.voltalis.com\/wp-content\/uploads\/2024\/10\/headerImg.jpg\" \/>\n\t<meta property=\"og:image:width\" content=\"734\" \/>\n\t<meta property=\"og:image:height\" content=\"340\" \/>\n\t<meta property=\"og:image:type\" content=\"image\/jpeg\" \/>\n<meta name=\"author\" content=\"admin\" \/>\n<meta name=\"twitter:card\" content=\"summary_large_image\" \/>\n<meta name=\"twitter:label1\" content=\"\u00c9crit par\" \/>\n\t<meta name=\"twitter:data1\" content=\"admin\" \/>\n\t<meta name=\"twitter:label2\" content=\"Dur\u00e9e de lecture estim\u00e9e\" \/>\n\t<meta name=\"twitter:data2\" content=\"3 minutes\" \/>\n<script type=\"application\/ld+json\" class=\"yoast-schema-graph\">{\"@context\":\"https:\\\/\\\/schema.org\",\"@graph\":[{\"@type\":\"Article\",\"@id\":\"https:\\\/\\\/group.voltalis.com\\\/fr\\\/type-de-contenu\\\/communiques-de-presse\\\/transition-ecologique-dracenie-provence-verdon-agglomeration-1e-collectivite-varoise-a-sengager-avec-voltalis-8757#article\",\"isPartOf\":{\"@id\":\"https:\\\/\\\/group.voltalis.com\\\/fr\\\/type-de-contenu\\\/communiques-de-presse\\\/transition-ecologique-dracenie-provence-verdon-agglomeration-1e-collectivite-varoise-a-sengager-avec-voltalis-8757\"},\"author\":{\"name\":\"admin\",\"@id\":\"https:\\\/\\\/group.voltalis.com\\\/en\\\/#\\\/schema\\\/person\\\/cd75df70a442080ba333ff81754527b8\"},\"headline\":\"Transition \u00e9cologique : Drac\u00e9nie Provence Verdon Agglom\u00e9ration, 1e collectivit\u00e9 varoise \u00e0 s\u2019engager avec Voltalis\",\"datePublished\":\"2024-09-02T07:15:00+00:00\",\"dateModified\":\"2025-09-04T13:06:43+00:00\",\"mainEntityOfPage\":{\"@id\":\"https:\\\/\\\/group.voltalis.com\\\/fr\\\/type-de-contenu\\\/communiques-de-presse\\\/transition-ecologique-dracenie-provence-verdon-agglomeration-1e-collectivite-varoise-a-sengager-avec-voltalis-8757\"},\"wordCount\":481,\"image\":{\"@id\":\"https:\\\/\\\/group.voltalis.com\\\/fr\\\/type-de-contenu\\\/communiques-de-presse\\\/transition-ecologique-dracenie-provence-verdon-agglomeration-1e-collectivite-varoise-a-sengager-avec-voltalis-8757#primaryimage\"},\"thumbnailUrl\":\"https:\\\/\\\/group.voltalis.com\\\/wp-content\\\/uploads\\\/2024\\\/10\\\/headerImg.jpg\",\"articleSection\":[\"Collectivit\u00e9s\",\"Communiqu\u00e9s\"],\"inLanguage\":\"fr-FR\"},{\"@type\":\"WebPage\",\"@id\":\"https:\\\/\\\/group.voltalis.com\\\/fr\\\/type-de-contenu\\\/communiques-de-presse\\\/transition-ecologique-dracenie-provence-verdon-agglomeration-1e-collectivite-varoise-a-sengager-avec-voltalis-8757\",\"url\":\"https:\\\/\\\/group.voltalis.com\\\/fr\\\/type-de-contenu\\\/communiques-de-presse\\\/transition-ecologique-dracenie-provence-verdon-agglomeration-1e-collectivite-varoise-a-sengager-avec-voltalis-8757\",\"name\":\"Transition \u00e9cologique : Drac\u00e9nie Provence Verdon Agglom\u00e9ration, 1e collectivit\u00e9 varoise \u00e0 s\u2019engager avec Voltalis - Groupe Voltalis\",\"isPartOf\":{\"@id\":\"https:\\\/\\\/group.voltalis.com\\\/en\\\/#website\"},\"primaryImageOfPage\":{\"@id\":\"https:\\\/\\\/group.voltalis.com\\\/fr\\\/type-de-contenu\\\/communiques-de-presse\\\/transition-ecologique-dracenie-provence-verdon-agglomeration-1e-collectivite-varoise-a-sengager-avec-voltalis-8757#primaryimage\"},\"image\":{\"@id\":\"https:\\\/\\\/group.voltalis.com\\\/fr\\\/type-de-contenu\\\/communiques-de-presse\\\/transition-ecologique-dracenie-provence-verdon-agglomeration-1e-collectivite-varoise-a-sengager-avec-voltalis-8757#primaryimage\"},\"thumbnailUrl\":\"https:\\\/\\\/group.voltalis.com\\\/wp-content\\\/uploads\\\/2024\\\/10\\\/headerImg.jpg\",\"datePublished\":\"2024-09-02T07:15:00+00:00\",\"dateModified\":\"2025-09-04T13:06:43+00:00\",\"author\":{\"@id\":\"https:\\\/\\\/group.voltalis.com\\\/en\\\/#\\\/schema\\\/person\\\/cd75df70a442080ba333ff81754527b8\"},\"breadcrumb\":{\"@id\":\"https:\\\/\\\/group.voltalis.com\\\/fr\\\/type-de-contenu\\\/communiques-de-presse\\\/transition-ecologique-dracenie-provence-verdon-agglomeration-1e-collectivite-varoise-a-sengager-avec-voltalis-8757#breadcrumb\"},\"inLanguage\":\"fr-FR\",\"potentialAction\":[{\"@type\":\"ReadAction\",\"target\":[\"https:\\\/\\\/group.voltalis.com\\\/fr\\\/type-de-contenu\\\/communiques-de-presse\\\/transition-ecologique-dracenie-provence-verdon-agglomeration-1e-collectivite-varoise-a-sengager-avec-voltalis-8757\"]}]},{\"@type\":\"ImageObject\",\"inLanguage\":\"fr-FR\",\"@id\":\"https:\\\/\\\/group.voltalis.com\\\/fr\\\/type-de-contenu\\\/communiques-de-presse\\\/transition-ecologique-dracenie-provence-verdon-agglomeration-1e-collectivite-varoise-a-sengager-avec-voltalis-8757#primaryimage\",\"url\":\"https:\\\/\\\/group.voltalis.com\\\/wp-content\\\/uploads\\\/2024\\\/10\\\/headerImg.jpg\",\"contentUrl\":\"https:\\\/\\\/group.voltalis.com\\\/wp-content\\\/uploads\\\/2024\\\/10\\\/headerImg.jpg\",\"width\":734,\"height\":340},{\"@type\":\"BreadcrumbList\",\"@id\":\"https:\\\/\\\/group.voltalis.com\\\/fr\\\/type-de-contenu\\\/communiques-de-presse\\\/transition-ecologique-dracenie-provence-verdon-agglomeration-1e-collectivite-varoise-a-sengager-avec-voltalis-8757#breadcrumb\",\"itemListElement\":[{\"@type\":\"ListItem\",\"position\":1,\"name\":\"Home\",\"item\":\"https:\\\/\\\/group.voltalis.com\\\/fr\"},{\"@type\":\"ListItem\",\"position\":2,\"name\":\"Transition \u00e9cologique : Drac\u00e9nie Provence Verdon Agglom\u00e9ration, 1e collectivit\u00e9 varoise \u00e0 s\u2019engager avec Voltalis\"}]},{\"@type\":\"WebSite\",\"@id\":\"https:\\\/\\\/group.voltalis.com\\\/en\\\/#website\",\"url\":\"https:\\\/\\\/group.voltalis.com\\\/en\\\/\",\"name\":\"Groupe Voltalis\",\"description\":\"Bien plus que des \u00e9conomies d&#039;\u00e9nergie\",\"potentialAction\":[{\"@type\":\"SearchAction\",\"target\":{\"@type\":\"EntryPoint\",\"urlTemplate\":\"https:\\\/\\\/group.voltalis.com\\\/en\\\/?s={search_term_string}\"},\"query-input\":{\"@type\":\"PropertyValueSpecification\",\"valueRequired\":true,\"valueName\":\"search_term_string\"}}],\"inLanguage\":\"fr-FR\"},{\"@type\":\"Person\",\"@id\":\"https:\\\/\\\/group.voltalis.com\\\/en\\\/#\\\/schema\\\/person\\\/cd75df70a442080ba333ff81754527b8\",\"name\":\"admin\",\"image\":{\"@type\":\"ImageObject\",\"inLanguage\":\"fr-FR\",\"@id\":\"https:\\\/\\\/secure.gravatar.com\\\/avatar\\\/d33819406c6fd656ae073a4bf8663fc5da17ca34c0a8d21882949b205ec67922?s=96&d=mm&r=g\",\"url\":\"https:\\\/\\\/secure.gravatar.com\\\/avatar\\\/d33819406c6fd656ae073a4bf8663fc5da17ca34c0a8d21882949b205ec67922?s=96&d=mm&r=g\",\"contentUrl\":\"https:\\\/\\\/secure.gravatar.com\\\/avatar\\\/d33819406c6fd656ae073a4bf8663fc5da17ca34c0a8d21882949b205ec67922?s=96&d=mm&r=g\",\"caption\":\"admin\"},\"sameAs\":[\"https:\\\/\\\/group.voltalis.com\"],\"url\":\"https:\\\/\\\/group.voltalis.com\\\/fr\\\/author\\\/admin\"}]}<\/script>\n<!-- \/ Yoast SEO plugin. -->","yoast_head_json":{"title":"Transition \u00e9cologique : Drac\u00e9nie Provence Verdon Agglom\u00e9ration, 1e collectivit\u00e9 varoise \u00e0 s\u2019engager avec Voltalis - Groupe Voltalis","robots":{"index":"index","follow":"follow","max-snippet":"max-snippet:-1","max-image-preview":"max-image-preview:large","max-video-preview":"max-video-preview:-1"},"canonical":"https:\/\/group.voltalis.com\/fr\/type-de-contenu\/communiques-de-presse\/transition-ecologique-dracenie-provence-verdon-agglomeration-1e-collectivite-varoise-a-sengager-avec-voltalis-8757","og_locale":"fr_FR","og_type":"article","og_title":"Transition \u00e9cologique : Drac\u00e9nie Provence Verdon Agglom\u00e9ration, 1e collectivit\u00e9 varoise \u00e0 s\u2019engager avec Voltalis - Groupe Voltalis","og_description":"Draguignan, le 2 septembre 2024 \u2013 Pour r\u00e9pondre au d\u00e9fi majeur du r\u00e9chauffement climatique li\u00e9 aux \u00e9missions massives de gaz \u00e0 effet de serre et pour limiter les consommations \u00e9nerg\u00e9tiques qui p\u00e8sent de plus en plus sur le budget des m\u00e9nages, l\u2019agglom\u00e9ration s&rsquo;est engag\u00e9e via le Plan Climat, \u00e0 r\u00e9duire d\u2019ici 2030, de 18 % [&hellip;]","og_url":"https:\/\/group.voltalis.com\/fr\/type-de-contenu\/communiques-de-presse\/transition-ecologique-dracenie-provence-verdon-agglomeration-1e-collectivite-varoise-a-sengager-avec-voltalis-8757","og_site_name":"Groupe Voltalis","article_publisher":"https:\/\/www.facebook.com\/pages\/category\/Product-Service\/Voltalis-178720392179068\/","article_published_time":"2024-09-02T07:15:00+00:00","article_modified_time":"2025-09-04T13:06:43+00:00","og_image":[{"width":734,"height":340,"url":"https:\/\/group.voltalis.com\/wp-content\/uploads\/2024\/10\/headerImg.jpg","type":"image\/jpeg"}],"author":"admin","twitter_card":"summary_large_image","twitter_misc":{"\u00c9crit par":"admin","Dur\u00e9e de lecture estim\u00e9e":"3 minutes"},"schema":{"@context":"https:\/\/schema.org","@graph":[{"@type":"Article","@id":"https:\/\/group.voltalis.com\/fr\/type-de-contenu\/communiques-de-presse\/transition-ecologique-dracenie-provence-verdon-agglomeration-1e-collectivite-varoise-a-sengager-avec-voltalis-8757#article","isPartOf":{"@id":"https:\/\/group.voltalis.com\/fr\/type-de-contenu\/communiques-de-presse\/transition-ecologique-dracenie-provence-verdon-agglomeration-1e-collectivite-varoise-a-sengager-avec-voltalis-8757"},"author":{"name":"admin","@id":"https:\/\/group.voltalis.com\/en\/#\/schema\/person\/cd75df70a442080ba333ff81754527b8"},"headline":"Transition \u00e9cologique : Drac\u00e9nie Provence Verdon Agglom\u00e9ration, 1e collectivit\u00e9 varoise \u00e0 s\u2019engager avec Voltalis","datePublished":"2024-09-02T07:15:00+00:00","dateModified":"2025-09-04T13:06:43+00:00","mainEntityOfPage":{"@id":"https:\/\/group.voltalis.com\/fr\/type-de-contenu\/communiques-de-presse\/transition-ecologique-dracenie-provence-verdon-agglomeration-1e-collectivite-varoise-a-sengager-avec-voltalis-8757"},"wordCount":481,"image":{"@id":"https:\/\/group.voltalis.com\/fr\/type-de-contenu\/communiques-de-presse\/transition-ecologique-dracenie-provence-verdon-agglomeration-1e-collectivite-varoise-a-sengager-avec-voltalis-8757#primaryimage"},"thumbnailUrl":"https:\/\/group.voltalis.com\/wp-content\/uploads\/2024\/10\/headerImg.jpg","articleSection":["Collectivit\u00e9s","Communiqu\u00e9s"],"inLanguage":"fr-FR"},{"@type":"WebPage","@id":"https:\/\/group.voltalis.com\/fr\/type-de-contenu\/communiques-de-presse\/transition-ecologique-dracenie-provence-verdon-agglomeration-1e-collectivite-varoise-a-sengager-avec-voltalis-8757","url":"https:\/\/group.voltalis.com\/fr\/type-de-contenu\/communiques-de-presse\/transition-ecologique-dracenie-provence-verdon-agglomeration-1e-collectivite-varoise-a-sengager-avec-voltalis-8757","name":"Transition \u00e9cologique : Drac\u00e9nie Provence Verdon Agglom\u00e9ration, 1e collectivit\u00e9 varoise \u00e0 s\u2019engager avec Voltalis - Groupe Voltalis","isPartOf":{"@id":"https:\/\/group.voltalis.com\/en\/#website"},"primaryImageOfPage":{"@id":"https:\/\/group.voltalis.com\/fr\/type-de-contenu\/communiques-de-presse\/transition-ecologique-dracenie-provence-verdon-agglomeration-1e-collectivite-varoise-a-sengager-avec-voltalis-8757#primaryimage"},"image":{"@id":"https:\/\/group.voltalis.com\/fr\/type-de-contenu\/communiques-de-presse\/transition-ecologique-dracenie-provence-verdon-agglomeration-1e-collectivite-varoise-a-sengager-avec-voltalis-8757#primaryimage"},"thumbnailUrl":"https:\/\/group.voltalis.com\/wp-content\/uploads\/2024\/10\/headerImg.jpg","datePublished":"2024-09-02T07:15:00+00:00","dateModified":"2025-09-04T13:06:43+00:00","author":{"@id":"https:\/\/group.voltalis.com\/en\/#\/schema\/person\/cd75df70a442080ba333ff81754527b8"},"breadcrumb":{"@id":"https:\/\/group.voltalis.com\/fr\/type-de-contenu\/communiques-de-presse\/transition-ecologique-dracenie-provence-verdon-agglomeration-1e-collectivite-varoise-a-sengager-avec-voltalis-8757#breadcrumb"},"inLanguage":"fr-FR","potentialAction":[{"@type":"ReadAction","target":["https:\/\/group.voltalis.com\/fr\/type-de-contenu\/communiques-de-presse\/transition-ecologique-dracenie-provence-verdon-agglomeration-1e-collectivite-varoise-a-sengager-avec-voltalis-8757"]}]},{"@type":"ImageObject","inLanguage":"fr-FR","@id":"https:\/\/group.voltalis.com\/fr\/type-de-contenu\/communiques-de-presse\/transition-ecologique-dracenie-provence-verdon-agglomeration-1e-collectivite-varoise-a-sengager-avec-voltalis-8757#primaryimage","url":"https:\/\/group.voltalis.com\/wp-content\/uploads\/2024\/10\/headerImg.jpg","contentUrl":"https:\/\/group.voltalis.com\/wp-content\/uploads\/2024\/10\/headerImg.jpg","width":734,"height":340},{"@type":"BreadcrumbList","@id":"https:\/\/group.voltalis.com\/fr\/type-de-contenu\/communiques-de-presse\/transition-ecologique-dracenie-provence-verdon-agglomeration-1e-collectivite-varoise-a-sengager-avec-voltalis-8757#breadcrumb","itemListElement":[{"@type":"ListItem","position":1,"name":"Home","item":"https:\/\/group.voltalis.com\/fr"},{"@type":"ListItem","position":2,"name":"Transition \u00e9cologique : Drac\u00e9nie Provence Verdon Agglom\u00e9ration, 1e collectivit\u00e9 varoise \u00e0 s\u2019engager avec Voltalis"}]},{"@type":"WebSite","@id":"https:\/\/group.voltalis.com\/en\/#website","url":"https:\/\/group.voltalis.com\/en\/","name":"Groupe Voltalis","description":"Bien plus que des \u00e9conomies d&#039;\u00e9nergie","potentialAction":[{"@type":"SearchAction","target":{"@type":"EntryPoint","urlTemplate":"https:\/\/group.voltalis.com\/en\/?s={search_term_string}"},"query-input":{"@type":"PropertyValueSpecification","valueRequired":true,"valueName":"search_term_string"}}],"inLanguage":"fr-FR"},{"@type":"Person","@id":"https:\/\/group.voltalis.com\/en\/#\/schema\/person\/cd75df70a442080ba333ff81754527b8","name":"admin","image":{"@type":"ImageObject","inLanguage":"fr-FR","@id":"https:\/\/secure.gravatar.com\/avatar\/d33819406c6fd656ae073a4bf8663fc5da17ca34c0a8d21882949b205ec67922?s=96&d=mm&r=g","url":"https:\/\/secure.gravatar.com\/avatar\/d33819406c6fd656ae073a4bf8663fc5da17ca34c0a8d21882949b205ec67922?s=96&d=mm&r=g","contentUrl":"https:\/\/secure.gravatar.com\/avatar\/d33819406c6fd656ae073a4bf8663fc5da17ca34c0a8d21882949b205ec67922?s=96&d=mm&r=g","caption":"admin"},"sameAs":["https:\/\/group.voltalis.com"],"url":"https:\/\/group.voltalis.com\/fr\/author\/admin"}]}},"_links":{"self":[{"href":"https:\/\/group.voltalis.com\/fr\/wp-json\/wp\/v2\/posts\/8757","targetHints":{"allow":["GET"]}}],"collection":[{"href":"https:\/\/group.voltalis.com\/fr\/wp-json\/wp\/v2\/posts"}],"about":[{"href":"https:\/\/group.voltalis.com\/fr\/wp-json\/wp\/v2\/types\/post"}],"author":[{"embeddable":true,"href":"https:\/\/group.voltalis.com\/fr\/wp-json\/wp\/v2\/users\/1"}],"replies":[{"embeddable":true,"href":"https:\/\/group.voltalis.com\/fr\/wp-json\/wp\/v2\/comments?post=8757"}],"version-history":[{"count":1,"href":"https:\/\/group.voltalis.com\/fr\/wp-json\/wp\/v2\/posts\/8757\/revisions"}],"predecessor-version":[{"id":9270,"href":"https:\/\/group.voltalis.com\/fr\/wp-json\/wp\/v2\/posts\/8757\/revisions\/9270"}],"wp:featuredmedia":[{"embeddable":true,"href":"https:\/\/group.voltalis.com\/fr\/wp-json\/wp\/v2\/media\/8760"}],"wp:attachment":[{"href":"https:\/\/group.voltalis.com\/fr\/wp-json\/wp\/v2\/media?parent=8757"}],"wp:term":[{"taxonomy":"category","embeddable":true,"href":"https:\/\/group.voltalis.com\/fr\/wp-json\/wp\/v2\/categories?post=8757"},{"taxonomy":"post_tag","embeddable":true,"href":"https:\/\/group.voltalis.com\/fr\/wp-json\/wp\/v2\/tags?post=8757"}],"curies":[{"name":"wp","href":"https:\/\/api.w.org\/{rel}","templated":true}]}}