{"id":9858,"date":"2024-11-07T14:16:00","date_gmt":"2024-11-07T13:16:00","guid":{"rendered":"https:\/\/group.voltalis.com\/?p=9858"},"modified":"2025-09-04T15:36:21","modified_gmt":"2025-09-04T13:36:21","slug":"nouvelle-campagne-dinstallation-gratuite-du-thermostat-intelligent-voltalis-pour-les-foyers-et-professionnels-de-lagglomeration-de-herault-mediterranee","status":"publish","type":"post","link":"https:\/\/group.voltalis.com\/fr\/type-de-contenu\/communiques-de-presse\/nouvelle-campagne-dinstallation-gratuite-du-thermostat-intelligent-voltalis-pour-les-foyers-et-professionnels-de-lagglomeration-de-herault-mediterranee-9858","title":{"rendered":"Nouvelle campagne d&rsquo;installation gratuite du thermostat intelligent Voltalis pour les foyers et professionnels de l\u2019Agglom\u00e9ration de H\u00e9rault M\u00e9diterran\u00e9e"},"content":{"rendered":"\n<p><\/p>\n\n\n\n<p>Saint-Thib\u00e9ry, le 07 novembre 2024<strong> \u2013 Fort des r\u00e9sultats encourageants d\u2019une premi\u00e8re campagne d&rsquo;installation du thermostat intelligent de Voltalis, l\u2019agglom\u00e9ration H\u00e9rault M\u00e9diterran\u00e9e renouvelle son partenariat et renforce ainsi son engagement pour la transition \u00e9cologique. Les 24 000 foyers et professionnels du territoire, chauff\u00e9s \u00e0 l&rsquo;\u00e9lectrique, peuvent b\u00e9n\u00e9ficier gratuitement de l&rsquo;installation de ce thermostat connect\u00e9 pour r\u00e9aliser des \u00e9conomies d\u2019\u00e9nergie.<\/strong><\/p>\n\n\n\n<p><\/p>\n\n\n\n<p class=\"has-medium-font-size\"><strong>Un bilan positif en faveur de la transition \u00e9nerg\u00e9tique et du pouvoir d\u2019achat<br><\/strong><\/p>\n\n\n<div class=\"wp-block-image\">\n<figure class=\"alignright size-large is-resized\"><img loading=\"lazy\" decoding=\"async\" width=\"1024\" height=\"632\" src=\"https:\/\/group.voltalis.com\/wp-content\/uploads\/2024\/07\/Smartphone_Salon_RVB_petit-1-1024x632.jpg\" alt=\"\" class=\"wp-image-8059\" style=\"width:373px;height:auto\" srcset=\"https:\/\/group.voltalis.com\/wp-content\/uploads\/2024\/07\/Smartphone_Salon_RVB_petit-1-1024x632.jpg 1024w, https:\/\/group.voltalis.com\/wp-content\/uploads\/2024\/07\/Smartphone_Salon_RVB_petit-1-300x185.jpg 300w, https:\/\/group.voltalis.com\/wp-content\/uploads\/2024\/07\/Smartphone_Salon_RVB_petit-1-768x474.jpg 768w, https:\/\/group.voltalis.com\/wp-content\/uploads\/2024\/07\/Smartphone_Salon_RVB_petit-1-1536x949.jpg 1536w, https:\/\/group.voltalis.com\/wp-content\/uploads\/2024\/07\/Smartphone_Salon_RVB_petit-1-2048x1265.jpg 2048w\" sizes=\"auto, (max-width: 1024px) 100vw, 1024px\" \/><\/figure>\n<\/div>\n\n\n<p>Lors de la pr\u00e9c\u00e9dente campagne de d\u00e9ploiement au sein de l\u2019agglom\u00e9ration, Voltalis a \u00e9quip\u00e9 pr\u00e8s de 500 logements et locaux professionnels de son thermostat connect\u00e9 pr\u00e9sentant un double int\u00e9r\u00eat :<\/p>\n\n\n\n<ul class=\"wp-block-list\">\n<li>Permettre de r\u00e9aliser des <strong>\u00e9conomies d\u2019\u00e9nergie pouvant aller jusqu\u2019\u00e0 15 %,<\/strong><\/li>\n\n\n\n<li><strong>Faire baisser les \u00e9missions de CO\u2082 jusqu\u2019\u00e0 70%<\/strong> en \u00e9vitant la mise en route de centrales d\u2019appoint polluantes. En cas d\u00e9s\u00e9quilibre sur le r\u00e9seau \u00e9lectrique, Voltalis r\u00e9duit en effet bri\u00e8vement les consommations des radiateurs ou des pompes \u00e0 chaleur, sans impacter le confort des occupants. Cette action permet en outre d\u2019\u00e9viter les coupures ou les d\u00e9lestages.<\/li>\n<\/ul>\n\n\n\n<p>Ces installations ont d\u00e9j\u00e0 permis aux foyers et professionnels de l\u2019agglom\u00e9ration <strong>une \u00e9conomie totale estim\u00e9e \u00e0 179 MWh, et une baisse des \u00e9missions de CO<sub>2<\/sub> estim\u00e9e \u00e0 pr\u00e8s de 80 tonnes de CO<sub>2<\/sub><\/strong> (soit l\u2019\u00e9quivalent de 10,6 remplissages de piscine).<\/p>\n\n\n\n<p>Pour maintenir cette dynamique, Voltalis lance d\u00e8s d\u00e9but novembre, et tout au long de l&rsquo;hiver, une nouvelle campagne de d\u00e9ploiement dans les cinq communes de l\u2019agglom\u00e9ration H\u00e9rault M\u00e9diterran\u00e9e.<\/p>\n\n\n\n<hr class=\"wp-block-separator has-alpha-channel-opacity\"\/>\n\n\n\n<p>Sa particularit\u00e9 est d\u2019\u00eatre connect\u00e9 au r\u00e9seau \u00e9lectrique fran\u00e7ais, ce qui le rend enti\u00e8rement gratuit. Voltalis peut ainsi, \u00e0 la demande de RTE (le r\u00e9seau de transport d\u2019\u00e9lectricit\u00e9), moduler la consommation de tous les \u00e9quipements connect\u00e9s pour soulager le r\u00e9seau au moment des pics et ma\u00eetriser le risque de black-out. Et ceci sans impact sur le confort. Voltalis est r\u00e9mun\u00e9r\u00e9e par les op\u00e9rateurs du syst\u00e8me \u00e9lectrique pour ces services rendus.<\/p>\n\n\n\n<p class=\"has-medium-font-size\"><strong><br><br>Comment fonctionne le thermostat<br>connect\u00e9 Voltalis\u00a0?<\/strong><\/p>\n\n\n<div class=\"wp-block-image\">\n<figure class=\"alignright size-full is-resized\"><img loading=\"lazy\" decoding=\"async\" width=\"479\" height=\"474\" src=\"https:\/\/group.voltalis.com\/wp-content\/uploads\/2024\/04\/voltalis-rdv.jpg\" alt=\"\" class=\"wp-image-7708\" style=\"width:308px;height:auto\" srcset=\"https:\/\/group.voltalis.com\/wp-content\/uploads\/2024\/04\/voltalis-rdv.jpg 479w, https:\/\/group.voltalis.com\/wp-content\/uploads\/2024\/04\/voltalis-rdv-300x297.jpg 300w\" sizes=\"auto, (max-width: 479px) 100vw, 479px\" \/><\/figure>\n<\/div>\n\n\n<p>Depuis <strong>l\u2019application web et mobile MyVoltalis<\/strong>, les utilisateurs peuvent piloter intelligemment leur chauffage, en d\u00e9finissant une temp\u00e9rature souhait\u00e9e et en programmant le chauffage en fonction de leurs habitudes. Ils peuvent \u00e9galement suivre leur consommation d\u2019\u00e9lectricit\u00e9 et retrouver des conseils.<\/p>\n\n\n\n<p><strong>Les nouveaut\u00e9s&nbsp;:<\/strong> les utilisateurs peuvent activer l\u2019option \u00ab&nbsp;d\u00e9tection d\u2019absence&nbsp;\u00bb afin que leurs appareils de chauffage passent automatiquement en mode \u00ab&nbsp;\u00e9co&nbsp;\u00bb lorsqu\u2019ils s\u2019\u00e9loignent de leur domicile ou de leur local d\u2019une distance d\u00e9finie, et se r\u00e9activent lorsqu\u2019ils s\u2019en rapprochent \u00e0 nouveau.<\/p>\n\n\n\n<p><strong>Voltalis \u00e9tend son offre aux pompes \u00e0 chaleur !<\/strong> D\u00e9sormais, son dispositif intelligent permet d&rsquo;optimiser la consommation d&rsquo;\u00e9nergie des foyers et des entreprises \u00e9quip\u00e9s de pompes \u00e0 chaleur, pour une gestion plus efficace et encore plus d\u2019\u00e9conomies d\u2019\u00e9nergie.<\/p>\n\n\n\n<p class=\"has-medium-font-size\"><strong>Comment en b\u00e9n\u00e9ficier ?<\/strong><\/p>\n\n\n\n<p><strong>Les conseillers Voltalis partent en ce moment \u00e0 la rencontre des habitants et professionnels du territoire \u00e9ligibles, pour leur\u00a0 \u00a0pr\u00e9senter le thermostat connect\u00e9 et proposer un rendez-vous d\u2019installation par un technicien agr\u00e9\u00e9<\/strong>. Les int\u00e9ress\u00e9s peuvent d\u00e8s maintenant se renseigner et solliciter l\u2019installation en contactant Voltalis\u00a0:<\/p>\n\n\n\n<ul class=\"wp-block-list\">\n<li>Par t\u00e9l\u00e9phone\u00a0: <strong>04 56 60 87 47<\/strong><\/li>\n\n\n\n<li>Par mail : <strong>agglohm@voltalis.com<\/strong><\/li>\n<\/ul>\n\n\n\n<div style=\"height:18px\" aria-hidden=\"true\" class=\"wp-block-spacer\"><\/div>\n\n\n\n<p class=\"has-text-align-center\"><strong><u>Contacts presse<\/u><\/strong><strong>&nbsp;:<\/strong><\/p>\n\n\n\n<figure class=\"wp-block-table\"><table class=\"has-fixed-layout\"><tbody><tr><td class=\"has-text-align-center\" data-align=\"center\"><strong>L\u2019Agglom\u00e9ration H\u00e9rault M\u00e9diterran\u00e9e<\/strong><br>Audrey PEITAVY<br>a.peitavy@agglohm.net \u2013 <br>04 99 47 48 62<\/td><td class=\"has-text-align-center\" data-align=\"center\"><strong>Voltalis<\/strong><br>Anne-Laure DAULIER<br>Agence Shan 06 28 59 50 38 &#8211; voltalis@shan.fr<\/td><\/tr><\/tbody><\/table><\/figure>\n","protected":false},"excerpt":{"rendered":"<p>Saint-Thib\u00e9ry, le 07 novembre 2024 \u2013 Fort des r\u00e9sultats encourageants d\u2019une premi\u00e8re campagne d&rsquo;installation du thermostat intelligent de Voltalis, l\u2019agglom\u00e9ration H\u00e9rault M\u00e9diterran\u00e9e renouvelle son partenariat et renforce ainsi son engagement pour la transition \u00e9cologique. Les 24 000 foyers et professionnels du territoire, chauff\u00e9s \u00e0 l&rsquo;\u00e9lectrique, peuvent b\u00e9n\u00e9ficier gratuitement de l&rsquo;installation de ce thermostat connect\u00e9 pour [&hellip;]<\/p>\n","protected":false},"author":12,"featured_media":0,"comment_status":"closed","ping_status":"closed","sticky":false,"template":"","format":"standard","meta":{"_acf_changed":false,"inline_featured_image":false,"footnotes":""},"categories":[199,3],"tags":[],"class_list":["post-9858","post","type-post","status-publish","format-standard","hentry","category-collectivites","category-communiques-de-presse"],"acf":[],"yoast_head":"<!-- This site is optimized with the Yoast SEO plugin v27.5 - https:\/\/yoast.com\/product\/yoast-seo-wordpress\/ -->\n<title>Nouvelle campagne d&#039;installation gratuite du thermostat intelligent Voltalis pour les foyers et professionnels de l\u2019Agglom\u00e9ration de H\u00e9rault M\u00e9diterran\u00e9e - Groupe Voltalis<\/title>\n<meta name=\"robots\" content=\"index, follow, max-snippet:-1, max-image-preview:large, max-video-preview:-1\" \/>\n<link rel=\"canonical\" href=\"https:\/\/group.voltalis.com\/fr\/type-de-contenu\/communiques-de-presse\/nouvelle-campagne-dinstallation-gratuite-du-thermostat-intelligent-voltalis-pour-les-foyers-et-professionnels-de-lagglomeration-de-herault-mediterranee-9858\" \/>\n<meta property=\"og:locale\" content=\"fr_FR\" \/>\n<meta property=\"og:type\" content=\"article\" \/>\n<meta property=\"og:title\" content=\"Nouvelle campagne d&#039;installation gratuite du thermostat intelligent Voltalis pour les foyers et professionnels de l\u2019Agglom\u00e9ration de H\u00e9rault M\u00e9diterran\u00e9e - Groupe Voltalis\" \/>\n<meta property=\"og:description\" content=\"Saint-Thib\u00e9ry, le 07 novembre 2024 \u2013 Fort des r\u00e9sultats encourageants d\u2019une premi\u00e8re campagne d&rsquo;installation du thermostat intelligent de Voltalis, l\u2019agglom\u00e9ration H\u00e9rault M\u00e9diterran\u00e9e renouvelle son partenariat et renforce ainsi son engagement pour la transition \u00e9cologique. Les 24 000 foyers et professionnels du territoire, chauff\u00e9s \u00e0 l&rsquo;\u00e9lectrique, peuvent b\u00e9n\u00e9ficier gratuitement de l&rsquo;installation de ce thermostat connect\u00e9 pour [&hellip;]\" \/>\n<meta property=\"og:url\" content=\"https:\/\/group.voltalis.com\/fr\/type-de-contenu\/communiques-de-presse\/nouvelle-campagne-dinstallation-gratuite-du-thermostat-intelligent-voltalis-pour-les-foyers-et-professionnels-de-lagglomeration-de-herault-mediterranee-9858\" \/>\n<meta property=\"og:site_name\" content=\"Groupe Voltalis\" \/>\n<meta property=\"article:publisher\" content=\"https:\/\/www.facebook.com\/pages\/category\/Product-Service\/Voltalis-178720392179068\/\" \/>\n<meta property=\"article:published_time\" content=\"2024-11-07T13:16:00+00:00\" \/>\n<meta property=\"article:modified_time\" content=\"2025-09-04T13:36:21+00:00\" \/>\n<meta property=\"og:image\" content=\"https:\/\/group.voltalis.com\/wp-content\/uploads\/2024\/07\/Smartphone_Salon_RVB_petit-1.jpg\" \/>\n\t<meta property=\"og:image:width\" content=\"2495\" \/>\n\t<meta property=\"og:image:height\" content=\"1541\" \/>\n\t<meta property=\"og:image:type\" content=\"image\/jpeg\" \/>\n<meta name=\"author\" content=\"Alexane\" \/>\n<meta name=\"twitter:card\" content=\"summary_large_image\" \/>\n<meta name=\"twitter:label1\" content=\"\u00c9crit par\" \/>\n\t<meta name=\"twitter:data1\" content=\"Alexane\" \/>\n\t<meta name=\"twitter:label2\" content=\"Dur\u00e9e de lecture estim\u00e9e\" \/>\n\t<meta name=\"twitter:data2\" content=\"3 minutes\" \/>\n<script type=\"application\/ld+json\" class=\"yoast-schema-graph\">{\"@context\":\"https:\\\/\\\/schema.org\",\"@graph\":[{\"@type\":\"Article\",\"@id\":\"https:\\\/\\\/group.voltalis.com\\\/fr\\\/type-de-contenu\\\/communiques-de-presse\\\/nouvelle-campagne-dinstallation-gratuite-du-thermostat-intelligent-voltalis-pour-les-foyers-et-professionnels-de-lagglomeration-de-herault-mediterranee-9858#article\",\"isPartOf\":{\"@id\":\"https:\\\/\\\/group.voltalis.com\\\/fr\\\/type-de-contenu\\\/communiques-de-presse\\\/nouvelle-campagne-dinstallation-gratuite-du-thermostat-intelligent-voltalis-pour-les-foyers-et-professionnels-de-lagglomeration-de-herault-mediterranee-9858\"},\"author\":{\"name\":\"Alexane\",\"@id\":\"https:\\\/\\\/group.voltalis.com\\\/en\\\/#\\\/schema\\\/person\\\/4b1cbe0f01025c70fcdd38212cf95135\"},\"headline\":\"Nouvelle campagne d&rsquo;installation gratuite du thermostat intelligent Voltalis pour les foyers et professionnels de l\u2019Agglom\u00e9ration de H\u00e9rault M\u00e9diterran\u00e9e\",\"datePublished\":\"2024-11-07T13:16:00+00:00\",\"dateModified\":\"2025-09-04T13:36:21+00:00\",\"mainEntityOfPage\":{\"@id\":\"https:\\\/\\\/group.voltalis.com\\\/fr\\\/type-de-contenu\\\/communiques-de-presse\\\/nouvelle-campagne-dinstallation-gratuite-du-thermostat-intelligent-voltalis-pour-les-foyers-et-professionnels-de-lagglomeration-de-herault-mediterranee-9858\"},\"wordCount\":609,\"image\":{\"@id\":\"https:\\\/\\\/group.voltalis.com\\\/fr\\\/type-de-contenu\\\/communiques-de-presse\\\/nouvelle-campagne-dinstallation-gratuite-du-thermostat-intelligent-voltalis-pour-les-foyers-et-professionnels-de-lagglomeration-de-herault-mediterranee-9858#primaryimage\"},\"thumbnailUrl\":\"https:\\\/\\\/group.voltalis.com\\\/wp-content\\\/uploads\\\/2024\\\/07\\\/Smartphone_Salon_RVB_petit-1-1024x632.jpg\",\"articleSection\":[\"Collectivit\u00e9s\",\"Communiqu\u00e9s\"],\"inLanguage\":\"fr-FR\"},{\"@type\":\"WebPage\",\"@id\":\"https:\\\/\\\/group.voltalis.com\\\/fr\\\/type-de-contenu\\\/communiques-de-presse\\\/nouvelle-campagne-dinstallation-gratuite-du-thermostat-intelligent-voltalis-pour-les-foyers-et-professionnels-de-lagglomeration-de-herault-mediterranee-9858\",\"url\":\"https:\\\/\\\/group.voltalis.com\\\/fr\\\/type-de-contenu\\\/communiques-de-presse\\\/nouvelle-campagne-dinstallation-gratuite-du-thermostat-intelligent-voltalis-pour-les-foyers-et-professionnels-de-lagglomeration-de-herault-mediterranee-9858\",\"name\":\"Nouvelle campagne d'installation gratuite du thermostat intelligent Voltalis pour les foyers et professionnels de l\u2019Agglom\u00e9ration de H\u00e9rault M\u00e9diterran\u00e9e - Groupe Voltalis\",\"isPartOf\":{\"@id\":\"https:\\\/\\\/group.voltalis.com\\\/en\\\/#website\"},\"primaryImageOfPage\":{\"@id\":\"https:\\\/\\\/group.voltalis.com\\\/fr\\\/type-de-contenu\\\/communiques-de-presse\\\/nouvelle-campagne-dinstallation-gratuite-du-thermostat-intelligent-voltalis-pour-les-foyers-et-professionnels-de-lagglomeration-de-herault-mediterranee-9858#primaryimage\"},\"image\":{\"@id\":\"https:\\\/\\\/group.voltalis.com\\\/fr\\\/type-de-contenu\\\/communiques-de-presse\\\/nouvelle-campagne-dinstallation-gratuite-du-thermostat-intelligent-voltalis-pour-les-foyers-et-professionnels-de-lagglomeration-de-herault-mediterranee-9858#primaryimage\"},\"thumbnailUrl\":\"https:\\\/\\\/group.voltalis.com\\\/wp-content\\\/uploads\\\/2024\\\/07\\\/Smartphone_Salon_RVB_petit-1-1024x632.jpg\",\"datePublished\":\"2024-11-07T13:16:00+00:00\",\"dateModified\":\"2025-09-04T13:36:21+00:00\",\"author\":{\"@id\":\"https:\\\/\\\/group.voltalis.com\\\/en\\\/#\\\/schema\\\/person\\\/4b1cbe0f01025c70fcdd38212cf95135\"},\"breadcrumb\":{\"@id\":\"https:\\\/\\\/group.voltalis.com\\\/fr\\\/type-de-contenu\\\/communiques-de-presse\\\/nouvelle-campagne-dinstallation-gratuite-du-thermostat-intelligent-voltalis-pour-les-foyers-et-professionnels-de-lagglomeration-de-herault-mediterranee-9858#breadcrumb\"},\"inLanguage\":\"fr-FR\",\"potentialAction\":[{\"@type\":\"ReadAction\",\"target\":[\"https:\\\/\\\/group.voltalis.com\\\/fr\\\/type-de-contenu\\\/communiques-de-presse\\\/nouvelle-campagne-dinstallation-gratuite-du-thermostat-intelligent-voltalis-pour-les-foyers-et-professionnels-de-lagglomeration-de-herault-mediterranee-9858\"]}]},{\"@type\":\"ImageObject\",\"inLanguage\":\"fr-FR\",\"@id\":\"https:\\\/\\\/group.voltalis.com\\\/fr\\\/type-de-contenu\\\/communiques-de-presse\\\/nouvelle-campagne-dinstallation-gratuite-du-thermostat-intelligent-voltalis-pour-les-foyers-et-professionnels-de-lagglomeration-de-herault-mediterranee-9858#primaryimage\",\"url\":\"https:\\\/\\\/group.voltalis.com\\\/wp-content\\\/uploads\\\/2024\\\/07\\\/Smartphone_Salon_RVB_petit-1-1024x632.jpg\",\"contentUrl\":\"https:\\\/\\\/group.voltalis.com\\\/wp-content\\\/uploads\\\/2024\\\/07\\\/Smartphone_Salon_RVB_petit-1-1024x632.jpg\"},{\"@type\":\"BreadcrumbList\",\"@id\":\"https:\\\/\\\/group.voltalis.com\\\/fr\\\/type-de-contenu\\\/communiques-de-presse\\\/nouvelle-campagne-dinstallation-gratuite-du-thermostat-intelligent-voltalis-pour-les-foyers-et-professionnels-de-lagglomeration-de-herault-mediterranee-9858#breadcrumb\",\"itemListElement\":[{\"@type\":\"ListItem\",\"position\":1,\"name\":\"Home\",\"item\":\"https:\\\/\\\/group.voltalis.com\\\/fr\"},{\"@type\":\"ListItem\",\"position\":2,\"name\":\"Nouvelle campagne d&#8217;installation gratuite du thermostat intelligent Voltalis pour les foyers et professionnels de l\u2019Agglom\u00e9ration de H\u00e9rault M\u00e9diterran\u00e9e\"}]},{\"@type\":\"WebSite\",\"@id\":\"https:\\\/\\\/group.voltalis.com\\\/en\\\/#website\",\"url\":\"https:\\\/\\\/group.voltalis.com\\\/en\\\/\",\"name\":\"Groupe Voltalis\",\"description\":\"Bien plus que des \u00e9conomies d&#039;\u00e9nergie\",\"potentialAction\":[{\"@type\":\"SearchAction\",\"target\":{\"@type\":\"EntryPoint\",\"urlTemplate\":\"https:\\\/\\\/group.voltalis.com\\\/en\\\/?s={search_term_string}\"},\"query-input\":{\"@type\":\"PropertyValueSpecification\",\"valueRequired\":true,\"valueName\":\"search_term_string\"}}],\"inLanguage\":\"fr-FR\"},{\"@type\":\"Person\",\"@id\":\"https:\\\/\\\/group.voltalis.com\\\/en\\\/#\\\/schema\\\/person\\\/4b1cbe0f01025c70fcdd38212cf95135\",\"name\":\"Alexane\",\"image\":{\"@type\":\"ImageObject\",\"inLanguage\":\"fr-FR\",\"@id\":\"https:\\\/\\\/secure.gravatar.com\\\/avatar\\\/30dd78037058843d269c357b406aa01da51eb6ad19f53de9f0fef498b199071b?s=96&d=mm&r=g\",\"url\":\"https:\\\/\\\/secure.gravatar.com\\\/avatar\\\/30dd78037058843d269c357b406aa01da51eb6ad19f53de9f0fef498b199071b?s=96&d=mm&r=g\",\"contentUrl\":\"https:\\\/\\\/secure.gravatar.com\\\/avatar\\\/30dd78037058843d269c357b406aa01da51eb6ad19f53de9f0fef498b199071b?s=96&d=mm&r=g\",\"caption\":\"Alexane\"},\"url\":\"https:\\\/\\\/group.voltalis.com\\\/fr\\\/author\\\/alexane\"}]}<\/script>\n<!-- \/ Yoast SEO plugin. -->","yoast_head_json":{"title":"Nouvelle campagne d'installation gratuite du thermostat intelligent Voltalis pour les foyers et professionnels de l\u2019Agglom\u00e9ration de H\u00e9rault M\u00e9diterran\u00e9e - Groupe Voltalis","robots":{"index":"index","follow":"follow","max-snippet":"max-snippet:-1","max-image-preview":"max-image-preview:large","max-video-preview":"max-video-preview:-1"},"canonical":"https:\/\/group.voltalis.com\/fr\/type-de-contenu\/communiques-de-presse\/nouvelle-campagne-dinstallation-gratuite-du-thermostat-intelligent-voltalis-pour-les-foyers-et-professionnels-de-lagglomeration-de-herault-mediterranee-9858","og_locale":"fr_FR","og_type":"article","og_title":"Nouvelle campagne d'installation gratuite du thermostat intelligent Voltalis pour les foyers et professionnels de l\u2019Agglom\u00e9ration de H\u00e9rault M\u00e9diterran\u00e9e - Groupe Voltalis","og_description":"Saint-Thib\u00e9ry, le 07 novembre 2024 \u2013 Fort des r\u00e9sultats encourageants d\u2019une premi\u00e8re campagne d&rsquo;installation du thermostat intelligent de Voltalis, l\u2019agglom\u00e9ration H\u00e9rault M\u00e9diterran\u00e9e renouvelle son partenariat et renforce ainsi son engagement pour la transition \u00e9cologique. Les 24 000 foyers et professionnels du territoire, chauff\u00e9s \u00e0 l&rsquo;\u00e9lectrique, peuvent b\u00e9n\u00e9ficier gratuitement de l&rsquo;installation de ce thermostat connect\u00e9 pour [&hellip;]","og_url":"https:\/\/group.voltalis.com\/fr\/type-de-contenu\/communiques-de-presse\/nouvelle-campagne-dinstallation-gratuite-du-thermostat-intelligent-voltalis-pour-les-foyers-et-professionnels-de-lagglomeration-de-herault-mediterranee-9858","og_site_name":"Groupe Voltalis","article_publisher":"https:\/\/www.facebook.com\/pages\/category\/Product-Service\/Voltalis-178720392179068\/","article_published_time":"2024-11-07T13:16:00+00:00","article_modified_time":"2025-09-04T13:36:21+00:00","og_image":[{"width":2495,"height":1541,"url":"https:\/\/group.voltalis.com\/wp-content\/uploads\/2024\/07\/Smartphone_Salon_RVB_petit-1.jpg","type":"image\/jpeg"}],"author":"Alexane","twitter_card":"summary_large_image","twitter_misc":{"\u00c9crit par":"Alexane","Dur\u00e9e de lecture estim\u00e9e":"3 minutes"},"schema":{"@context":"https:\/\/schema.org","@graph":[{"@type":"Article","@id":"https:\/\/group.voltalis.com\/fr\/type-de-contenu\/communiques-de-presse\/nouvelle-campagne-dinstallation-gratuite-du-thermostat-intelligent-voltalis-pour-les-foyers-et-professionnels-de-lagglomeration-de-herault-mediterranee-9858#article","isPartOf":{"@id":"https:\/\/group.voltalis.com\/fr\/type-de-contenu\/communiques-de-presse\/nouvelle-campagne-dinstallation-gratuite-du-thermostat-intelligent-voltalis-pour-les-foyers-et-professionnels-de-lagglomeration-de-herault-mediterranee-9858"},"author":{"name":"Alexane","@id":"https:\/\/group.voltalis.com\/en\/#\/schema\/person\/4b1cbe0f01025c70fcdd38212cf95135"},"headline":"Nouvelle campagne d&rsquo;installation gratuite du thermostat intelligent Voltalis pour les foyers et professionnels de l\u2019Agglom\u00e9ration de H\u00e9rault M\u00e9diterran\u00e9e","datePublished":"2024-11-07T13:16:00+00:00","dateModified":"2025-09-04T13:36:21+00:00","mainEntityOfPage":{"@id":"https:\/\/group.voltalis.com\/fr\/type-de-contenu\/communiques-de-presse\/nouvelle-campagne-dinstallation-gratuite-du-thermostat-intelligent-voltalis-pour-les-foyers-et-professionnels-de-lagglomeration-de-herault-mediterranee-9858"},"wordCount":609,"image":{"@id":"https:\/\/group.voltalis.com\/fr\/type-de-contenu\/communiques-de-presse\/nouvelle-campagne-dinstallation-gratuite-du-thermostat-intelligent-voltalis-pour-les-foyers-et-professionnels-de-lagglomeration-de-herault-mediterranee-9858#primaryimage"},"thumbnailUrl":"https:\/\/group.voltalis.com\/wp-content\/uploads\/2024\/07\/Smartphone_Salon_RVB_petit-1-1024x632.jpg","articleSection":["Collectivit\u00e9s","Communiqu\u00e9s"],"inLanguage":"fr-FR"},{"@type":"WebPage","@id":"https:\/\/group.voltalis.com\/fr\/type-de-contenu\/communiques-de-presse\/nouvelle-campagne-dinstallation-gratuite-du-thermostat-intelligent-voltalis-pour-les-foyers-et-professionnels-de-lagglomeration-de-herault-mediterranee-9858","url":"https:\/\/group.voltalis.com\/fr\/type-de-contenu\/communiques-de-presse\/nouvelle-campagne-dinstallation-gratuite-du-thermostat-intelligent-voltalis-pour-les-foyers-et-professionnels-de-lagglomeration-de-herault-mediterranee-9858","name":"Nouvelle campagne d'installation gratuite du thermostat intelligent Voltalis pour les foyers et professionnels de l\u2019Agglom\u00e9ration de H\u00e9rault M\u00e9diterran\u00e9e - Groupe Voltalis","isPartOf":{"@id":"https:\/\/group.voltalis.com\/en\/#website"},"primaryImageOfPage":{"@id":"https:\/\/group.voltalis.com\/fr\/type-de-contenu\/communiques-de-presse\/nouvelle-campagne-dinstallation-gratuite-du-thermostat-intelligent-voltalis-pour-les-foyers-et-professionnels-de-lagglomeration-de-herault-mediterranee-9858#primaryimage"},"image":{"@id":"https:\/\/group.voltalis.com\/fr\/type-de-contenu\/communiques-de-presse\/nouvelle-campagne-dinstallation-gratuite-du-thermostat-intelligent-voltalis-pour-les-foyers-et-professionnels-de-lagglomeration-de-herault-mediterranee-9858#primaryimage"},"thumbnailUrl":"https:\/\/group.voltalis.com\/wp-content\/uploads\/2024\/07\/Smartphone_Salon_RVB_petit-1-1024x632.jpg","datePublished":"2024-11-07T13:16:00+00:00","dateModified":"2025-09-04T13:36:21+00:00","author":{"@id":"https:\/\/group.voltalis.com\/en\/#\/schema\/person\/4b1cbe0f01025c70fcdd38212cf95135"},"breadcrumb":{"@id":"https:\/\/group.voltalis.com\/fr\/type-de-contenu\/communiques-de-presse\/nouvelle-campagne-dinstallation-gratuite-du-thermostat-intelligent-voltalis-pour-les-foyers-et-professionnels-de-lagglomeration-de-herault-mediterranee-9858#breadcrumb"},"inLanguage":"fr-FR","potentialAction":[{"@type":"ReadAction","target":["https:\/\/group.voltalis.com\/fr\/type-de-contenu\/communiques-de-presse\/nouvelle-campagne-dinstallation-gratuite-du-thermostat-intelligent-voltalis-pour-les-foyers-et-professionnels-de-lagglomeration-de-herault-mediterranee-9858"]}]},{"@type":"ImageObject","inLanguage":"fr-FR","@id":"https:\/\/group.voltalis.com\/fr\/type-de-contenu\/communiques-de-presse\/nouvelle-campagne-dinstallation-gratuite-du-thermostat-intelligent-voltalis-pour-les-foyers-et-professionnels-de-lagglomeration-de-herault-mediterranee-9858#primaryimage","url":"https:\/\/group.voltalis.com\/wp-content\/uploads\/2024\/07\/Smartphone_Salon_RVB_petit-1-1024x632.jpg","contentUrl":"https:\/\/group.voltalis.com\/wp-content\/uploads\/2024\/07\/Smartphone_Salon_RVB_petit-1-1024x632.jpg"},{"@type":"BreadcrumbList","@id":"https:\/\/group.voltalis.com\/fr\/type-de-contenu\/communiques-de-presse\/nouvelle-campagne-dinstallation-gratuite-du-thermostat-intelligent-voltalis-pour-les-foyers-et-professionnels-de-lagglomeration-de-herault-mediterranee-9858#breadcrumb","itemListElement":[{"@type":"ListItem","position":1,"name":"Home","item":"https:\/\/group.voltalis.com\/fr"},{"@type":"ListItem","position":2,"name":"Nouvelle campagne d&#8217;installation gratuite du thermostat intelligent Voltalis pour les foyers et professionnels de l\u2019Agglom\u00e9ration de H\u00e9rault M\u00e9diterran\u00e9e"}]},{"@type":"WebSite","@id":"https:\/\/group.voltalis.com\/en\/#website","url":"https:\/\/group.voltalis.com\/en\/","name":"Groupe Voltalis","description":"Bien plus que des \u00e9conomies d&#039;\u00e9nergie","potentialAction":[{"@type":"SearchAction","target":{"@type":"EntryPoint","urlTemplate":"https:\/\/group.voltalis.com\/en\/?s={search_term_string}"},"query-input":{"@type":"PropertyValueSpecification","valueRequired":true,"valueName":"search_term_string"}}],"inLanguage":"fr-FR"},{"@type":"Person","@id":"https:\/\/group.voltalis.com\/en\/#\/schema\/person\/4b1cbe0f01025c70fcdd38212cf95135","name":"Alexane","image":{"@type":"ImageObject","inLanguage":"fr-FR","@id":"https:\/\/secure.gravatar.com\/avatar\/30dd78037058843d269c357b406aa01da51eb6ad19f53de9f0fef498b199071b?s=96&d=mm&r=g","url":"https:\/\/secure.gravatar.com\/avatar\/30dd78037058843d269c357b406aa01da51eb6ad19f53de9f0fef498b199071b?s=96&d=mm&r=g","contentUrl":"https:\/\/secure.gravatar.com\/avatar\/30dd78037058843d269c357b406aa01da51eb6ad19f53de9f0fef498b199071b?s=96&d=mm&r=g","caption":"Alexane"},"url":"https:\/\/group.voltalis.com\/fr\/author\/alexane"}]}},"_links":{"self":[{"href":"https:\/\/group.voltalis.com\/fr\/wp-json\/wp\/v2\/posts\/9858","targetHints":{"allow":["GET"]}}],"collection":[{"href":"https:\/\/group.voltalis.com\/fr\/wp-json\/wp\/v2\/posts"}],"about":[{"href":"https:\/\/group.voltalis.com\/fr\/wp-json\/wp\/v2\/types\/post"}],"author":[{"embeddable":true,"href":"https:\/\/group.voltalis.com\/fr\/wp-json\/wp\/v2\/users\/12"}],"replies":[{"embeddable":true,"href":"https:\/\/group.voltalis.com\/fr\/wp-json\/wp\/v2\/comments?post=9858"}],"version-history":[{"count":1,"href":"https:\/\/group.voltalis.com\/fr\/wp-json\/wp\/v2\/posts\/9858\/revisions"}],"predecessor-version":[{"id":9859,"href":"https:\/\/group.voltalis.com\/fr\/wp-json\/wp\/v2\/posts\/9858\/revisions\/9859"}],"wp:attachment":[{"href":"https:\/\/group.voltalis.com\/fr\/wp-json\/wp\/v2\/media?parent=9858"}],"wp:term":[{"taxonomy":"category","embeddable":true,"href":"https:\/\/group.voltalis.com\/fr\/wp-json\/wp\/v2\/categories?post=9858"},{"taxonomy":"post_tag","embeddable":true,"href":"https:\/\/group.voltalis.com\/fr\/wp-json\/wp\/v2\/tags?post=9858"}],"curies":[{"name":"wp","href":"https:\/\/api.w.org\/{rel}","templated":true}]}}