{"id":9869,"date":"2024-11-12T09:32:00","date_gmt":"2024-11-12T08:32:00","guid":{"rendered":"https:\/\/group.voltalis.com\/?p=9869"},"modified":"2025-09-04T15:14:47","modified_gmt":"2025-09-04T13:14:47","slug":"sobriete-energetique-alpes-isere-habitat-equipe-gratuitement-4-000-logements-du-thermostat-connecte-voltalisfont-_mstmutation1-font","status":"publish","type":"post","link":"https:\/\/group.voltalis.com\/fr\/type-de-contenu\/communiques-de-presse\/sobriete-energetique-alpes-isere-habitat-equipe-gratuitement-4-000-logements-du-thermostat-connecte-voltalisfont-_mstmutation1-font-9869","title":{"rendered":"Sobri\u00e9t\u00e9 \u00e9nerg\u00e9tique\u00a0: Alpes Is\u00e8re Habitat \u00e9quipe gratuitement 4 000 logements du thermostat connect\u00e9 Voltalis<font _mstmutation=\"1\"><\/font>"},"content":{"rendered":"\n<p><\/p>\n\n\n\n<p><strong>Grenoble, le 12 novembre 2024<\/strong><font _mstmutation=\"1\" _msttexthash=\"245596702\" _msthash=\"540\">. Alpes Is\u00e8re Habitat s\u2019associe \u00e0 Voltalis pour proposer \u00e0 ses 5 000 locataires chauff\u00e9s \u00e0 l\u2019\u00e9lectrique de s\u2019\u00e9quiper gratuitement d\u2019un thermostat connect\u00e9 permettant de r\u00e9aliser jusqu\u2019\u00e0 15 % d\u2019\u00e9conomies d\u2019\u00e9nergie. Engag\u00e9 dans la d\u00e9carbonation de son parc social, Alpes Is\u00e8re Habitat offre une solution concr\u00e8te aux locataires log\u00e9s dans son patrimoine pour piloter simplement et efficacement leurs radiateurs et ainsi ma\u00eetriser leurs consommations d\u2019\u00e9nergie<\/font>.<\/p>\n\n\n\n<p class=\"has-medium-font-size\"><strong>Un thermostat gratuit en faveur de l\u2019environnement et du pouvoir d\u2019achat<\/strong><font _mstmutation=\"1\"><\/font><\/p>\n\n\n<div class=\"wp-block-image\">\n<figure class=\"alignright size-large is-resized\"><img loading=\"lazy\" decoding=\"async\" width=\"1024\" height=\"632\" src=\"https:\/\/group.voltalis.com\/wp-content\/uploads\/2024\/07\/Smartphone_Salon_RVB_petit-1-1024x632.jpg\" alt=\"\" class=\"wp-image-8059\" style=\"width:373px;height:auto\" srcset=\"https:\/\/group.voltalis.com\/wp-content\/uploads\/2024\/07\/Smartphone_Salon_RVB_petit-1-1024x632.jpg 1024w, https:\/\/group.voltalis.com\/wp-content\/uploads\/2024\/07\/Smartphone_Salon_RVB_petit-1-300x185.jpg 300w, https:\/\/group.voltalis.com\/wp-content\/uploads\/2024\/07\/Smartphone_Salon_RVB_petit-1-768x474.jpg 768w, https:\/\/group.voltalis.com\/wp-content\/uploads\/2024\/07\/Smartphone_Salon_RVB_petit-1-1536x949.jpg 1536w, https:\/\/group.voltalis.com\/wp-content\/uploads\/2024\/07\/Smartphone_Salon_RVB_petit-1-2048x1265.jpg 2048w\" sizes=\"auto, (max-width: 1024px) 100vw, 1024px\" \/><\/figure>\n<\/div>\n\n\n<p>Les locataires qui choisissent de s\u2019\u00e9quiper du thermostat <a>pourront avoir acc\u00e8s \u00e0 une gestion simple de leurs radiateurs et r\u00e9aliser d&rsquo;importantes \u00e9conomies d&rsquo;\u00e9nergie. Associ\u00e9 \u00e0 l\u2019application <strong>MyVoltalis<\/strong>, il permet de programmer ses radiateurs en fonction de ses habitudes et de piloter la temp\u00e9rature pi\u00e8ce par pi\u00e8ce.<\/a> Sa particularit\u00e9 est d\u2019\u00eatre connect\u00e9 au r\u00e9seau \u00e9lectrique fran\u00e7ais, ce qui le rend enti\u00e8rement gratuit. Voltalis peut ainsi, \u00e0 la demande de RTE (le r\u00e9seau de transport d\u2019\u00e9lectricit\u00e9), moduler la consommation de tous les \u00e9quipements connect\u00e9s pour soulager le r\u00e9seau au moment des pics et ma\u00eetriser le risque de black-out. <a>Et ceci sans impact sur le confort<\/a>. Voltalis est r\u00e9mun\u00e9r\u00e9 par les op\u00e9rateurs du syst\u00e8me \u00e9lectrique pour ses services rendus.<\/p>\n\n\n\n<p><font _mstmutation=\"1\"><\/font><\/p>\n\n\n\n<p class=\"has-medium-font-size\"><strong><font _mstmutation=\"1\" _msttexthash=\"6097\" _msthash=\"760\"><strong>Comment s\u2019\u00e9quiper&nbsp;?<\/strong><\/font><\/strong><font _mstmutation=\"1\"><\/font><\/p>\n\n\n<div class=\"wp-block-image\">\n<figure class=\"alignright size-full is-resized\"><img loading=\"lazy\" decoding=\"async\" width=\"479\" height=\"474\" src=\"https:\/\/group.voltalis.com\/wp-content\/uploads\/2024\/04\/voltalis-rdv.jpg\" alt=\"\" class=\"wp-image-7708\" style=\"width:308px;height:auto\" srcset=\"https:\/\/group.voltalis.com\/wp-content\/uploads\/2024\/04\/voltalis-rdv.jpg 479w, https:\/\/group.voltalis.com\/wp-content\/uploads\/2024\/04\/voltalis-rdv-300x297.jpg 300w\" sizes=\"auto, (max-width: 479px) 100vw, 479px\" \/><\/figure>\n<\/div>\n\n\n<p>Les conseillers terrain de Voltalis vont se pr\u00e9senter aux locataires et leur proposer un rendez-vous d\u2019installation du thermostat<\/p>\n\n\n\n<p>Il est \u00e9galement possible de prendre rendez-vous aupr\u00e8s de Voltalis directement&nbsp;:<\/p>\n\n\n\n<p><strong>aih@voltalis.com<\/strong><font _mstmutation=\"1\"><\/font><\/p>\n\n\n\n<p><strong>04 56 60 87 47<\/strong><\/p>\n\n\n\n<div style=\"height:18px\" aria-hidden=\"true\" class=\"wp-block-spacer\"><\/div>\n\n\n\n<p class=\"has-text-align-center\"><strong><u>Contacts presse<\/u><\/strong><strong>&nbsp;:<\/strong><\/p>\n\n\n\n<figure class=\"wp-block-table\"><table class=\"has-fixed-layout\"><tbody><tr><td class=\"has-text-align-center\" data-align=\"center\"><br><br><strong>Alpes Is\u00e8re Habitat<\/strong><br>Sophie GUIBOT<br>LETESTU \u2013 Responsable de service communication &#8211; 06 75 65 04 44<br>Sophie.guibot-letestu@alpeshabitat.fr<\/td><td class=\"has-text-align-center\" data-align=\"center\"><strong>Voltalis<\/strong><br>Anne-Laure DAULIER<br>Agence Shan 06 28 59 50 38 &#8211; voltalis@shan.fr<\/td><\/tr><\/tbody><\/table><\/figure>\n\n\n\n<p><\/p>\n","protected":false},"excerpt":{"rendered":"<p>Grenoble, le 12 novembre 2024. Alpes Is\u00e8re Habitat s\u2019associe \u00e0 Voltalis pour proposer \u00e0 ses 5 000 locataires chauff\u00e9s \u00e0 l\u2019\u00e9lectrique de s\u2019\u00e9quiper gratuitement d\u2019un thermostat connect\u00e9 permettant de r\u00e9aliser jusqu\u2019\u00e0 15 % d\u2019\u00e9conomies d\u2019\u00e9nergie. Engag\u00e9 dans la d\u00e9carbonation de son parc social, Alpes Is\u00e8re Habitat offre une solution concr\u00e8te aux locataires log\u00e9s dans son [&hellip;]<\/p>\n","protected":false},"author":12,"featured_media":0,"comment_status":"closed","ping_status":"closed","sticky":false,"template":"","format":"standard","meta":{"_acf_changed":false,"inline_featured_image":false,"footnotes":""},"categories":[202,3],"tags":[],"class_list":["post-9869","post","type-post","status-publish","format-standard","hentry","category-bailleurs","category-communiques-de-presse"],"acf":[],"yoast_head":"<!-- This site is optimized with the Yoast SEO plugin v27.5 - https:\/\/yoast.com\/product\/yoast-seo-wordpress\/ -->\n<title>Sobri\u00e9t\u00e9 \u00e9nerg\u00e9tique\u00a0: Alpes Is\u00e8re Habitat \u00e9quipe gratuitement 4 000 logements du thermostat connect\u00e9 Voltalis - Groupe Voltalis<\/title>\n<meta name=\"robots\" content=\"index, follow, max-snippet:-1, max-image-preview:large, max-video-preview:-1\" \/>\n<link rel=\"canonical\" href=\"https:\/\/group.voltalis.com\/fr\/type-de-contenu\/communiques-de-presse\/sobriete-energetique-alpes-isere-habitat-equipe-gratuitement-4-000-logements-du-thermostat-connecte-voltalisfont-_mstmutation1-font-9869\" \/>\n<meta property=\"og:locale\" content=\"fr_FR\" \/>\n<meta property=\"og:type\" content=\"article\" \/>\n<meta property=\"og:title\" content=\"Sobri\u00e9t\u00e9 \u00e9nerg\u00e9tique\u00a0: Alpes Is\u00e8re Habitat \u00e9quipe gratuitement 4 000 logements du thermostat connect\u00e9 Voltalis - Groupe Voltalis\" \/>\n<meta property=\"og:description\" content=\"Grenoble, le 12 novembre 2024. Alpes Is\u00e8re Habitat s\u2019associe \u00e0 Voltalis pour proposer \u00e0 ses 5 000 locataires chauff\u00e9s \u00e0 l\u2019\u00e9lectrique de s\u2019\u00e9quiper gratuitement d\u2019un thermostat connect\u00e9 permettant de r\u00e9aliser jusqu\u2019\u00e0 15 % d\u2019\u00e9conomies d\u2019\u00e9nergie. Engag\u00e9 dans la d\u00e9carbonation de son parc social, Alpes Is\u00e8re Habitat offre une solution concr\u00e8te aux locataires log\u00e9s dans son [&hellip;]\" \/>\n<meta property=\"og:url\" content=\"https:\/\/group.voltalis.com\/fr\/type-de-contenu\/communiques-de-presse\/sobriete-energetique-alpes-isere-habitat-equipe-gratuitement-4-000-logements-du-thermostat-connecte-voltalisfont-_mstmutation1-font-9869\" \/>\n<meta property=\"og:site_name\" content=\"Groupe Voltalis\" \/>\n<meta property=\"article:publisher\" content=\"https:\/\/www.facebook.com\/pages\/category\/Product-Service\/Voltalis-178720392179068\/\" \/>\n<meta property=\"article:published_time\" content=\"2024-11-12T08:32:00+00:00\" \/>\n<meta property=\"article:modified_time\" content=\"2025-09-04T13:14:47+00:00\" \/>\n<meta property=\"og:image\" content=\"https:\/\/group.voltalis.com\/wp-content\/uploads\/2024\/07\/Smartphone_Salon_RVB_petit-1.jpg\" \/>\n\t<meta property=\"og:image:width\" content=\"2495\" \/>\n\t<meta property=\"og:image:height\" content=\"1541\" \/>\n\t<meta property=\"og:image:type\" content=\"image\/jpeg\" \/>\n<meta name=\"author\" content=\"Alexane\" \/>\n<meta name=\"twitter:card\" content=\"summary_large_image\" \/>\n<meta name=\"twitter:label1\" content=\"\u00c9crit par\" \/>\n\t<meta name=\"twitter:data1\" content=\"Alexane\" \/>\n\t<meta name=\"twitter:label2\" content=\"Dur\u00e9e de lecture estim\u00e9e\" \/>\n\t<meta name=\"twitter:data2\" content=\"2 minutes\" \/>\n<script type=\"application\/ld+json\" class=\"yoast-schema-graph\">{\"@context\":\"https:\\\/\\\/schema.org\",\"@graph\":[{\"@type\":\"Article\",\"@id\":\"https:\\\/\\\/group.voltalis.com\\\/fr\\\/type-de-contenu\\\/communiques-de-presse\\\/sobriete-energetique-alpes-isere-habitat-equipe-gratuitement-4-000-logements-du-thermostat-connecte-voltalisfont-_mstmutation1-font-9869#article\",\"isPartOf\":{\"@id\":\"https:\\\/\\\/group.voltalis.com\\\/fr\\\/type-de-contenu\\\/communiques-de-presse\\\/sobriete-energetique-alpes-isere-habitat-equipe-gratuitement-4-000-logements-du-thermostat-connecte-voltalisfont-_mstmutation1-font-9869\"},\"author\":{\"name\":\"Alexane\",\"@id\":\"https:\\\/\\\/group.voltalis.com\\\/en\\\/#\\\/schema\\\/person\\\/4b1cbe0f01025c70fcdd38212cf95135\"},\"headline\":\"Sobri\u00e9t\u00e9 \u00e9nerg\u00e9tique\u00a0: Alpes Is\u00e8re Habitat \u00e9quipe gratuitement 4 000 logements du thermostat connect\u00e9 Voltalis\",\"datePublished\":\"2024-11-12T08:32:00+00:00\",\"dateModified\":\"2025-09-04T13:14:47+00:00\",\"mainEntityOfPage\":{\"@id\":\"https:\\\/\\\/group.voltalis.com\\\/fr\\\/type-de-contenu\\\/communiques-de-presse\\\/sobriete-energetique-alpes-isere-habitat-equipe-gratuitement-4-000-logements-du-thermostat-connecte-voltalisfont-_mstmutation1-font-9869\"},\"wordCount\":303,\"image\":{\"@id\":\"https:\\\/\\\/group.voltalis.com\\\/fr\\\/type-de-contenu\\\/communiques-de-presse\\\/sobriete-energetique-alpes-isere-habitat-equipe-gratuitement-4-000-logements-du-thermostat-connecte-voltalisfont-_mstmutation1-font-9869#primaryimage\"},\"thumbnailUrl\":\"https:\\\/\\\/group.voltalis.com\\\/wp-content\\\/uploads\\\/2024\\\/07\\\/Smartphone_Salon_RVB_petit-1-1024x632.jpg\",\"articleSection\":[\"Bailleurs\",\"Communiqu\u00e9s\"],\"inLanguage\":\"fr-FR\"},{\"@type\":\"WebPage\",\"@id\":\"https:\\\/\\\/group.voltalis.com\\\/fr\\\/type-de-contenu\\\/communiques-de-presse\\\/sobriete-energetique-alpes-isere-habitat-equipe-gratuitement-4-000-logements-du-thermostat-connecte-voltalisfont-_mstmutation1-font-9869\",\"url\":\"https:\\\/\\\/group.voltalis.com\\\/fr\\\/type-de-contenu\\\/communiques-de-presse\\\/sobriete-energetique-alpes-isere-habitat-equipe-gratuitement-4-000-logements-du-thermostat-connecte-voltalisfont-_mstmutation1-font-9869\",\"name\":\"Sobri\u00e9t\u00e9 \u00e9nerg\u00e9tique\u00a0: Alpes Is\u00e8re Habitat \u00e9quipe gratuitement 4 000 logements du thermostat connect\u00e9 Voltalis - Groupe Voltalis\",\"isPartOf\":{\"@id\":\"https:\\\/\\\/group.voltalis.com\\\/en\\\/#website\"},\"primaryImageOfPage\":{\"@id\":\"https:\\\/\\\/group.voltalis.com\\\/fr\\\/type-de-contenu\\\/communiques-de-presse\\\/sobriete-energetique-alpes-isere-habitat-equipe-gratuitement-4-000-logements-du-thermostat-connecte-voltalisfont-_mstmutation1-font-9869#primaryimage\"},\"image\":{\"@id\":\"https:\\\/\\\/group.voltalis.com\\\/fr\\\/type-de-contenu\\\/communiques-de-presse\\\/sobriete-energetique-alpes-isere-habitat-equipe-gratuitement-4-000-logements-du-thermostat-connecte-voltalisfont-_mstmutation1-font-9869#primaryimage\"},\"thumbnailUrl\":\"https:\\\/\\\/group.voltalis.com\\\/wp-content\\\/uploads\\\/2024\\\/07\\\/Smartphone_Salon_RVB_petit-1-1024x632.jpg\",\"datePublished\":\"2024-11-12T08:32:00+00:00\",\"dateModified\":\"2025-09-04T13:14:47+00:00\",\"author\":{\"@id\":\"https:\\\/\\\/group.voltalis.com\\\/en\\\/#\\\/schema\\\/person\\\/4b1cbe0f01025c70fcdd38212cf95135\"},\"breadcrumb\":{\"@id\":\"https:\\\/\\\/group.voltalis.com\\\/fr\\\/type-de-contenu\\\/communiques-de-presse\\\/sobriete-energetique-alpes-isere-habitat-equipe-gratuitement-4-000-logements-du-thermostat-connecte-voltalisfont-_mstmutation1-font-9869#breadcrumb\"},\"inLanguage\":\"fr-FR\",\"potentialAction\":[{\"@type\":\"ReadAction\",\"target\":[\"https:\\\/\\\/group.voltalis.com\\\/fr\\\/type-de-contenu\\\/communiques-de-presse\\\/sobriete-energetique-alpes-isere-habitat-equipe-gratuitement-4-000-logements-du-thermostat-connecte-voltalisfont-_mstmutation1-font-9869\"]}]},{\"@type\":\"ImageObject\",\"inLanguage\":\"fr-FR\",\"@id\":\"https:\\\/\\\/group.voltalis.com\\\/fr\\\/type-de-contenu\\\/communiques-de-presse\\\/sobriete-energetique-alpes-isere-habitat-equipe-gratuitement-4-000-logements-du-thermostat-connecte-voltalisfont-_mstmutation1-font-9869#primaryimage\",\"url\":\"https:\\\/\\\/group.voltalis.com\\\/wp-content\\\/uploads\\\/2024\\\/07\\\/Smartphone_Salon_RVB_petit-1-1024x632.jpg\",\"contentUrl\":\"https:\\\/\\\/group.voltalis.com\\\/wp-content\\\/uploads\\\/2024\\\/07\\\/Smartphone_Salon_RVB_petit-1-1024x632.jpg\"},{\"@type\":\"BreadcrumbList\",\"@id\":\"https:\\\/\\\/group.voltalis.com\\\/fr\\\/type-de-contenu\\\/communiques-de-presse\\\/sobriete-energetique-alpes-isere-habitat-equipe-gratuitement-4-000-logements-du-thermostat-connecte-voltalisfont-_mstmutation1-font-9869#breadcrumb\",\"itemListElement\":[{\"@type\":\"ListItem\",\"position\":1,\"name\":\"Home\",\"item\":\"https:\\\/\\\/group.voltalis.com\\\/fr\"},{\"@type\":\"ListItem\",\"position\":2,\"name\":\"Sobri\u00e9t\u00e9 \u00e9nerg\u00e9tique\u00a0: Alpes Is\u00e8re Habitat \u00e9quipe gratuitement 4 000 logements du thermostat connect\u00e9 Voltalis\"}]},{\"@type\":\"WebSite\",\"@id\":\"https:\\\/\\\/group.voltalis.com\\\/en\\\/#website\",\"url\":\"https:\\\/\\\/group.voltalis.com\\\/en\\\/\",\"name\":\"Groupe Voltalis\",\"description\":\"Bien plus que des \u00e9conomies d&#039;\u00e9nergie\",\"potentialAction\":[{\"@type\":\"SearchAction\",\"target\":{\"@type\":\"EntryPoint\",\"urlTemplate\":\"https:\\\/\\\/group.voltalis.com\\\/en\\\/?s={search_term_string}\"},\"query-input\":{\"@type\":\"PropertyValueSpecification\",\"valueRequired\":true,\"valueName\":\"search_term_string\"}}],\"inLanguage\":\"fr-FR\"},{\"@type\":\"Person\",\"@id\":\"https:\\\/\\\/group.voltalis.com\\\/en\\\/#\\\/schema\\\/person\\\/4b1cbe0f01025c70fcdd38212cf95135\",\"name\":\"Alexane\",\"image\":{\"@type\":\"ImageObject\",\"inLanguage\":\"fr-FR\",\"@id\":\"https:\\\/\\\/secure.gravatar.com\\\/avatar\\\/30dd78037058843d269c357b406aa01da51eb6ad19f53de9f0fef498b199071b?s=96&d=mm&r=g\",\"url\":\"https:\\\/\\\/secure.gravatar.com\\\/avatar\\\/30dd78037058843d269c357b406aa01da51eb6ad19f53de9f0fef498b199071b?s=96&d=mm&r=g\",\"contentUrl\":\"https:\\\/\\\/secure.gravatar.com\\\/avatar\\\/30dd78037058843d269c357b406aa01da51eb6ad19f53de9f0fef498b199071b?s=96&d=mm&r=g\",\"caption\":\"Alexane\"},\"url\":\"https:\\\/\\\/group.voltalis.com\\\/fr\\\/author\\\/alexane\"}]}<\/script>\n<!-- \/ Yoast SEO plugin. -->","yoast_head_json":{"title":"Sobri\u00e9t\u00e9 \u00e9nerg\u00e9tique\u00a0: Alpes Is\u00e8re Habitat \u00e9quipe gratuitement 4 000 logements du thermostat connect\u00e9 Voltalis - Groupe Voltalis","robots":{"index":"index","follow":"follow","max-snippet":"max-snippet:-1","max-image-preview":"max-image-preview:large","max-video-preview":"max-video-preview:-1"},"canonical":"https:\/\/group.voltalis.com\/fr\/type-de-contenu\/communiques-de-presse\/sobriete-energetique-alpes-isere-habitat-equipe-gratuitement-4-000-logements-du-thermostat-connecte-voltalisfont-_mstmutation1-font-9869","og_locale":"fr_FR","og_type":"article","og_title":"Sobri\u00e9t\u00e9 \u00e9nerg\u00e9tique\u00a0: Alpes Is\u00e8re Habitat \u00e9quipe gratuitement 4 000 logements du thermostat connect\u00e9 Voltalis - Groupe Voltalis","og_description":"Grenoble, le 12 novembre 2024. Alpes Is\u00e8re Habitat s\u2019associe \u00e0 Voltalis pour proposer \u00e0 ses 5 000 locataires chauff\u00e9s \u00e0 l\u2019\u00e9lectrique de s\u2019\u00e9quiper gratuitement d\u2019un thermostat connect\u00e9 permettant de r\u00e9aliser jusqu\u2019\u00e0 15 % d\u2019\u00e9conomies d\u2019\u00e9nergie. Engag\u00e9 dans la d\u00e9carbonation de son parc social, Alpes Is\u00e8re Habitat offre une solution concr\u00e8te aux locataires log\u00e9s dans son [&hellip;]","og_url":"https:\/\/group.voltalis.com\/fr\/type-de-contenu\/communiques-de-presse\/sobriete-energetique-alpes-isere-habitat-equipe-gratuitement-4-000-logements-du-thermostat-connecte-voltalisfont-_mstmutation1-font-9869","og_site_name":"Groupe Voltalis","article_publisher":"https:\/\/www.facebook.com\/pages\/category\/Product-Service\/Voltalis-178720392179068\/","article_published_time":"2024-11-12T08:32:00+00:00","article_modified_time":"2025-09-04T13:14:47+00:00","og_image":[{"width":2495,"height":1541,"url":"https:\/\/group.voltalis.com\/wp-content\/uploads\/2024\/07\/Smartphone_Salon_RVB_petit-1.jpg","type":"image\/jpeg"}],"author":"Alexane","twitter_card":"summary_large_image","twitter_misc":{"\u00c9crit par":"Alexane","Dur\u00e9e de lecture estim\u00e9e":"2 minutes"},"schema":{"@context":"https:\/\/schema.org","@graph":[{"@type":"Article","@id":"https:\/\/group.voltalis.com\/fr\/type-de-contenu\/communiques-de-presse\/sobriete-energetique-alpes-isere-habitat-equipe-gratuitement-4-000-logements-du-thermostat-connecte-voltalisfont-_mstmutation1-font-9869#article","isPartOf":{"@id":"https:\/\/group.voltalis.com\/fr\/type-de-contenu\/communiques-de-presse\/sobriete-energetique-alpes-isere-habitat-equipe-gratuitement-4-000-logements-du-thermostat-connecte-voltalisfont-_mstmutation1-font-9869"},"author":{"name":"Alexane","@id":"https:\/\/group.voltalis.com\/en\/#\/schema\/person\/4b1cbe0f01025c70fcdd38212cf95135"},"headline":"Sobri\u00e9t\u00e9 \u00e9nerg\u00e9tique\u00a0: Alpes Is\u00e8re Habitat \u00e9quipe gratuitement 4 000 logements du thermostat connect\u00e9 Voltalis","datePublished":"2024-11-12T08:32:00+00:00","dateModified":"2025-09-04T13:14:47+00:00","mainEntityOfPage":{"@id":"https:\/\/group.voltalis.com\/fr\/type-de-contenu\/communiques-de-presse\/sobriete-energetique-alpes-isere-habitat-equipe-gratuitement-4-000-logements-du-thermostat-connecte-voltalisfont-_mstmutation1-font-9869"},"wordCount":303,"image":{"@id":"https:\/\/group.voltalis.com\/fr\/type-de-contenu\/communiques-de-presse\/sobriete-energetique-alpes-isere-habitat-equipe-gratuitement-4-000-logements-du-thermostat-connecte-voltalisfont-_mstmutation1-font-9869#primaryimage"},"thumbnailUrl":"https:\/\/group.voltalis.com\/wp-content\/uploads\/2024\/07\/Smartphone_Salon_RVB_petit-1-1024x632.jpg","articleSection":["Bailleurs","Communiqu\u00e9s"],"inLanguage":"fr-FR"},{"@type":"WebPage","@id":"https:\/\/group.voltalis.com\/fr\/type-de-contenu\/communiques-de-presse\/sobriete-energetique-alpes-isere-habitat-equipe-gratuitement-4-000-logements-du-thermostat-connecte-voltalisfont-_mstmutation1-font-9869","url":"https:\/\/group.voltalis.com\/fr\/type-de-contenu\/communiques-de-presse\/sobriete-energetique-alpes-isere-habitat-equipe-gratuitement-4-000-logements-du-thermostat-connecte-voltalisfont-_mstmutation1-font-9869","name":"Sobri\u00e9t\u00e9 \u00e9nerg\u00e9tique\u00a0: Alpes Is\u00e8re Habitat \u00e9quipe gratuitement 4 000 logements du thermostat connect\u00e9 Voltalis - Groupe Voltalis","isPartOf":{"@id":"https:\/\/group.voltalis.com\/en\/#website"},"primaryImageOfPage":{"@id":"https:\/\/group.voltalis.com\/fr\/type-de-contenu\/communiques-de-presse\/sobriete-energetique-alpes-isere-habitat-equipe-gratuitement-4-000-logements-du-thermostat-connecte-voltalisfont-_mstmutation1-font-9869#primaryimage"},"image":{"@id":"https:\/\/group.voltalis.com\/fr\/type-de-contenu\/communiques-de-presse\/sobriete-energetique-alpes-isere-habitat-equipe-gratuitement-4-000-logements-du-thermostat-connecte-voltalisfont-_mstmutation1-font-9869#primaryimage"},"thumbnailUrl":"https:\/\/group.voltalis.com\/wp-content\/uploads\/2024\/07\/Smartphone_Salon_RVB_petit-1-1024x632.jpg","datePublished":"2024-11-12T08:32:00+00:00","dateModified":"2025-09-04T13:14:47+00:00","author":{"@id":"https:\/\/group.voltalis.com\/en\/#\/schema\/person\/4b1cbe0f01025c70fcdd38212cf95135"},"breadcrumb":{"@id":"https:\/\/group.voltalis.com\/fr\/type-de-contenu\/communiques-de-presse\/sobriete-energetique-alpes-isere-habitat-equipe-gratuitement-4-000-logements-du-thermostat-connecte-voltalisfont-_mstmutation1-font-9869#breadcrumb"},"inLanguage":"fr-FR","potentialAction":[{"@type":"ReadAction","target":["https:\/\/group.voltalis.com\/fr\/type-de-contenu\/communiques-de-presse\/sobriete-energetique-alpes-isere-habitat-equipe-gratuitement-4-000-logements-du-thermostat-connecte-voltalisfont-_mstmutation1-font-9869"]}]},{"@type":"ImageObject","inLanguage":"fr-FR","@id":"https:\/\/group.voltalis.com\/fr\/type-de-contenu\/communiques-de-presse\/sobriete-energetique-alpes-isere-habitat-equipe-gratuitement-4-000-logements-du-thermostat-connecte-voltalisfont-_mstmutation1-font-9869#primaryimage","url":"https:\/\/group.voltalis.com\/wp-content\/uploads\/2024\/07\/Smartphone_Salon_RVB_petit-1-1024x632.jpg","contentUrl":"https:\/\/group.voltalis.com\/wp-content\/uploads\/2024\/07\/Smartphone_Salon_RVB_petit-1-1024x632.jpg"},{"@type":"BreadcrumbList","@id":"https:\/\/group.voltalis.com\/fr\/type-de-contenu\/communiques-de-presse\/sobriete-energetique-alpes-isere-habitat-equipe-gratuitement-4-000-logements-du-thermostat-connecte-voltalisfont-_mstmutation1-font-9869#breadcrumb","itemListElement":[{"@type":"ListItem","position":1,"name":"Home","item":"https:\/\/group.voltalis.com\/fr"},{"@type":"ListItem","position":2,"name":"Sobri\u00e9t\u00e9 \u00e9nerg\u00e9tique\u00a0: Alpes Is\u00e8re Habitat \u00e9quipe gratuitement 4 000 logements du thermostat connect\u00e9 Voltalis"}]},{"@type":"WebSite","@id":"https:\/\/group.voltalis.com\/en\/#website","url":"https:\/\/group.voltalis.com\/en\/","name":"Groupe Voltalis","description":"Bien plus que des \u00e9conomies d&#039;\u00e9nergie","potentialAction":[{"@type":"SearchAction","target":{"@type":"EntryPoint","urlTemplate":"https:\/\/group.voltalis.com\/en\/?s={search_term_string}"},"query-input":{"@type":"PropertyValueSpecification","valueRequired":true,"valueName":"search_term_string"}}],"inLanguage":"fr-FR"},{"@type":"Person","@id":"https:\/\/group.voltalis.com\/en\/#\/schema\/person\/4b1cbe0f01025c70fcdd38212cf95135","name":"Alexane","image":{"@type":"ImageObject","inLanguage":"fr-FR","@id":"https:\/\/secure.gravatar.com\/avatar\/30dd78037058843d269c357b406aa01da51eb6ad19f53de9f0fef498b199071b?s=96&d=mm&r=g","url":"https:\/\/secure.gravatar.com\/avatar\/30dd78037058843d269c357b406aa01da51eb6ad19f53de9f0fef498b199071b?s=96&d=mm&r=g","contentUrl":"https:\/\/secure.gravatar.com\/avatar\/30dd78037058843d269c357b406aa01da51eb6ad19f53de9f0fef498b199071b?s=96&d=mm&r=g","caption":"Alexane"},"url":"https:\/\/group.voltalis.com\/fr\/author\/alexane"}]}},"_links":{"self":[{"href":"https:\/\/group.voltalis.com\/fr\/wp-json\/wp\/v2\/posts\/9869","targetHints":{"allow":["GET"]}}],"collection":[{"href":"https:\/\/group.voltalis.com\/fr\/wp-json\/wp\/v2\/posts"}],"about":[{"href":"https:\/\/group.voltalis.com\/fr\/wp-json\/wp\/v2\/types\/post"}],"author":[{"embeddable":true,"href":"https:\/\/group.voltalis.com\/fr\/wp-json\/wp\/v2\/users\/12"}],"replies":[{"embeddable":true,"href":"https:\/\/group.voltalis.com\/fr\/wp-json\/wp\/v2\/comments?post=9869"}],"version-history":[{"count":1,"href":"https:\/\/group.voltalis.com\/fr\/wp-json\/wp\/v2\/posts\/9869\/revisions"}],"predecessor-version":[{"id":9870,"href":"https:\/\/group.voltalis.com\/fr\/wp-json\/wp\/v2\/posts\/9869\/revisions\/9870"}],"wp:attachment":[{"href":"https:\/\/group.voltalis.com\/fr\/wp-json\/wp\/v2\/media?parent=9869"}],"wp:term":[{"taxonomy":"category","embeddable":true,"href":"https:\/\/group.voltalis.com\/fr\/wp-json\/wp\/v2\/categories?post=9869"},{"taxonomy":"post_tag","embeddable":true,"href":"https:\/\/group.voltalis.com\/fr\/wp-json\/wp\/v2\/tags?post=9869"}],"curies":[{"name":"wp","href":"https:\/\/api.w.org\/{rel}","templated":true}]}}