{"id":9896,"date":"2024-11-18T09:30:00","date_gmt":"2024-11-18T08:30:00","guid":{"rendered":"https:\/\/group.voltalis.com\/?p=9896"},"modified":"2025-09-04T15:34:25","modified_gmt":"2025-09-04T13:34:25","slug":"nouvelle-campagne-dinstallation-gratuite-du-thermostat-intelligent-voltalis-pour-les-foyers-et-professionnels-de-la-communaute-de-communes-des-grands-lacs","status":"publish","type":"post","link":"https:\/\/group.voltalis.com\/fr\/type-de-contenu\/communiques-de-presse\/nouvelle-campagne-dinstallation-gratuite-du-thermostat-intelligent-voltalis-pour-les-foyers-et-professionnels-de-la-communaute-de-communes-des-grands-lacs-9896","title":{"rendered":"Nouvelle campagne d\u2019installation gratuite du thermostat intelligent Voltalis pour les foyers et professionnels de la Communaut\u00e9 de communes des Grands Lacs"},"content":{"rendered":"\n<p><font _mstmutation=\"1\"><\/font><\/p>\n\n\n\n<p><strong>Parentis-en-Born, le 18 novembre 2024<\/strong> \u2013 La Communaut\u00e9 de communes des Grands Lacs et Voltalis dressent un premier bilan positif de leur partenariat. Depuis son lancement en novembre 2022, plus de 300 particuliers et professionnels du territoire ont choisi d\u2019\u00e9quiper gratuitement leur domicile ou leur local de thermostats connect\u00e9s Voltalis. Cette initiative a permis d\u2019\u00e9conomiser concr\u00e8tement 48 MWh ce qui repr\u00e9sente une \u00e9conomie de 21 tonnes de CO<sub>2<\/sub>, l\u2019\u00e9quivalent des \u00e9missions d\u2019une voiture moyenne en France pour effectuer 105&nbsp;000 kilom\u00e8tres. Avec une nouveaut\u00e9 depuis la rentr\u00e9e&nbsp;: l\u2019\u00e9quipement des pompes \u00e0 chaleur&nbsp;!<\/p>\n\n\n<div class=\"wp-block-image\">\n<figure class=\"alignleft size-full is-resized\"><img loading=\"lazy\" decoding=\"async\" width=\"469\" height=\"313\" src=\"https:\/\/group.voltalis.com\/wp-content\/uploads\/2024\/11\/image.png\" alt=\"\" class=\"wp-image-9897\" style=\"width:329px;height:auto\" srcset=\"https:\/\/group.voltalis.com\/wp-content\/uploads\/2024\/11\/image.png 469w, https:\/\/group.voltalis.com\/wp-content\/uploads\/2024\/11\/image-300x200.png 300w\" sizes=\"auto, (max-width: 469px) 100vw, 469px\" \/><\/figure>\n<\/div>\n\n\n<p class=\"has-text-align-left\">Ce mois-ci, les \u00e9quipes Voltalis reviennent sur le territoire de Landes Nature C\u00f4te d\u2019Argent pour proposer le dispositif aux habitants qui le souhaitent.<\/p>\n\n\n\n<p class=\"has-text-align-left\">Il est \u00e9galement possible de prendre rendez-vous aupr\u00e8s de Voltalis directement&nbsp;: 04 40 25 69 96 \/ ccgrandslacs@voltalis.com.<\/p>\n\n\n\n<p class=\"has-text-align-left\">Tous les habitants du territoire chauff\u00e9s \u00e0 l\u2019\u00e9lectrique peuvent solliciter l&rsquo;installation gratuite du thermostat connect\u00e9 Voltalis qui permet une \u00e9conomie d\u2019\u00e9nergie de 15 % en moyenne et une baisse des \u00e9missions de CO2 de 70 % du logement.<\/p>\n\n\n\n<p class=\"has-medium-font-size\"><strong><br><strong>Un thermostat gratuit, en faveur de l\u2019environnement et du pouvoir d\u2019achat<\/strong><\/strong><\/p>\n\n\n<div class=\"wp-block-image\">\n<figure class=\"alignright size-large is-resized\"><img loading=\"lazy\" decoding=\"async\" width=\"1024\" height=\"632\" src=\"https:\/\/group.voltalis.com\/wp-content\/uploads\/2024\/07\/Smartphone_Salon_RVB_petit-1-1024x632.jpg\" alt=\"\" class=\"wp-image-8059\" style=\"width:373px;height:auto\" srcset=\"https:\/\/group.voltalis.com\/wp-content\/uploads\/2024\/07\/Smartphone_Salon_RVB_petit-1-1024x632.jpg 1024w, https:\/\/group.voltalis.com\/wp-content\/uploads\/2024\/07\/Smartphone_Salon_RVB_petit-1-300x185.jpg 300w, https:\/\/group.voltalis.com\/wp-content\/uploads\/2024\/07\/Smartphone_Salon_RVB_petit-1-768x474.jpg 768w, https:\/\/group.voltalis.com\/wp-content\/uploads\/2024\/07\/Smartphone_Salon_RVB_petit-1-1536x949.jpg 1536w, https:\/\/group.voltalis.com\/wp-content\/uploads\/2024\/07\/Smartphone_Salon_RVB_petit-1-2048x1265.jpg 2048w\" sizes=\"auto, (max-width: 1024px) 100vw, 1024px\" \/><\/figure>\n<\/div>\n\n\n<p>Le thermostat connect\u00e9 permet d\u2019avoir acc\u00e8s \u00e0 une gestion simple de la consommation de sa pompe \u00e0 chaleur ou de ses radiateurs. Associ\u00e9 \u00e0 l\u2019application <strong>MyVoltalis<\/strong>, il permet de programmer son chauffage en fonction de ses habitudes et de la temp\u00e9rature souhait\u00e9e.<\/p>\n\n\n\n<p>Sa particularit\u00e9 est d\u2019\u00eatre connect\u00e9 au r\u00e9seau \u00e9lectrique fran\u00e7ais, ce qui le rend enti\u00e8rement gratuit. Voltalis peut ainsi, \u00e0 la demande de RTE (le r\u00e9seau de transport d\u2019\u00e9lectricit\u00e9), moduler la consommation de tous les \u00e9quipements connect\u00e9s pour soulager le r\u00e9seau au moment des pics et ma\u00eetriser le risque de black-out. Et ceci sans impact sur le confort. Voltalis est r\u00e9mun\u00e9r\u00e9e par les op\u00e9rateurs du syst\u00e8me \u00e9lectrique pour ces services rendus.<\/p>\n\n\n\n<p class=\"has-medium-font-size\"><\/p>\n\n\n\n<p class=\"has-text-align-center\"><strong><u>Contacts presse<\/u><\/strong><strong>&nbsp;:<\/strong><\/p>\n\n\n\n<figure class=\"wp-block-table\"><table class=\"has-fixed-layout\"><tbody><tr><td class=\"has-text-align-center\" data-align=\"center\"><strong><u>Communaut\u00e9 de Communes Aunis Sud<\/u><\/strong><br>Guillaume BRIVIO<br>06 15 34 12 35 \u2013 g.brivio@aunis-sud.fr<\/td><td class=\"has-text-align-center\" data-align=\"center\"><strong>Voltalis<\/strong><br>Anne-Laure DAULIER<br>Agence Shan 06 28 59 50 38 &#8211; voltalis@shan.fr<\/td><\/tr><\/tbody><\/table><\/figure>\n\n\n\n<p><\/p>\n","protected":false},"excerpt":{"rendered":"<p>Parentis-en-Born, le 18 novembre 2024 \u2013 La Communaut\u00e9 de communes des Grands Lacs et Voltalis dressent un premier bilan positif de leur partenariat. Depuis son lancement en novembre 2022, plus de 300 particuliers et professionnels du territoire ont choisi d\u2019\u00e9quiper gratuitement leur domicile ou leur local de thermostats connect\u00e9s Voltalis. Cette initiative a permis d\u2019\u00e9conomiser [&hellip;]<\/p>\n","protected":false},"author":12,"featured_media":0,"comment_status":"closed","ping_status":"closed","sticky":false,"template":"","format":"standard","meta":{"_acf_changed":false,"inline_featured_image":false,"footnotes":""},"categories":[199,3],"tags":[],"class_list":["post-9896","post","type-post","status-publish","format-standard","hentry","category-collectivites","category-communiques-de-presse"],"acf":[],"yoast_head":"<!-- This site is optimized with the Yoast SEO plugin v27.5 - https:\/\/yoast.com\/product\/yoast-seo-wordpress\/ -->\n<title>Nouvelle campagne d\u2019installation gratuite du thermostat intelligent Voltalis pour les foyers et professionnels de la Communaut\u00e9 de communes des Grands Lacs - Groupe Voltalis<\/title>\n<meta name=\"robots\" content=\"index, follow, max-snippet:-1, max-image-preview:large, max-video-preview:-1\" \/>\n<link rel=\"canonical\" href=\"https:\/\/group.voltalis.com\/fr\/type-de-contenu\/communiques-de-presse\/nouvelle-campagne-dinstallation-gratuite-du-thermostat-intelligent-voltalis-pour-les-foyers-et-professionnels-de-la-communaute-de-communes-des-grands-lacs-9896\" \/>\n<meta property=\"og:locale\" content=\"fr_FR\" \/>\n<meta property=\"og:type\" content=\"article\" \/>\n<meta property=\"og:title\" content=\"Nouvelle campagne d\u2019installation gratuite du thermostat intelligent Voltalis pour les foyers et professionnels de la Communaut\u00e9 de communes des Grands Lacs - Groupe Voltalis\" \/>\n<meta property=\"og:description\" content=\"Parentis-en-Born, le 18 novembre 2024 \u2013 La Communaut\u00e9 de communes des Grands Lacs et Voltalis dressent un premier bilan positif de leur partenariat. Depuis son lancement en novembre 2022, plus de 300 particuliers et professionnels du territoire ont choisi d\u2019\u00e9quiper gratuitement leur domicile ou leur local de thermostats connect\u00e9s Voltalis. Cette initiative a permis d\u2019\u00e9conomiser [&hellip;]\" \/>\n<meta property=\"og:url\" content=\"https:\/\/group.voltalis.com\/fr\/type-de-contenu\/communiques-de-presse\/nouvelle-campagne-dinstallation-gratuite-du-thermostat-intelligent-voltalis-pour-les-foyers-et-professionnels-de-la-communaute-de-communes-des-grands-lacs-9896\" \/>\n<meta property=\"og:site_name\" content=\"Groupe Voltalis\" \/>\n<meta property=\"article:publisher\" content=\"https:\/\/www.facebook.com\/pages\/category\/Product-Service\/Voltalis-178720392179068\/\" \/>\n<meta property=\"article:published_time\" content=\"2024-11-18T08:30:00+00:00\" \/>\n<meta property=\"article:modified_time\" content=\"2025-09-04T13:34:25+00:00\" \/>\n<meta property=\"og:image\" content=\"https:\/\/group.voltalis.com\/wp-content\/uploads\/2024\/11\/image.png\" \/>\n\t<meta property=\"og:image:width\" content=\"469\" \/>\n\t<meta property=\"og:image:height\" content=\"313\" \/>\n\t<meta property=\"og:image:type\" content=\"image\/png\" \/>\n<meta name=\"author\" content=\"Alexane\" \/>\n<meta name=\"twitter:card\" content=\"summary_large_image\" \/>\n<meta name=\"twitter:label1\" content=\"\u00c9crit par\" \/>\n\t<meta name=\"twitter:data1\" content=\"Alexane\" \/>\n\t<meta name=\"twitter:label2\" content=\"Dur\u00e9e de lecture estim\u00e9e\" \/>\n\t<meta name=\"twitter:data2\" content=\"2 minutes\" \/>\n<script type=\"application\/ld+json\" class=\"yoast-schema-graph\">{\"@context\":\"https:\\\/\\\/schema.org\",\"@graph\":[{\"@type\":\"Article\",\"@id\":\"https:\\\/\\\/group.voltalis.com\\\/fr\\\/type-de-contenu\\\/communiques-de-presse\\\/nouvelle-campagne-dinstallation-gratuite-du-thermostat-intelligent-voltalis-pour-les-foyers-et-professionnels-de-la-communaute-de-communes-des-grands-lacs-9896#article\",\"isPartOf\":{\"@id\":\"https:\\\/\\\/group.voltalis.com\\\/fr\\\/type-de-contenu\\\/communiques-de-presse\\\/nouvelle-campagne-dinstallation-gratuite-du-thermostat-intelligent-voltalis-pour-les-foyers-et-professionnels-de-la-communaute-de-communes-des-grands-lacs-9896\"},\"author\":{\"name\":\"Alexane\",\"@id\":\"https:\\\/\\\/group.voltalis.com\\\/en\\\/#\\\/schema\\\/person\\\/4b1cbe0f01025c70fcdd38212cf95135\"},\"headline\":\"Nouvelle campagne d\u2019installation gratuite du thermostat intelligent Voltalis pour les foyers et professionnels de la Communaut\u00e9 de communes des Grands Lacs\",\"datePublished\":\"2024-11-18T08:30:00+00:00\",\"dateModified\":\"2025-09-04T13:34:25+00:00\",\"mainEntityOfPage\":{\"@id\":\"https:\\\/\\\/group.voltalis.com\\\/fr\\\/type-de-contenu\\\/communiques-de-presse\\\/nouvelle-campagne-dinstallation-gratuite-du-thermostat-intelligent-voltalis-pour-les-foyers-et-professionnels-de-la-communaute-de-communes-des-grands-lacs-9896\"},\"wordCount\":356,\"image\":{\"@id\":\"https:\\\/\\\/group.voltalis.com\\\/fr\\\/type-de-contenu\\\/communiques-de-presse\\\/nouvelle-campagne-dinstallation-gratuite-du-thermostat-intelligent-voltalis-pour-les-foyers-et-professionnels-de-la-communaute-de-communes-des-grands-lacs-9896#primaryimage\"},\"thumbnailUrl\":\"https:\\\/\\\/group.voltalis.com\\\/wp-content\\\/uploads\\\/2024\\\/11\\\/image.png\",\"articleSection\":[\"Collectivit\u00e9s\",\"Communiqu\u00e9s\"],\"inLanguage\":\"fr-FR\"},{\"@type\":\"WebPage\",\"@id\":\"https:\\\/\\\/group.voltalis.com\\\/fr\\\/type-de-contenu\\\/communiques-de-presse\\\/nouvelle-campagne-dinstallation-gratuite-du-thermostat-intelligent-voltalis-pour-les-foyers-et-professionnels-de-la-communaute-de-communes-des-grands-lacs-9896\",\"url\":\"https:\\\/\\\/group.voltalis.com\\\/fr\\\/type-de-contenu\\\/communiques-de-presse\\\/nouvelle-campagne-dinstallation-gratuite-du-thermostat-intelligent-voltalis-pour-les-foyers-et-professionnels-de-la-communaute-de-communes-des-grands-lacs-9896\",\"name\":\"Nouvelle campagne d\u2019installation gratuite du thermostat intelligent Voltalis pour les foyers et professionnels de la Communaut\u00e9 de communes des Grands Lacs - Groupe Voltalis\",\"isPartOf\":{\"@id\":\"https:\\\/\\\/group.voltalis.com\\\/en\\\/#website\"},\"primaryImageOfPage\":{\"@id\":\"https:\\\/\\\/group.voltalis.com\\\/fr\\\/type-de-contenu\\\/communiques-de-presse\\\/nouvelle-campagne-dinstallation-gratuite-du-thermostat-intelligent-voltalis-pour-les-foyers-et-professionnels-de-la-communaute-de-communes-des-grands-lacs-9896#primaryimage\"},\"image\":{\"@id\":\"https:\\\/\\\/group.voltalis.com\\\/fr\\\/type-de-contenu\\\/communiques-de-presse\\\/nouvelle-campagne-dinstallation-gratuite-du-thermostat-intelligent-voltalis-pour-les-foyers-et-professionnels-de-la-communaute-de-communes-des-grands-lacs-9896#primaryimage\"},\"thumbnailUrl\":\"https:\\\/\\\/group.voltalis.com\\\/wp-content\\\/uploads\\\/2024\\\/11\\\/image.png\",\"datePublished\":\"2024-11-18T08:30:00+00:00\",\"dateModified\":\"2025-09-04T13:34:25+00:00\",\"author\":{\"@id\":\"https:\\\/\\\/group.voltalis.com\\\/en\\\/#\\\/schema\\\/person\\\/4b1cbe0f01025c70fcdd38212cf95135\"},\"breadcrumb\":{\"@id\":\"https:\\\/\\\/group.voltalis.com\\\/fr\\\/type-de-contenu\\\/communiques-de-presse\\\/nouvelle-campagne-dinstallation-gratuite-du-thermostat-intelligent-voltalis-pour-les-foyers-et-professionnels-de-la-communaute-de-communes-des-grands-lacs-9896#breadcrumb\"},\"inLanguage\":\"fr-FR\",\"potentialAction\":[{\"@type\":\"ReadAction\",\"target\":[\"https:\\\/\\\/group.voltalis.com\\\/fr\\\/type-de-contenu\\\/communiques-de-presse\\\/nouvelle-campagne-dinstallation-gratuite-du-thermostat-intelligent-voltalis-pour-les-foyers-et-professionnels-de-la-communaute-de-communes-des-grands-lacs-9896\"]}]},{\"@type\":\"ImageObject\",\"inLanguage\":\"fr-FR\",\"@id\":\"https:\\\/\\\/group.voltalis.com\\\/fr\\\/type-de-contenu\\\/communiques-de-presse\\\/nouvelle-campagne-dinstallation-gratuite-du-thermostat-intelligent-voltalis-pour-les-foyers-et-professionnels-de-la-communaute-de-communes-des-grands-lacs-9896#primaryimage\",\"url\":\"https:\\\/\\\/group.voltalis.com\\\/wp-content\\\/uploads\\\/2024\\\/11\\\/image.png\",\"contentUrl\":\"https:\\\/\\\/group.voltalis.com\\\/wp-content\\\/uploads\\\/2024\\\/11\\\/image.png\"},{\"@type\":\"BreadcrumbList\",\"@id\":\"https:\\\/\\\/group.voltalis.com\\\/fr\\\/type-de-contenu\\\/communiques-de-presse\\\/nouvelle-campagne-dinstallation-gratuite-du-thermostat-intelligent-voltalis-pour-les-foyers-et-professionnels-de-la-communaute-de-communes-des-grands-lacs-9896#breadcrumb\",\"itemListElement\":[{\"@type\":\"ListItem\",\"position\":1,\"name\":\"Home\",\"item\":\"https:\\\/\\\/group.voltalis.com\\\/fr\"},{\"@type\":\"ListItem\",\"position\":2,\"name\":\"Nouvelle campagne d\u2019installation gratuite du thermostat intelligent Voltalis pour les foyers et professionnels de la Communaut\u00e9 de communes des Grands Lacs\"}]},{\"@type\":\"WebSite\",\"@id\":\"https:\\\/\\\/group.voltalis.com\\\/en\\\/#website\",\"url\":\"https:\\\/\\\/group.voltalis.com\\\/en\\\/\",\"name\":\"Groupe Voltalis\",\"description\":\"Bien plus que des \u00e9conomies d&#039;\u00e9nergie\",\"potentialAction\":[{\"@type\":\"SearchAction\",\"target\":{\"@type\":\"EntryPoint\",\"urlTemplate\":\"https:\\\/\\\/group.voltalis.com\\\/en\\\/?s={search_term_string}\"},\"query-input\":{\"@type\":\"PropertyValueSpecification\",\"valueRequired\":true,\"valueName\":\"search_term_string\"}}],\"inLanguage\":\"fr-FR\"},{\"@type\":\"Person\",\"@id\":\"https:\\\/\\\/group.voltalis.com\\\/en\\\/#\\\/schema\\\/person\\\/4b1cbe0f01025c70fcdd38212cf95135\",\"name\":\"Alexane\",\"image\":{\"@type\":\"ImageObject\",\"inLanguage\":\"fr-FR\",\"@id\":\"https:\\\/\\\/secure.gravatar.com\\\/avatar\\\/30dd78037058843d269c357b406aa01da51eb6ad19f53de9f0fef498b199071b?s=96&d=mm&r=g\",\"url\":\"https:\\\/\\\/secure.gravatar.com\\\/avatar\\\/30dd78037058843d269c357b406aa01da51eb6ad19f53de9f0fef498b199071b?s=96&d=mm&r=g\",\"contentUrl\":\"https:\\\/\\\/secure.gravatar.com\\\/avatar\\\/30dd78037058843d269c357b406aa01da51eb6ad19f53de9f0fef498b199071b?s=96&d=mm&r=g\",\"caption\":\"Alexane\"},\"url\":\"https:\\\/\\\/group.voltalis.com\\\/fr\\\/author\\\/alexane\"}]}<\/script>\n<!-- \/ Yoast SEO plugin. -->","yoast_head_json":{"title":"Nouvelle campagne d\u2019installation gratuite du thermostat intelligent Voltalis pour les foyers et professionnels de la Communaut\u00e9 de communes des Grands Lacs - Groupe Voltalis","robots":{"index":"index","follow":"follow","max-snippet":"max-snippet:-1","max-image-preview":"max-image-preview:large","max-video-preview":"max-video-preview:-1"},"canonical":"https:\/\/group.voltalis.com\/fr\/type-de-contenu\/communiques-de-presse\/nouvelle-campagne-dinstallation-gratuite-du-thermostat-intelligent-voltalis-pour-les-foyers-et-professionnels-de-la-communaute-de-communes-des-grands-lacs-9896","og_locale":"fr_FR","og_type":"article","og_title":"Nouvelle campagne d\u2019installation gratuite du thermostat intelligent Voltalis pour les foyers et professionnels de la Communaut\u00e9 de communes des Grands Lacs - Groupe Voltalis","og_description":"Parentis-en-Born, le 18 novembre 2024 \u2013 La Communaut\u00e9 de communes des Grands Lacs et Voltalis dressent un premier bilan positif de leur partenariat. Depuis son lancement en novembre 2022, plus de 300 particuliers et professionnels du territoire ont choisi d\u2019\u00e9quiper gratuitement leur domicile ou leur local de thermostats connect\u00e9s Voltalis. Cette initiative a permis d\u2019\u00e9conomiser [&hellip;]","og_url":"https:\/\/group.voltalis.com\/fr\/type-de-contenu\/communiques-de-presse\/nouvelle-campagne-dinstallation-gratuite-du-thermostat-intelligent-voltalis-pour-les-foyers-et-professionnels-de-la-communaute-de-communes-des-grands-lacs-9896","og_site_name":"Groupe Voltalis","article_publisher":"https:\/\/www.facebook.com\/pages\/category\/Product-Service\/Voltalis-178720392179068\/","article_published_time":"2024-11-18T08:30:00+00:00","article_modified_time":"2025-09-04T13:34:25+00:00","og_image":[{"width":469,"height":313,"url":"https:\/\/group.voltalis.com\/wp-content\/uploads\/2024\/11\/image.png","type":"image\/png"}],"author":"Alexane","twitter_card":"summary_large_image","twitter_misc":{"\u00c9crit par":"Alexane","Dur\u00e9e de lecture estim\u00e9e":"2 minutes"},"schema":{"@context":"https:\/\/schema.org","@graph":[{"@type":"Article","@id":"https:\/\/group.voltalis.com\/fr\/type-de-contenu\/communiques-de-presse\/nouvelle-campagne-dinstallation-gratuite-du-thermostat-intelligent-voltalis-pour-les-foyers-et-professionnels-de-la-communaute-de-communes-des-grands-lacs-9896#article","isPartOf":{"@id":"https:\/\/group.voltalis.com\/fr\/type-de-contenu\/communiques-de-presse\/nouvelle-campagne-dinstallation-gratuite-du-thermostat-intelligent-voltalis-pour-les-foyers-et-professionnels-de-la-communaute-de-communes-des-grands-lacs-9896"},"author":{"name":"Alexane","@id":"https:\/\/group.voltalis.com\/en\/#\/schema\/person\/4b1cbe0f01025c70fcdd38212cf95135"},"headline":"Nouvelle campagne d\u2019installation gratuite du thermostat intelligent Voltalis pour les foyers et professionnels de la Communaut\u00e9 de communes des Grands Lacs","datePublished":"2024-11-18T08:30:00+00:00","dateModified":"2025-09-04T13:34:25+00:00","mainEntityOfPage":{"@id":"https:\/\/group.voltalis.com\/fr\/type-de-contenu\/communiques-de-presse\/nouvelle-campagne-dinstallation-gratuite-du-thermostat-intelligent-voltalis-pour-les-foyers-et-professionnels-de-la-communaute-de-communes-des-grands-lacs-9896"},"wordCount":356,"image":{"@id":"https:\/\/group.voltalis.com\/fr\/type-de-contenu\/communiques-de-presse\/nouvelle-campagne-dinstallation-gratuite-du-thermostat-intelligent-voltalis-pour-les-foyers-et-professionnels-de-la-communaute-de-communes-des-grands-lacs-9896#primaryimage"},"thumbnailUrl":"https:\/\/group.voltalis.com\/wp-content\/uploads\/2024\/11\/image.png","articleSection":["Collectivit\u00e9s","Communiqu\u00e9s"],"inLanguage":"fr-FR"},{"@type":"WebPage","@id":"https:\/\/group.voltalis.com\/fr\/type-de-contenu\/communiques-de-presse\/nouvelle-campagne-dinstallation-gratuite-du-thermostat-intelligent-voltalis-pour-les-foyers-et-professionnels-de-la-communaute-de-communes-des-grands-lacs-9896","url":"https:\/\/group.voltalis.com\/fr\/type-de-contenu\/communiques-de-presse\/nouvelle-campagne-dinstallation-gratuite-du-thermostat-intelligent-voltalis-pour-les-foyers-et-professionnels-de-la-communaute-de-communes-des-grands-lacs-9896","name":"Nouvelle campagne d\u2019installation gratuite du thermostat intelligent Voltalis pour les foyers et professionnels de la Communaut\u00e9 de communes des Grands Lacs - Groupe Voltalis","isPartOf":{"@id":"https:\/\/group.voltalis.com\/en\/#website"},"primaryImageOfPage":{"@id":"https:\/\/group.voltalis.com\/fr\/type-de-contenu\/communiques-de-presse\/nouvelle-campagne-dinstallation-gratuite-du-thermostat-intelligent-voltalis-pour-les-foyers-et-professionnels-de-la-communaute-de-communes-des-grands-lacs-9896#primaryimage"},"image":{"@id":"https:\/\/group.voltalis.com\/fr\/type-de-contenu\/communiques-de-presse\/nouvelle-campagne-dinstallation-gratuite-du-thermostat-intelligent-voltalis-pour-les-foyers-et-professionnels-de-la-communaute-de-communes-des-grands-lacs-9896#primaryimage"},"thumbnailUrl":"https:\/\/group.voltalis.com\/wp-content\/uploads\/2024\/11\/image.png","datePublished":"2024-11-18T08:30:00+00:00","dateModified":"2025-09-04T13:34:25+00:00","author":{"@id":"https:\/\/group.voltalis.com\/en\/#\/schema\/person\/4b1cbe0f01025c70fcdd38212cf95135"},"breadcrumb":{"@id":"https:\/\/group.voltalis.com\/fr\/type-de-contenu\/communiques-de-presse\/nouvelle-campagne-dinstallation-gratuite-du-thermostat-intelligent-voltalis-pour-les-foyers-et-professionnels-de-la-communaute-de-communes-des-grands-lacs-9896#breadcrumb"},"inLanguage":"fr-FR","potentialAction":[{"@type":"ReadAction","target":["https:\/\/group.voltalis.com\/fr\/type-de-contenu\/communiques-de-presse\/nouvelle-campagne-dinstallation-gratuite-du-thermostat-intelligent-voltalis-pour-les-foyers-et-professionnels-de-la-communaute-de-communes-des-grands-lacs-9896"]}]},{"@type":"ImageObject","inLanguage":"fr-FR","@id":"https:\/\/group.voltalis.com\/fr\/type-de-contenu\/communiques-de-presse\/nouvelle-campagne-dinstallation-gratuite-du-thermostat-intelligent-voltalis-pour-les-foyers-et-professionnels-de-la-communaute-de-communes-des-grands-lacs-9896#primaryimage","url":"https:\/\/group.voltalis.com\/wp-content\/uploads\/2024\/11\/image.png","contentUrl":"https:\/\/group.voltalis.com\/wp-content\/uploads\/2024\/11\/image.png"},{"@type":"BreadcrumbList","@id":"https:\/\/group.voltalis.com\/fr\/type-de-contenu\/communiques-de-presse\/nouvelle-campagne-dinstallation-gratuite-du-thermostat-intelligent-voltalis-pour-les-foyers-et-professionnels-de-la-communaute-de-communes-des-grands-lacs-9896#breadcrumb","itemListElement":[{"@type":"ListItem","position":1,"name":"Home","item":"https:\/\/group.voltalis.com\/fr"},{"@type":"ListItem","position":2,"name":"Nouvelle campagne d\u2019installation gratuite du thermostat intelligent Voltalis pour les foyers et professionnels de la Communaut\u00e9 de communes des Grands Lacs"}]},{"@type":"WebSite","@id":"https:\/\/group.voltalis.com\/en\/#website","url":"https:\/\/group.voltalis.com\/en\/","name":"Groupe Voltalis","description":"Bien plus que des \u00e9conomies d&#039;\u00e9nergie","potentialAction":[{"@type":"SearchAction","target":{"@type":"EntryPoint","urlTemplate":"https:\/\/group.voltalis.com\/en\/?s={search_term_string}"},"query-input":{"@type":"PropertyValueSpecification","valueRequired":true,"valueName":"search_term_string"}}],"inLanguage":"fr-FR"},{"@type":"Person","@id":"https:\/\/group.voltalis.com\/en\/#\/schema\/person\/4b1cbe0f01025c70fcdd38212cf95135","name":"Alexane","image":{"@type":"ImageObject","inLanguage":"fr-FR","@id":"https:\/\/secure.gravatar.com\/avatar\/30dd78037058843d269c357b406aa01da51eb6ad19f53de9f0fef498b199071b?s=96&d=mm&r=g","url":"https:\/\/secure.gravatar.com\/avatar\/30dd78037058843d269c357b406aa01da51eb6ad19f53de9f0fef498b199071b?s=96&d=mm&r=g","contentUrl":"https:\/\/secure.gravatar.com\/avatar\/30dd78037058843d269c357b406aa01da51eb6ad19f53de9f0fef498b199071b?s=96&d=mm&r=g","caption":"Alexane"},"url":"https:\/\/group.voltalis.com\/fr\/author\/alexane"}]}},"_links":{"self":[{"href":"https:\/\/group.voltalis.com\/fr\/wp-json\/wp\/v2\/posts\/9896","targetHints":{"allow":["GET"]}}],"collection":[{"href":"https:\/\/group.voltalis.com\/fr\/wp-json\/wp\/v2\/posts"}],"about":[{"href":"https:\/\/group.voltalis.com\/fr\/wp-json\/wp\/v2\/types\/post"}],"author":[{"embeddable":true,"href":"https:\/\/group.voltalis.com\/fr\/wp-json\/wp\/v2\/users\/12"}],"replies":[{"embeddable":true,"href":"https:\/\/group.voltalis.com\/fr\/wp-json\/wp\/v2\/comments?post=9896"}],"version-history":[{"count":1,"href":"https:\/\/group.voltalis.com\/fr\/wp-json\/wp\/v2\/posts\/9896\/revisions"}],"predecessor-version":[{"id":9899,"href":"https:\/\/group.voltalis.com\/fr\/wp-json\/wp\/v2\/posts\/9896\/revisions\/9899"}],"wp:attachment":[{"href":"https:\/\/group.voltalis.com\/fr\/wp-json\/wp\/v2\/media?parent=9896"}],"wp:term":[{"taxonomy":"category","embeddable":true,"href":"https:\/\/group.voltalis.com\/fr\/wp-json\/wp\/v2\/categories?post=9896"},{"taxonomy":"post_tag","embeddable":true,"href":"https:\/\/group.voltalis.com\/fr\/wp-json\/wp\/v2\/tags?post=9896"}],"curies":[{"name":"wp","href":"https:\/\/api.w.org\/{rel}","templated":true}]}}