{"id":9921,"date":"2024-11-27T16:53:27","date_gmt":"2024-11-27T15:53:27","guid":{"rendered":"https:\/\/group.voltalis.com\/?p=9921"},"modified":"2025-09-04T15:10:20","modified_gmt":"2025-09-04T13:10:20","slug":"sondage-odoxa-2e-edition-francais-facture-energie","status":"publish","type":"post","link":"https:\/\/group.voltalis.com\/fr\/type-de-contenu\/communiques-de-presse\/sondage-odoxa-2e-edition-francais-facture-energie-9921","title":{"rendered":"Sondage ODOXA &#8211; 2e \u00e9dition : Les Fran\u00e7ais estiment \u00e0 213 \u20ac la hausse moyenne de leur facture d\u2019\u00e9nergie sur 1 an et 4 sur 10 craignent de ne pas pouvoir la payer cet hiver"},"content":{"rendered":"\n<p><\/p>\n\n\n\n<ul class=\"wp-block-list\">\n<li><strong>7 Fran\u00e7ais sur 10 ont le sentiment que la baisse de 9 % du tarif r\u00e9glement\u00e9 pr\u00e9vue au 1er f\u00e9vrier prochain ne sera pas suffisante pour retrouver un budget<\/strong> <strong>d\u2019avant crise<\/strong><\/li>\n\n\n\n<li><strong>60 % des Fran\u00e7ais estiment que leur syst\u00e8me de chauffage n\u2019est pas optimal alors qu\u2019il constitue le premier poste de d\u00e9pense d\u2019\u00e9nergie, c\u2019est 5 % de plus qu\u2019en 2023<\/strong><\/li>\n\n\n\n<li><strong>6 Fran\u00e7ais sur 10 ignorent l\u2019obligation l\u00e9gale de s\u2019\u00e9quiper d\u2019un thermostat connect\u00e9 au 1er janvier 2027<\/strong><\/li>\n<\/ul>\n\n\n\n<div style=\"height:15px\" aria-hidden=\"true\" class=\"wp-block-spacer\"><\/div>\n\n\n\n<p>Interrog\u00e9s sur l\u2019\u00e9volution de leur facture d\u2019\u00e9nergie, dans le cadre de la deuxi\u00e8me \u00e9dition du sondage Odoxa pour Voltalis, r\u00e9alis\u00e9e en octobre 2024<a href=\"#_ftn1\" id=\"_ftnref1\"><sup>[1]<\/sup><\/a>, les Fran\u00e7ais estiment avoir vu celle-ci grimper de 213 \u20ac en moyenne en cours de l\u2019ann\u00e9e \u00e9coul\u00e9e. <strong>Pour 1 Fran\u00e7ais sur 5, cette hausse a m\u00eame d\u00e9pass\u00e9 les 500 euros,<\/strong> un chiffre qui souligne l\u2019importance prise par la d\u00e9pense \u00e9nerg\u00e9tique dans le budget des foyers.<\/p>\n\n\n\n<p><strong>Pour faire face \u00e0 cette augmentation, 81% des Fran\u00e7ais ont r\u00e9duit leurs d\u00e9penses, en priorit\u00e9 leurs loisirs (pour 56% d\u2019entre eux) mais aussi au d\u00e9triment de l\u2019alimentation (32%). <\/strong>Cette hausse des prix de l&rsquo;\u00e9nergie affecte donc directement le quotidien et oblige les m\u00e9nages \u00e0 revoir leurs choix de consommation.<\/p>\n\n\n\n<div style=\"height:15px\" aria-hidden=\"true\" class=\"wp-block-spacer\"><\/div>\n\n\n\n<p class=\"has-medium-font-size\"><strong>Inqui\u00e9tude des Fran\u00e7ais pour l\u2019hiver 2025, malgr\u00e9 les annonces gouvernementales<\/strong><\/p>\n\n\n\n<p>Les r\u00e9percussions de cette flamb\u00e9e des co\u00fbts sont un sujet d\u2019inqui\u00e9tude pour les Fran\u00e7ais <strong>: 38 % des Fran\u00e7ais sur 10 redoutent de ne pas pouvoir r\u00e9gler leur facture d\u2019\u00e9nergie cet hiver.<\/strong> Quant aux annonces du gouvernement pour 2025 concernant le tarif r\u00e9glement\u00e9 de l&rsquo;\u00e9lectricit\u00e9, elles ne semblent pas rassurer les Fran\u00e7ais. Pour 73% d\u2019entre eux<strong>, la baisse de 9 % pr\u00e9vue au 1<sup>er<\/sup> f\u00e9vrier prochain ne sera pas suffisante pour que le budget revienne \u00e0 un niveau d\u2019avant crise<\/strong>. Pour beaucoup, cette r\u00e9duction appara\u00eet comme une mesure insuffisante face aux hausses accumul\u00e9es, les obligeant \u00e0 envisager des choix budg\u00e9taires encore plus stricts pour faire face aux d\u00e9penses \u00e9nerg\u00e9tiques \u00e0 venir.<\/p>\n\n\n\n<p><strong>C\u00e9line Bracq, Directrice G\u00e9n\u00e9rale d\u2019Odoxa<\/strong>&nbsp;: <em>\u00ab&nbsp;Notre sondage pour Voltalis t\u00e9moigne de la s\u00e9v\u00e9rit\u00e9 des ajustements budg\u00e9taires auxquels les Fran\u00e7ais ont \u00e9t\u00e9 contraints avec la crise \u00e9nerg\u00e9tique et r\u00e9v\u00e8le l&rsquo;ampleur des d\u00e9fis \u00e0 relever pour am\u00e9liorer le pouvoir d&rsquo;achat et optimiser la consommation d\u2019\u00e9nergie des foyers fran\u00e7ais.&nbsp;\u00bb<\/em><\/p>\n\n\n\n<div style=\"height:15px\" aria-hidden=\"true\" class=\"wp-block-spacer\"><\/div>\n\n\n\n<p class=\"has-medium-font-size\"><strong>Des solutions d\u2019\u00e9conomies d\u2019\u00e9nergie et des obligations l\u00e9gales encore trop m\u00e9connues<\/strong><\/p>\n\n\n\n<p>Aujourd\u2019hui, <strong>60% des Fran\u00e7ais estiment que leur syst\u00e8me de chauffage n\u2019est pas optimal. <\/strong>Alors que la campagne publique \u00ab&nbsp;Chaque geste compte&nbsp;: \u00e9conomisons l\u2019\u00e9nergie&nbsp;\u00bb d\u00e9marre, <strong>pr\u00e8s de 40% estiment ne pas \u00eatre suffisamment inform\u00e9s sur les solutions <\/strong>qui leur permettraient de r\u00e9duire leur consommation et, par cons\u00e9quent, de diminuer leur facture tout en pr\u00e9servant leur confort.<\/p>\n\n\n\n<p>Plus encore, <strong>61% des Fran\u00e7ais ignorent qu\u2019\u00e0 partir du 1<sup>er<\/sup> janvier 2027, les thermostats deviendront obligatoires<\/strong> dans tous les b\u00e2timents r\u00e9sidentiels et tertiaires. Malgr\u00e9 cette future obligation, seuls 41% des utilisateurs d\u00e9clarent utiliser actuellement un syst\u00e8me de programmation pour optimiser leur consommation.<\/p>\n\n\n\n<p>Les co\u00fbts des \u00e9quipements d\u2019\u00e9conomies d\u2019\u00e9nergie \u00e9tant per\u00e7us comme trop \u00e9lev\u00e9s, ils constituent une barri\u00e8re suppl\u00e9mentaire&nbsp;: <strong>pr\u00e8s de 2 Fran\u00e7ais sur 3 estiment que leurs moyens financiers sont un frein \u00e0 l\u2019acquisition d\u2019\u00e9quipements permettant de faire baisser la facture de chauffage<\/strong>. Par exemple, plus de la moiti\u00e9 des foyers ne comptent pas s\u2019\u00e9quiper d\u2019un thermostat qui pourrait pourtant all\u00e9ger leur facture, alors qu\u2019il existe des solutions gratuites.<\/p>\n\n\n\n<p><a><strong>Mathieu Bineau, Directeur G\u00e9n\u00e9ral de Voltalis<\/strong><\/a> : <em>\u00ab Cette deuxi\u00e8me \u00e9dition du sondage montre l\u2019apparition d\u2019une certaine impatience : les Fran\u00e7ais ressentent une forte hausse des factures li\u00e9es \u00e0 l\u2019\u00e9nergie dans leur budget, sans parvenir \u00e0 ma\u00eetriser leur consommation. Le chauffage \u00e9tant le premier poste de d\u00e9pense \u00e9nerg\u00e9tique, il est d\u00e9sormais important d\u2019am\u00e9liorer le niveau d\u2019information des Fran\u00e7ais afin de les rassurer sur les solutions existantes leur permettant d&rsquo;agir rapidement en faveur de leur pouvoir d&rsquo;achat. \u00bb<\/em><\/p>\n\n\n\n<hr class=\"wp-block-separator has-alpha-channel-opacity\"\/>\n\n\n\n<p><a href=\"#_ftnref1\" id=\"_ftn1\">[1]<\/a> Enqu\u00eate r\u00e9alis\u00e9e aupr\u00e8s d\u2019un \u00e9chantillon de 1 005 repr\u00e9sentatifs de la population fran\u00e7aise \u00e2g\u00e9e de 18 ans et plus interrog\u00e9s par internet du 23 au 24 octobre 2024.<\/p>\n\n\n\n<div class=\"wp-block-buttons is-layout-flex wp-container-core-buttons-is-layout-c07eda73 wp-block-buttons-is-layout-flex\">\n<div class=\"wp-block-button is-style-fill\"><a class=\"wp-block-button__link has-text-align-center wp-element-button\" href=\"https:\/\/group.voltalis.com\/wp-content\/uploads\/2024\/11\/Infographie-nov-2024-Voltalis.pdf\" target=\"_blank\" rel=\" noreferrer noopener nofollow\">Acc\u00e9der \u00e0 l&rsquo;infographie<\/a><\/div>\n<\/div>\n\n\n\n<div style=\"height:38px\" aria-hidden=\"true\" class=\"wp-block-spacer\"><\/div>\n\n\n\n<p class=\"has-text-align-center\"><strong>Contact presse&nbsp;:<\/strong><\/p>\n\n\n\n<figure class=\"wp-block-table\"><table class=\"has-fixed-layout\"><tbody><tr><td class=\"has-text-align-center\" data-align=\"center\">Clara FLORE &#8211; Agence de Relations Presse Shan<br>voltalis@shan.fr \u2013 06 16 04 64 33<\/td><\/tr><\/tbody><\/table><\/figure>\n\n\n\n<p><\/p>\n","protected":false},"excerpt":{"rendered":"<p>Interrog\u00e9s sur l\u2019\u00e9volution de leur facture d\u2019\u00e9nergie, dans le cadre de la deuxi\u00e8me \u00e9dition du sondage Odoxa pour Voltalis, r\u00e9alis\u00e9e en octobre 2024[1], les Fran\u00e7ais estiment avoir vu celle-ci grimper de 213 \u20ac en moyenne en cours de l\u2019ann\u00e9e \u00e9coul\u00e9e. Pour 1 Fran\u00e7ais sur 5, cette hausse a m\u00eame d\u00e9pass\u00e9 les 500 euros, un chiffre [&hellip;]<\/p>\n","protected":false},"author":9,"featured_media":0,"comment_status":"closed","ping_status":"closed","sticky":false,"template":"","format":"standard","meta":{"_acf_changed":false,"inline_featured_image":false,"footnotes":""},"categories":[198,3],"tags":[],"class_list":["post-9921","post","type-post","status-publish","format-standard","hentry","category-particuliers","category-communiques-de-presse"],"acf":[],"yoast_head":"<!-- This site is optimized with the Yoast SEO plugin v27.5 - https:\/\/yoast.com\/product\/yoast-seo-wordpress\/ -->\n<title>Sondage ODOXA - 2e \u00e9dition : Les Fran\u00e7ais estiment \u00e0 213 \u20ac la hausse moyenne de leur facture d\u2019\u00e9nergie sur 1 an et 4 sur 10 craignent de ne pas pouvoir la payer cet hiver - Groupe Voltalis<\/title>\n<meta name=\"robots\" content=\"index, follow, max-snippet:-1, max-image-preview:large, max-video-preview:-1\" \/>\n<link rel=\"canonical\" href=\"https:\/\/group.voltalis.com\/fr\/type-de-contenu\/communiques-de-presse\/sondage-odoxa-2e-edition-francais-facture-energie-9921\" \/>\n<meta property=\"og:locale\" content=\"fr_FR\" \/>\n<meta property=\"og:type\" content=\"article\" \/>\n<meta property=\"og:title\" content=\"Sondage ODOXA - 2e \u00e9dition : Les Fran\u00e7ais estiment \u00e0 213 \u20ac la hausse moyenne de leur facture d\u2019\u00e9nergie sur 1 an et 4 sur 10 craignent de ne pas pouvoir la payer cet hiver - Groupe Voltalis\" \/>\n<meta property=\"og:description\" content=\"Interrog\u00e9s sur l\u2019\u00e9volution de leur facture d\u2019\u00e9nergie, dans le cadre de la deuxi\u00e8me \u00e9dition du sondage Odoxa pour Voltalis, r\u00e9alis\u00e9e en octobre 2024[1], les Fran\u00e7ais estiment avoir vu celle-ci grimper de 213 \u20ac en moyenne en cours de l\u2019ann\u00e9e \u00e9coul\u00e9e. Pour 1 Fran\u00e7ais sur 5, cette hausse a m\u00eame d\u00e9pass\u00e9 les 500 euros, un chiffre [&hellip;]\" \/>\n<meta property=\"og:url\" content=\"https:\/\/group.voltalis.com\/fr\/type-de-contenu\/communiques-de-presse\/sondage-odoxa-2e-edition-francais-facture-energie-9921\" \/>\n<meta property=\"og:site_name\" content=\"Groupe Voltalis\" \/>\n<meta property=\"article:publisher\" content=\"https:\/\/www.facebook.com\/pages\/category\/Product-Service\/Voltalis-178720392179068\/\" \/>\n<meta property=\"article:published_time\" content=\"2024-11-27T15:53:27+00:00\" \/>\n<meta property=\"article:modified_time\" content=\"2025-09-04T13:10:20+00:00\" \/>\n<meta name=\"author\" content=\"Emma Corson\" \/>\n<meta name=\"twitter:card\" content=\"summary_large_image\" \/>\n<meta name=\"twitter:label1\" content=\"\u00c9crit par\" \/>\n\t<meta name=\"twitter:data1\" content=\"Emma Corson\" \/>\n\t<meta name=\"twitter:label2\" content=\"Dur\u00e9e de lecture estim\u00e9e\" \/>\n\t<meta name=\"twitter:data2\" content=\"3 minutes\" \/>\n<script type=\"application\/ld+json\" class=\"yoast-schema-graph\">{\"@context\":\"https:\\\/\\\/schema.org\",\"@graph\":[{\"@type\":\"Article\",\"@id\":\"https:\\\/\\\/group.voltalis.com\\\/fr\\\/type-de-contenu\\\/communiques-de-presse\\\/sondage-odoxa-2e-edition-francais-facture-energie-9921#article\",\"isPartOf\":{\"@id\":\"https:\\\/\\\/group.voltalis.com\\\/fr\\\/type-de-contenu\\\/communiques-de-presse\\\/sondage-odoxa-2e-edition-francais-facture-energie-9921\"},\"author\":{\"name\":\"Emma Corson\",\"@id\":\"https:\\\/\\\/group.voltalis.com\\\/en\\\/#\\\/schema\\\/person\\\/0b72ec21cac86d7e1ad1f55c96e0056e\"},\"headline\":\"Sondage ODOXA &#8211; 2e \u00e9dition : Les Fran\u00e7ais estiment \u00e0 213 \u20ac la hausse moyenne de leur facture d\u2019\u00e9nergie sur 1 an et 4 sur 10 craignent de ne pas pouvoir la payer cet hiver\",\"datePublished\":\"2024-11-27T15:53:27+00:00\",\"dateModified\":\"2025-09-04T13:10:20+00:00\",\"mainEntityOfPage\":{\"@id\":\"https:\\\/\\\/group.voltalis.com\\\/fr\\\/type-de-contenu\\\/communiques-de-presse\\\/sondage-odoxa-2e-edition-francais-facture-energie-9921\"},\"wordCount\":780,\"articleSection\":[\"Particuliers\",\"Communiqu\u00e9s\"],\"inLanguage\":\"fr-FR\"},{\"@type\":\"WebPage\",\"@id\":\"https:\\\/\\\/group.voltalis.com\\\/fr\\\/type-de-contenu\\\/communiques-de-presse\\\/sondage-odoxa-2e-edition-francais-facture-energie-9921\",\"url\":\"https:\\\/\\\/group.voltalis.com\\\/fr\\\/type-de-contenu\\\/communiques-de-presse\\\/sondage-odoxa-2e-edition-francais-facture-energie-9921\",\"name\":\"Sondage ODOXA - 2e \u00e9dition : Les Fran\u00e7ais estiment \u00e0 213 \u20ac la hausse moyenne de leur facture d\u2019\u00e9nergie sur 1 an et 4 sur 10 craignent de ne pas pouvoir la payer cet hiver - Groupe Voltalis\",\"isPartOf\":{\"@id\":\"https:\\\/\\\/group.voltalis.com\\\/en\\\/#website\"},\"datePublished\":\"2024-11-27T15:53:27+00:00\",\"dateModified\":\"2025-09-04T13:10:20+00:00\",\"author\":{\"@id\":\"https:\\\/\\\/group.voltalis.com\\\/en\\\/#\\\/schema\\\/person\\\/0b72ec21cac86d7e1ad1f55c96e0056e\"},\"breadcrumb\":{\"@id\":\"https:\\\/\\\/group.voltalis.com\\\/fr\\\/type-de-contenu\\\/communiques-de-presse\\\/sondage-odoxa-2e-edition-francais-facture-energie-9921#breadcrumb\"},\"inLanguage\":\"fr-FR\",\"potentialAction\":[{\"@type\":\"ReadAction\",\"target\":[\"https:\\\/\\\/group.voltalis.com\\\/fr\\\/type-de-contenu\\\/communiques-de-presse\\\/sondage-odoxa-2e-edition-francais-facture-energie-9921\"]}]},{\"@type\":\"BreadcrumbList\",\"@id\":\"https:\\\/\\\/group.voltalis.com\\\/fr\\\/type-de-contenu\\\/communiques-de-presse\\\/sondage-odoxa-2e-edition-francais-facture-energie-9921#breadcrumb\",\"itemListElement\":[{\"@type\":\"ListItem\",\"position\":1,\"name\":\"Home\",\"item\":\"https:\\\/\\\/group.voltalis.com\\\/fr\"},{\"@type\":\"ListItem\",\"position\":2,\"name\":\"Sondage ODOXA &#8211; 2e \u00e9dition : Les Fran\u00e7ais estiment \u00e0 213 \u20ac la hausse moyenne de leur facture d\u2019\u00e9nergie sur 1 an et 4 sur 10 craignent de ne pas pouvoir la payer cet hiver\"}]},{\"@type\":\"WebSite\",\"@id\":\"https:\\\/\\\/group.voltalis.com\\\/en\\\/#website\",\"url\":\"https:\\\/\\\/group.voltalis.com\\\/en\\\/\",\"name\":\"Groupe Voltalis\",\"description\":\"Bien plus que des \u00e9conomies d&#039;\u00e9nergie\",\"potentialAction\":[{\"@type\":\"SearchAction\",\"target\":{\"@type\":\"EntryPoint\",\"urlTemplate\":\"https:\\\/\\\/group.voltalis.com\\\/en\\\/?s={search_term_string}\"},\"query-input\":{\"@type\":\"PropertyValueSpecification\",\"valueRequired\":true,\"valueName\":\"search_term_string\"}}],\"inLanguage\":\"fr-FR\"},{\"@type\":\"Person\",\"@id\":\"https:\\\/\\\/group.voltalis.com\\\/en\\\/#\\\/schema\\\/person\\\/0b72ec21cac86d7e1ad1f55c96e0056e\",\"name\":\"Emma Corson\",\"image\":{\"@type\":\"ImageObject\",\"inLanguage\":\"fr-FR\",\"@id\":\"https:\\\/\\\/secure.gravatar.com\\\/avatar\\\/c31b10fc9fd80670f3cae550df1692fb6e6f5a3e2941ed270ec82834eeefc649?s=96&d=mm&r=g\",\"url\":\"https:\\\/\\\/secure.gravatar.com\\\/avatar\\\/c31b10fc9fd80670f3cae550df1692fb6e6f5a3e2941ed270ec82834eeefc649?s=96&d=mm&r=g\",\"contentUrl\":\"https:\\\/\\\/secure.gravatar.com\\\/avatar\\\/c31b10fc9fd80670f3cae550df1692fb6e6f5a3e2941ed270ec82834eeefc649?s=96&d=mm&r=g\",\"caption\":\"Emma Corson\"},\"url\":\"https:\\\/\\\/group.voltalis.com\\\/fr\\\/author\\\/emma-corson\"}]}<\/script>\n<!-- \/ Yoast SEO plugin. -->","yoast_head_json":{"title":"Sondage ODOXA - 2e \u00e9dition : Les Fran\u00e7ais estiment \u00e0 213 \u20ac la hausse moyenne de leur facture d\u2019\u00e9nergie sur 1 an et 4 sur 10 craignent de ne pas pouvoir la payer cet hiver - Groupe Voltalis","robots":{"index":"index","follow":"follow","max-snippet":"max-snippet:-1","max-image-preview":"max-image-preview:large","max-video-preview":"max-video-preview:-1"},"canonical":"https:\/\/group.voltalis.com\/fr\/type-de-contenu\/communiques-de-presse\/sondage-odoxa-2e-edition-francais-facture-energie-9921","og_locale":"fr_FR","og_type":"article","og_title":"Sondage ODOXA - 2e \u00e9dition : Les Fran\u00e7ais estiment \u00e0 213 \u20ac la hausse moyenne de leur facture d\u2019\u00e9nergie sur 1 an et 4 sur 10 craignent de ne pas pouvoir la payer cet hiver - Groupe Voltalis","og_description":"Interrog\u00e9s sur l\u2019\u00e9volution de leur facture d\u2019\u00e9nergie, dans le cadre de la deuxi\u00e8me \u00e9dition du sondage Odoxa pour Voltalis, r\u00e9alis\u00e9e en octobre 2024[1], les Fran\u00e7ais estiment avoir vu celle-ci grimper de 213 \u20ac en moyenne en cours de l\u2019ann\u00e9e \u00e9coul\u00e9e. Pour 1 Fran\u00e7ais sur 5, cette hausse a m\u00eame d\u00e9pass\u00e9 les 500 euros, un chiffre [&hellip;]","og_url":"https:\/\/group.voltalis.com\/fr\/type-de-contenu\/communiques-de-presse\/sondage-odoxa-2e-edition-francais-facture-energie-9921","og_site_name":"Groupe Voltalis","article_publisher":"https:\/\/www.facebook.com\/pages\/category\/Product-Service\/Voltalis-178720392179068\/","article_published_time":"2024-11-27T15:53:27+00:00","article_modified_time":"2025-09-04T13:10:20+00:00","author":"Emma Corson","twitter_card":"summary_large_image","twitter_misc":{"\u00c9crit par":"Emma Corson","Dur\u00e9e de lecture estim\u00e9e":"3 minutes"},"schema":{"@context":"https:\/\/schema.org","@graph":[{"@type":"Article","@id":"https:\/\/group.voltalis.com\/fr\/type-de-contenu\/communiques-de-presse\/sondage-odoxa-2e-edition-francais-facture-energie-9921#article","isPartOf":{"@id":"https:\/\/group.voltalis.com\/fr\/type-de-contenu\/communiques-de-presse\/sondage-odoxa-2e-edition-francais-facture-energie-9921"},"author":{"name":"Emma Corson","@id":"https:\/\/group.voltalis.com\/en\/#\/schema\/person\/0b72ec21cac86d7e1ad1f55c96e0056e"},"headline":"Sondage ODOXA &#8211; 2e \u00e9dition : Les Fran\u00e7ais estiment \u00e0 213 \u20ac la hausse moyenne de leur facture d\u2019\u00e9nergie sur 1 an et 4 sur 10 craignent de ne pas pouvoir la payer cet hiver","datePublished":"2024-11-27T15:53:27+00:00","dateModified":"2025-09-04T13:10:20+00:00","mainEntityOfPage":{"@id":"https:\/\/group.voltalis.com\/fr\/type-de-contenu\/communiques-de-presse\/sondage-odoxa-2e-edition-francais-facture-energie-9921"},"wordCount":780,"articleSection":["Particuliers","Communiqu\u00e9s"],"inLanguage":"fr-FR"},{"@type":"WebPage","@id":"https:\/\/group.voltalis.com\/fr\/type-de-contenu\/communiques-de-presse\/sondage-odoxa-2e-edition-francais-facture-energie-9921","url":"https:\/\/group.voltalis.com\/fr\/type-de-contenu\/communiques-de-presse\/sondage-odoxa-2e-edition-francais-facture-energie-9921","name":"Sondage ODOXA - 2e \u00e9dition : Les Fran\u00e7ais estiment \u00e0 213 \u20ac la hausse moyenne de leur facture d\u2019\u00e9nergie sur 1 an et 4 sur 10 craignent de ne pas pouvoir la payer cet hiver - Groupe Voltalis","isPartOf":{"@id":"https:\/\/group.voltalis.com\/en\/#website"},"datePublished":"2024-11-27T15:53:27+00:00","dateModified":"2025-09-04T13:10:20+00:00","author":{"@id":"https:\/\/group.voltalis.com\/en\/#\/schema\/person\/0b72ec21cac86d7e1ad1f55c96e0056e"},"breadcrumb":{"@id":"https:\/\/group.voltalis.com\/fr\/type-de-contenu\/communiques-de-presse\/sondage-odoxa-2e-edition-francais-facture-energie-9921#breadcrumb"},"inLanguage":"fr-FR","potentialAction":[{"@type":"ReadAction","target":["https:\/\/group.voltalis.com\/fr\/type-de-contenu\/communiques-de-presse\/sondage-odoxa-2e-edition-francais-facture-energie-9921"]}]},{"@type":"BreadcrumbList","@id":"https:\/\/group.voltalis.com\/fr\/type-de-contenu\/communiques-de-presse\/sondage-odoxa-2e-edition-francais-facture-energie-9921#breadcrumb","itemListElement":[{"@type":"ListItem","position":1,"name":"Home","item":"https:\/\/group.voltalis.com\/fr"},{"@type":"ListItem","position":2,"name":"Sondage ODOXA &#8211; 2e \u00e9dition : Les Fran\u00e7ais estiment \u00e0 213 \u20ac la hausse moyenne de leur facture d\u2019\u00e9nergie sur 1 an et 4 sur 10 craignent de ne pas pouvoir la payer cet hiver"}]},{"@type":"WebSite","@id":"https:\/\/group.voltalis.com\/en\/#website","url":"https:\/\/group.voltalis.com\/en\/","name":"Groupe Voltalis","description":"Bien plus que des \u00e9conomies d&#039;\u00e9nergie","potentialAction":[{"@type":"SearchAction","target":{"@type":"EntryPoint","urlTemplate":"https:\/\/group.voltalis.com\/en\/?s={search_term_string}"},"query-input":{"@type":"PropertyValueSpecification","valueRequired":true,"valueName":"search_term_string"}}],"inLanguage":"fr-FR"},{"@type":"Person","@id":"https:\/\/group.voltalis.com\/en\/#\/schema\/person\/0b72ec21cac86d7e1ad1f55c96e0056e","name":"Emma Corson","image":{"@type":"ImageObject","inLanguage":"fr-FR","@id":"https:\/\/secure.gravatar.com\/avatar\/c31b10fc9fd80670f3cae550df1692fb6e6f5a3e2941ed270ec82834eeefc649?s=96&d=mm&r=g","url":"https:\/\/secure.gravatar.com\/avatar\/c31b10fc9fd80670f3cae550df1692fb6e6f5a3e2941ed270ec82834eeefc649?s=96&d=mm&r=g","contentUrl":"https:\/\/secure.gravatar.com\/avatar\/c31b10fc9fd80670f3cae550df1692fb6e6f5a3e2941ed270ec82834eeefc649?s=96&d=mm&r=g","caption":"Emma Corson"},"url":"https:\/\/group.voltalis.com\/fr\/author\/emma-corson"}]}},"_links":{"self":[{"href":"https:\/\/group.voltalis.com\/fr\/wp-json\/wp\/v2\/posts\/9921","targetHints":{"allow":["GET"]}}],"collection":[{"href":"https:\/\/group.voltalis.com\/fr\/wp-json\/wp\/v2\/posts"}],"about":[{"href":"https:\/\/group.voltalis.com\/fr\/wp-json\/wp\/v2\/types\/post"}],"author":[{"embeddable":true,"href":"https:\/\/group.voltalis.com\/fr\/wp-json\/wp\/v2\/users\/9"}],"replies":[{"embeddable":true,"href":"https:\/\/group.voltalis.com\/fr\/wp-json\/wp\/v2\/comments?post=9921"}],"version-history":[{"count":14,"href":"https:\/\/group.voltalis.com\/fr\/wp-json\/wp\/v2\/posts\/9921\/revisions"}],"predecessor-version":[{"id":9945,"href":"https:\/\/group.voltalis.com\/fr\/wp-json\/wp\/v2\/posts\/9921\/revisions\/9945"}],"wp:attachment":[{"href":"https:\/\/group.voltalis.com\/fr\/wp-json\/wp\/v2\/media?parent=9921"}],"wp:term":[{"taxonomy":"category","embeddable":true,"href":"https:\/\/group.voltalis.com\/fr\/wp-json\/wp\/v2\/categories?post=9921"},{"taxonomy":"post_tag","embeddable":true,"href":"https:\/\/group.voltalis.com\/fr\/wp-json\/wp\/v2\/tags?post=9921"}],"curies":[{"name":"wp","href":"https:\/\/api.w.org\/{rel}","templated":true}]}}